{"id":59117,"date":"2026-09-05T23:01:34","date_gmt":"2026-09-06T05:01:34","guid":{"rendered":"https:\/\/reporterosdelsur.org\/diario\/?p=59117"},"modified":"2026-09-05T23:01:37","modified_gmt":"2026-09-06T05:01:37","slug":"pemex-y-el-stprm-acuerdan-aumento-salarial-de-4-y-2-en-prestaciones-asi-como-3-12-en-gas-y-gasolina","status":"publish","type":"post","link":"https:\/\/reporterosdelsur.org\/diario\/2026\/09\/pemex-y-el-stprm-acuerdan-aumento-salarial-de-4-y-2-en-prestaciones-asi-como-3-12-en-gas-y-gasolina\/","title":{"rendered":"Pemex y el STPRM acuerdan aumento salarial de 4% y 2% en prestaciones, as\u00ed como 3.12% en gas y gasolina\u2026"},"content":{"rendered":"\n<p class=\"has-large-font-size wp-block-paragraph\"><strong>Adem\u00e1s, un ajuste adicional de 5% al salario tabulado a partir de 2027<\/strong><\/p>\n\n\n\n<p class=\"has-text-align-center wp-block-paragraph\"><strong>CIUDAD DE M\u00c9XICO <\/strong><br>Petr\u00f3leos Mexicanos (Pemex) y el Sindicato de Trabajadores Petroleros de la Rep\u00fablica Mexicana (STPRM) firmaron el Acta de Conclusi\u00f3n de los Trabajos de la Revisi\u00f3n Salarial 2026-2027, como resultado del proceso de negociaci\u00f3n llevado a cabo entre ambas partes.<\/p>\n\n\n\n<p class=\"wp-block-paragraph\">En este marco, se acord\u00f3 otorgar un 4% de incremento al salario ordinario y 2% a prestaciones, a partir del 1 de agosto de 2026. Adicionalmente, se otorga un incremento del 3.12% a las prestaciones de gas y gasolina, conforme al \u00cdndice Nacional de Precios al Consumidor (INPC).&nbsp;<\/p>\n\n\n\n<figure class=\"wp-block-image size-large\"><img loading=\"lazy\" decoding=\"async\" width=\"1024\" height=\"718\" src=\"https:\/\/reporterosdelsur.org\/diario\/wp-content\/uploads\/2026\/09\/x1-1024x718.jpeg\" alt=\"\" class=\"wp-image-59119\" srcset=\"https:\/\/reporterosdelsur.org\/diario\/wp-content\/uploads\/2026\/09\/x1-1024x718.jpeg 1024w, https:\/\/reporterosdelsur.org\/diario\/wp-content\/uploads\/2026\/09\/x1-300x210.jpeg 300w, https:\/\/reporterosdelsur.org\/diario\/wp-content\/uploads\/2026\/09\/x1-768x539.jpeg 768w, https:\/\/reporterosdelsur.org\/diario\/wp-content\/uploads\/2026\/09\/x1-1536x1078.jpeg 1536w, https:\/\/reporterosdelsur.org\/diario\/wp-content\/uploads\/2026\/09\/x1-2048x1437.jpeg 2048w, https:\/\/reporterosdelsur.org\/diario\/wp-content\/uploads\/2026\/09\/x1-465x326.jpeg 465w, https:\/\/reporterosdelsur.org\/diario\/wp-content\/uploads\/2026\/09\/x1-695x488.jpeg 695w\" sizes=\"auto, (max-width: 1024px) 100vw, 1024px\" \/><\/figure>\n\n\n\n<p class=\"wp-block-paragraph\">De igual forma se convino que a partir del 1 de enero de 2027, se ajuste el salario tabulado con un 5 % adicional, lo cual representa un incremento en promedio del 1.5 %, por las repercusiones que aplican a los conceptos de pago que se calculan sobre el salario tabulado.<\/p>\n\n\n\n<p class=\"wp-block-paragraph\">El director general de Pemex, Juan Carlos Carpio Fragoso, afirm\u00f3 que la Empresa P\u00fablica del Estado trabaja para administrar responsablemente los recursos, fortalecer las capacidades t\u00e9cnicas y financieras de la empresa, as\u00ed como la seguridad y el bienestar de su personal.<\/p>\n\n\n\n<figure class=\"wp-block-image size-large\"><img loading=\"lazy\" decoding=\"async\" width=\"1024\" height=\"551\" src=\"https:\/\/reporterosdelsur.org\/diario\/wp-content\/uploads\/2026\/09\/x2-1024x551.jpeg\" alt=\"\" class=\"wp-image-59120\" srcset=\"https:\/\/reporterosdelsur.org\/diario\/wp-content\/uploads\/2026\/09\/x2-1024x551.jpeg 1024w, https:\/\/reporterosdelsur.org\/diario\/wp-content\/uploads\/2026\/09\/x2-300x161.jpeg 300w, https:\/\/reporterosdelsur.org\/diario\/wp-content\/uploads\/2026\/09\/x2-768x413.jpeg 768w, https:\/\/reporterosdelsur.org\/diario\/wp-content\/uploads\/2026\/09\/x2-1536x826.jpeg 1536w, https:\/\/reporterosdelsur.org\/diario\/wp-content\/uploads\/2026\/09\/x2-2048x1102.jpeg 2048w, https:\/\/reporterosdelsur.org\/diario\/wp-content\/uploads\/2026\/09\/x2-465x250.jpeg 465w, https:\/\/reporterosdelsur.org\/diario\/wp-content\/uploads\/2026\/09\/x2-695x374.jpeg 695w\" sizes=\"auto, (max-width: 1024px) 100vw, 1024px\" \/><\/figure>\n\n\n\n<p class=\"wp-block-paragraph\">\u201cLa encomienda de la presidenta de M\u00e9xico, Claudia Sheinbaum Pardo, es clara: fortalecer a Petr\u00f3leos Mexicanos y contribuir a garantizar la soberan\u00eda energ\u00e9tica de nuestra naci\u00f3n. Cumplirla requiere sumar capacidades, actuar con disciplina y mantener una visi\u00f3n com\u00fan, teniendo siempre presente que nuestra principal responsabilidad es con M\u00e9xico\u201d, expres\u00f3 en el evento realizado en el \u201cAuditorio 18 de Marzo\u201d.<\/p>\n\n\n\n<p class=\"wp-block-paragraph\">Refiri\u00f3 que el proceso de revisi\u00f3n salarial permiti\u00f3 a la empresa y a la representaci\u00f3n sindical intercambiar puntos de vista, construir acuerdos con responsabilidad \u201cy nos confirma que el di\u00e1logo debe ser una pr\u00e1ctica permanente para enfrentar juntos los retos de Pemex\u201d.<\/p>\n\n\n\n<figure class=\"wp-block-image size-large\"><img loading=\"lazy\" decoding=\"async\" width=\"1024\" height=\"630\" src=\"https:\/\/reporterosdelsur.org\/diario\/wp-content\/uploads\/2026\/09\/x4-1024x630.jpeg\" alt=\"\" class=\"wp-image-59121\" srcset=\"https:\/\/reporterosdelsur.org\/diario\/wp-content\/uploads\/2026\/09\/x4-1024x630.jpeg 1024w, https:\/\/reporterosdelsur.org\/diario\/wp-content\/uploads\/2026\/09\/x4-300x184.jpeg 300w, https:\/\/reporterosdelsur.org\/diario\/wp-content\/uploads\/2026\/09\/x4-768x472.jpeg 768w, https:\/\/reporterosdelsur.org\/diario\/wp-content\/uploads\/2026\/09\/x4-1536x944.jpeg 1536w, https:\/\/reporterosdelsur.org\/diario\/wp-content\/uploads\/2026\/09\/x4-2048x1259.jpeg 2048w, https:\/\/reporterosdelsur.org\/diario\/wp-content\/uploads\/2026\/09\/x4-465x286.jpeg 465w, https:\/\/reporterosdelsur.org\/diario\/wp-content\/uploads\/2026\/09\/x4-695x427.jpeg 695w\" sizes=\"auto, (max-width: 1024px) 100vw, 1024px\" \/><\/figure>\n\n\n\n<p class=\"wp-block-paragraph\">Por su parte, el secretario general del STPRM, Luis Ricardo Aldana Prieto, reconoci\u00f3 la disposici\u00f3n del director general de Petr\u00f3leos Mexicanos para encontrar soluciones a los temas urgentes de las y los trabajadores. Agreg\u00f3, que durante el proceso de negociaci\u00f3n se gener\u00f3 el espacio necesario para construir el consenso, en el que ambas partes dialogaron con responsabilidad y madurez institucional.<\/p>\n\n\n\n<p class=\"wp-block-paragraph\">En su mensaje, expres\u00f3 su agradecimiento a la presidenta Claudia Sheinbaum \u201cpor su permanente inter\u00e9s en las condiciones de las y los trabajadores de Petr\u00f3leos Mexicanos y por su decidido compromiso en recuperar a la empresa como baluarte fundamental del desarrollo nacional\u201d.<\/p>\n\n\n\n<p class=\"wp-block-paragraph\">A su vez, la directora de Administraci\u00f3n y Servicios (DAS) de Pemex, Marcela Villegas Silva, precis\u00f3 que el incremento salarial representa un esfuerzo importante que reconoce la relevancia del trabajo y del compromiso de los trabajadores ante los retos que enfrenta la empresa, los cuales obligan a administrar los recursos con mayor disciplina, responsabilidad y una visi\u00f3n de largo plazo.<\/p>\n\n\n\n<p class=\"wp-block-paragraph\">Con este acuerdo, Pemex y el STPRM refrendan su disposici\u00f3n para mantener una relaci\u00f3n laboral basada en el di\u00e1logo, el respeto, el entendimiento y la responsabilidad compartida, dentro del marco de sus respectivas atribuciones y responsabilidades.<\/p>\n","protected":false},"excerpt":{"rendered":"<p>Adem\u00e1s, un ajuste adicional de 5% al salario tabulado a partir de 2027 CIUDAD DE M\u00c9XICO Petr\u00f3leos Mexicanos (Pemex) y el Sindicato de Trabajadores Petroleros de la Rep\u00fablica Mexicana (STPRM) firmaron el Acta de Conclusi\u00f3n de los Trabajos de la Revisi\u00f3n Salarial 2026-2027, como resultado del proceso de negociaci\u00f3n llevado<span class=\"more-link theme-more-link\"><a href=\"https:\/\/reporterosdelsur.org\/diario\/2026\/09\/pemex-y-el-stprm-acuerdan-aumento-salarial-de-4-y-2-en-prestaciones-asi-como-3-12-en-gas-y-gasolina\/\">Leer Nota Complete<\/a><\/span><\/p>\n","protected":false},"author":2,"featured_media":59118,"comment_status":"open","ping_status":"open","sticky":false,"template":"","format":"standard","meta":{"footnotes":"","jetpack_publicize_message":"","jetpack_publicize_feature_enabled":true,"jetpack_social_post_already_shared":true,"jetpack_social_options":{"image_generator_settings":{"template":"highway","default_image_id":0,"font":"","enabled":false},"version":2}},"categories":[6,3],"tags":[],"class_list":["entry","author-guza0892gmail-com","post-59117","post","type-post","status-publish","format-standard","has-post-thumbnail","category-destacado","category-mexico"],"jetpack_publicize_connections":[],"featured_image_urls":{"full":["https:\/\/reporterosdelsur.org\/diario\/wp-content\/uploads\/2026\/09\/x3.jpeg",2560,1625,false],"thumbnail":["https:\/\/reporterosdelsur.org\/diario\/wp-content\/uploads\/2026\/09\/x3-150x150.jpeg",150,150,true],"medium":["https:\/\/reporterosdelsur.org\/diario\/wp-content\/uploads\/2026\/09\/x3-300x190.jpeg",300,190,true],"medium_large":["https:\/\/reporterosdelsur.org\/diario\/wp-content\/uploads\/2026\/09\/x3-768x488.jpeg",768,488,true],"large":["https:\/\/reporterosdelsur.org\/diario\/wp-content\/uploads\/2026\/09\/x3-1024x650.jpeg",1024,650,true],"1536x1536":["https:\/\/reporterosdelsur.org\/diario\/wp-content\/uploads\/2026\/09\/x3-1536x975.jpeg",1536,975,true],"2048x2048":["https:\/\/reporterosdelsur.org\/diario\/wp-content\/uploads\/2026\/09\/x3-2048x1300.jpeg",2048,1300,true],"ultp_layout_landscape_large":["https:\/\/reporterosdelsur.org\/diario\/wp-content\/uploads\/2026\/09\/x3-1200x800.jpeg",1200,800,true],"ultp_layout_landscape":["https:\/\/reporterosdelsur.org\/diario\/wp-content\/uploads\/2026\/09\/x3-870x570.jpeg",870,570,true],"ultp_layout_portrait":["https:\/\/reporterosdelsur.org\/diario\/wp-content\/uploads\/2026\/09\/x3-600x900.jpeg",600,900,true],"ultp_layout_square":["https:\/\/reporterosdelsur.org\/diario\/wp-content\/uploads\/2026\/09\/x3-600x600.jpeg",600,600,true],"hoot-medium-thumb":["https:\/\/reporterosdelsur.org\/diario\/wp-content\/uploads\/2026\/09\/x3-460x400.jpeg",460,400,true],"hoot-preview":["https:\/\/reporterosdelsur.org\/diario\/wp-content\/uploads\/2026\/09\/x3-465x295.jpeg",465,295,true],"hoot-preview-thumb":["https:\/\/reporterosdelsur.org\/diario\/wp-content\/uploads\/2026\/09\/x3-465x550.jpeg",465,550,true],"hoot-large-thumb":["https:\/\/reporterosdelsur.org\/diario\/wp-content\/uploads\/2026\/09\/x3-690x550.jpeg",690,550,true],"hoot-preview-large":["https:\/\/reporterosdelsur.org\/diario\/wp-content\/uploads\/2026\/09\/x3-695x441.jpeg",695,441,true],"hoot-wide-thumb":["https:\/\/reporterosdelsur.org\/diario\/wp-content\/uploads\/2026\/09\/x3-920x425.jpeg",920,425,true],"hoot-extra-wide-thumb":["https:\/\/reporterosdelsur.org\/diario\/wp-content\/uploads\/2026\/09\/x3-1035x425.jpeg",1035,425,true]},"author_info":{"display_name":"Reporteros del Sur","author_link":"https:\/\/reporterosdelsur.org\/diario\/author\/guza0892gmail-com\/"},"category_info":"<a href=\"https:\/\/reporterosdelsur.org\/diario\/category\/destacado\/\" rel=\"category tag\">Destacado<\/a> <a href=\"https:\/\/reporterosdelsur.org\/diario\/category\/mexico\/\" rel=\"category tag\">M\u00e9xico<\/a>","tag_info":"M\u00e9xico","comment_count":"0","_links":{"self":[{"href":"https:\/\/reporterosdelsur.org\/diario\/wp-json\/wp\/v2\/posts\/59117","targetHints":{"allow":["GET"]}}],"collection":[{"href":"https:\/\/reporterosdelsur.org\/diario\/wp-json\/wp\/v2\/posts"}],"about":[{"href":"https:\/\/reporterosdelsur.org\/diario\/wp-json\/wp\/v2\/types\/post"}],"author":[{"embeddable":true,"href":"https:\/\/reporterosdelsur.org\/diario\/wp-json\/wp\/v2\/users\/2"}],"replies":[{"embeddable":true,"href":"https:\/\/reporterosdelsur.org\/diario\/wp-json\/wp\/v2\/comments?post=59117"}],"version-history":[{"count":1,"href":"https:\/\/reporterosdelsur.org\/diario\/wp-json\/wp\/v2\/posts\/59117\/revisions"}],"predecessor-version":[{"id":59122,"href":"https:\/\/reporterosdelsur.org\/diario\/wp-json\/wp\/v2\/posts\/59117\/revisions\/59122"}],"wp:featuredmedia":[{"embeddable":true,"href":"https:\/\/reporterosdelsur.org\/diario\/wp-json\/wp\/v2\/media\/59118"}],"wp:attachment":[{"href":"https:\/\/reporterosdelsur.org\/diario\/wp-json\/wp\/v2\/media?parent=59117"}],"wp:term":[{"taxonomy":"category","embeddable":true,"href":"https:\/\/reporterosdelsur.org\/diario\/wp-json\/wp\/v2\/categories?post=59117"},{"taxonomy":"post_tag","embeddable":true,"href":"https:\/\/reporterosdelsur.org\/diario\/wp-json\/wp\/v2\/tags?post=59117"}],"curies":[{"name":"wp","href":"https:\/\/api.w.org\/{rel}","templated":true}]}}