{"id":59110,"date":"2026-09-05T18:39:12","date_gmt":"2026-09-06T00:39:12","guid":{"rendered":"https:\/\/reporterosdelsur.org\/diario\/?p=59110"},"modified":"2026-09-05T18:39:15","modified_gmt":"2026-09-06T00:39:15","slug":"arrancan-trabajos-del-primer-periodo-ordinario-de-sesiones-del-tercer-ano-de-la-lxv-legislatura","status":"publish","type":"post","link":"https:\/\/reporterosdelsur.org\/diario\/2026\/09\/arrancan-trabajos-del-primer-periodo-ordinario-de-sesiones-del-tercer-ano-de-la-lxv-legislatura\/","title":{"rendered":"Arrancan trabajos del Primer Per\u00edodo Ordinario de Sesiones del Tercer A\u00f1o de la LXV Legislatura&#8230;"},"content":{"rendered":"\n<p class=\"has-large-font-size wp-block-paragraph\"><strong>En representaci\u00f3n del gobernador, Javier May Rodr\u00edguez, asiste el Secretario de Gobierno, Jos\u00e9 Ramiro L\u00f3pez Obrador<\/strong><\/p>\n\n\n\n<p class=\"has-text-align-center wp-block-paragraph\"><strong>VILLAHERMOSA, TAB \u00a0<\/strong><\/p>\n\n\n\n<p class=\"wp-block-paragraph\">En Sesi\u00f3n P\u00fablica Ordinaria con Car\u00e1cter de Solemne, la presidenta de la Mesa Directiva Claudia Marcela V\u00e9lez Lanz, declar\u00f3 abiertos los trabajos del Primer Per\u00edodo Ordinario de Sesiones del Tercer A\u00f1o de Ejercicio Constitucional de la LXV Legislatura del H. Congreso del Estado de Tabasco que comprende del 5 de septiembre al 15 de diciembre del a\u00f1o 2026.<\/p>\n\n\n\n<figure class=\"wp-block-image size-large\"><img loading=\"lazy\" decoding=\"async\" width=\"1024\" height=\"682\" src=\"https:\/\/reporterosdelsur.org\/diario\/wp-content\/uploads\/2026\/09\/003-2-1024x682.jpg\" alt=\"\" class=\"wp-image-59113\" srcset=\"https:\/\/reporterosdelsur.org\/diario\/wp-content\/uploads\/2026\/09\/003-2-1024x682.jpg 1024w, https:\/\/reporterosdelsur.org\/diario\/wp-content\/uploads\/2026\/09\/003-2-300x200.jpg 300w, https:\/\/reporterosdelsur.org\/diario\/wp-content\/uploads\/2026\/09\/003-2-768x512.jpg 768w, https:\/\/reporterosdelsur.org\/diario\/wp-content\/uploads\/2026\/09\/003-2-1536x1023.jpg 1536w, https:\/\/reporterosdelsur.org\/diario\/wp-content\/uploads\/2026\/09\/003-2-1200x800.jpg 1200w, https:\/\/reporterosdelsur.org\/diario\/wp-content\/uploads\/2026\/09\/003-2-465x310.jpg 465w, https:\/\/reporterosdelsur.org\/diario\/wp-content\/uploads\/2026\/09\/003-2-695x463.jpg 695w, https:\/\/reporterosdelsur.org\/diario\/wp-content\/uploads\/2026\/09\/003-2.jpg 1600w\" sizes=\"auto, (max-width: 1024px) 100vw, 1024px\" \/><\/figure>\n\n\n\n<p class=\"wp-block-paragraph\">Dicho acto protocolario que se establece en la Constituci\u00f3n Pol\u00edtica del Estado Libre y Soberano de Tabasco y en la Ley Org\u00e1nica del Poder Legislativo del Estado de Tabasco fue atestiguado por el representante personal del Gobernador del Estado, Javier May Rodr\u00edguez, el Secretario de Gobierno, Jos\u00e9 Ramiro L\u00f3pez Obrador, as\u00ed como de la magistrada de la Primera Sala Penal y de Oralidad, Guadalupe Cadena S\u00e1nchez, quien acudi\u00f3 como representante personal del presidente del Tribunal Superior de Justicia del Estado, Efra\u00edn Res\u00e9ndez Bocanegra.<\/p>\n\n\n\n<figure class=\"wp-block-image size-large\"><img loading=\"lazy\" decoding=\"async\" width=\"1024\" height=\"682\" src=\"https:\/\/reporterosdelsur.org\/diario\/wp-content\/uploads\/2026\/09\/002-2-1024x682.jpg\" alt=\"\" class=\"wp-image-59112\" srcset=\"https:\/\/reporterosdelsur.org\/diario\/wp-content\/uploads\/2026\/09\/002-2-1024x682.jpg 1024w, https:\/\/reporterosdelsur.org\/diario\/wp-content\/uploads\/2026\/09\/002-2-300x200.jpg 300w, https:\/\/reporterosdelsur.org\/diario\/wp-content\/uploads\/2026\/09\/002-2-768x512.jpg 768w, https:\/\/reporterosdelsur.org\/diario\/wp-content\/uploads\/2026\/09\/002-2-1536x1023.jpg 1536w, https:\/\/reporterosdelsur.org\/diario\/wp-content\/uploads\/2026\/09\/002-2-1200x800.jpg 1200w, https:\/\/reporterosdelsur.org\/diario\/wp-content\/uploads\/2026\/09\/002-2-465x310.jpg 465w, https:\/\/reporterosdelsur.org\/diario\/wp-content\/uploads\/2026\/09\/002-2-695x463.jpg 695w, https:\/\/reporterosdelsur.org\/diario\/wp-content\/uploads\/2026\/09\/002-2.jpg 1600w\" sizes=\"auto, (max-width: 1024px) 100vw, 1024px\" \/><\/figure>\n\n\n\n<p class=\"wp-block-paragraph\">Como en toda Sesi\u00f3n con car\u00e1cter de Solemne, se nombr\u00f3 una Comisi\u00f3n de Cortes\u00eda encargada de trasladar a la entrada y salida del Recinto Legislativo a los representantes de los Poderes Ejecutivo y Judicial, la cual estuvo conformada por las y los legisladores Angela Avalos Jim\u00e9nez, Diana Eugenia Hern\u00e1ndez Gordillo, Gerardo Antonio Hern\u00e1ndez Alejandro, Jorge Su\u00e1rez Moreno, Alejandra Navez Plancarte, El\u00edas Othoniel Abtanaim Madera Cordero y Gerald Washington Herrera Castellanos.<\/p>\n\n\n\n<figure class=\"wp-block-image size-large\"><img loading=\"lazy\" decoding=\"async\" width=\"1024\" height=\"682\" src=\"https:\/\/reporterosdelsur.org\/diario\/wp-content\/uploads\/2026\/09\/006-1024x682.jpg\" alt=\"\" class=\"wp-image-59114\" srcset=\"https:\/\/reporterosdelsur.org\/diario\/wp-content\/uploads\/2026\/09\/006-1024x682.jpg 1024w, https:\/\/reporterosdelsur.org\/diario\/wp-content\/uploads\/2026\/09\/006-300x200.jpg 300w, https:\/\/reporterosdelsur.org\/diario\/wp-content\/uploads\/2026\/09\/006-768x512.jpg 768w, https:\/\/reporterosdelsur.org\/diario\/wp-content\/uploads\/2026\/09\/006-1536x1023.jpg 1536w, https:\/\/reporterosdelsur.org\/diario\/wp-content\/uploads\/2026\/09\/006-1200x800.jpg 1200w, https:\/\/reporterosdelsur.org\/diario\/wp-content\/uploads\/2026\/09\/006-465x310.jpg 465w, https:\/\/reporterosdelsur.org\/diario\/wp-content\/uploads\/2026\/09\/006-695x463.jpg 695w, https:\/\/reporterosdelsur.org\/diario\/wp-content\/uploads\/2026\/09\/006.jpg 1600w\" sizes=\"auto, (max-width: 1024px) 100vw, 1024px\" \/><\/figure>\n\n\n\n<figure class=\"wp-block-image size-large\"><img loading=\"lazy\" decoding=\"async\" width=\"1024\" height=\"682\" src=\"https:\/\/reporterosdelsur.org\/diario\/wp-content\/uploads\/2026\/09\/007-1024x682.jpg\" alt=\"\" class=\"wp-image-59115\" srcset=\"https:\/\/reporterosdelsur.org\/diario\/wp-content\/uploads\/2026\/09\/007-1024x682.jpg 1024w, https:\/\/reporterosdelsur.org\/diario\/wp-content\/uploads\/2026\/09\/007-300x200.jpg 300w, https:\/\/reporterosdelsur.org\/diario\/wp-content\/uploads\/2026\/09\/007-768x512.jpg 768w, https:\/\/reporterosdelsur.org\/diario\/wp-content\/uploads\/2026\/09\/007-1536x1023.jpg 1536w, https:\/\/reporterosdelsur.org\/diario\/wp-content\/uploads\/2026\/09\/007-1200x800.jpg 1200w, https:\/\/reporterosdelsur.org\/diario\/wp-content\/uploads\/2026\/09\/007-465x310.jpg 465w, https:\/\/reporterosdelsur.org\/diario\/wp-content\/uploads\/2026\/09\/007-695x463.jpg 695w, https:\/\/reporterosdelsur.org\/diario\/wp-content\/uploads\/2026\/09\/007.jpg 1600w\" sizes=\"auto, (max-width: 1024px) 100vw, 1024px\" \/><\/figure>\n\n\n\n<p class=\"wp-block-paragraph\">Ante los representantes de los Poderes Ejecutivo y Judicial, as\u00ed como de funcionarios de la administraci\u00f3n p\u00fablica del Estado, integrantes de la Mesa de Seguridad del Estado, alcaldes, senadores, dirigentes partidistas, representantes de \u00f3rganos electorales, invitados especiales y p\u00fablico en general, la diputada V\u00e9lez Lanz convoc\u00f3 a las y los presentes a realizar los honores correspondientes al l\u00e1baro patrio y entonaron el Himno Nacional Mexicano, los cuales fueron dirigidos por la Banda de Guerra de la Guardia Nacional y la Escolta del 37\u00ba Batall\u00f3n de Infanter\u00eda de la 30\u00aa Zona Militar.<\/p>\n\n\n\n<p class=\"wp-block-paragraph\">Finalmente, en su calidad de presidenta de la Mesa Directiva la diputada Claudia Marcela V\u00e9lez Lanz, clausur\u00f3 la Sesi\u00f3n de Apertura y convoc\u00f3 para la siguiente, misma que tendr\u00e1 el car\u00e1cter de Ordinaria y que se verificar\u00e1 a las 11:00 horas del martes 8 de septiembre, en el Sal\u00f3n de Sesiones del Recinto Legislativo<\/p>\n","protected":false},"excerpt":{"rendered":"<p>En representaci\u00f3n del gobernador, Javier May Rodr\u00edguez, asiste el Secretario de Gobierno, Jos\u00e9 Ramiro L\u00f3pez Obrador VILLAHERMOSA, TAB \u00a0 En Sesi\u00f3n P\u00fablica Ordinaria con Car\u00e1cter de Solemne, la presidenta de la Mesa Directiva Claudia Marcela V\u00e9lez Lanz, declar\u00f3 abiertos los trabajos del Primer Per\u00edodo Ordinario de Sesiones del Tercer A\u00f1o<span class=\"more-link theme-more-link\"><a href=\"https:\/\/reporterosdelsur.org\/diario\/2026\/09\/arrancan-trabajos-del-primer-periodo-ordinario-de-sesiones-del-tercer-ano-de-la-lxv-legislatura\/\">Leer Nota Complete<\/a><\/span><\/p>\n","protected":false},"author":2,"featured_media":59111,"comment_status":"open","ping_status":"open","sticky":false,"template":"","format":"standard","meta":{"footnotes":"","jetpack_publicize_message":"","jetpack_publicize_feature_enabled":true,"jetpack_social_post_already_shared":true,"jetpack_social_options":{"image_generator_settings":{"template":"highway","default_image_id":0,"font":"","enabled":false},"version":2}},"categories":[6,2],"tags":[],"class_list":["entry","author-guza0892gmail-com","post-59110","post","type-post","status-publish","format-standard","has-post-thumbnail","category-destacado","category-tabasco"],"jetpack_publicize_connections":[],"featured_image_urls":{"full":["https:\/\/reporterosdelsur.org\/diario\/wp-content\/uploads\/2026\/09\/001-2.jpg",1600,1066,false],"thumbnail":["https:\/\/reporterosdelsur.org\/diario\/wp-content\/uploads\/2026\/09\/001-2-150x150.jpg",150,150,true],"medium":["https:\/\/reporterosdelsur.org\/diario\/wp-content\/uploads\/2026\/09\/001-2-300x200.jpg",300,200,true],"medium_large":["https:\/\/reporterosdelsur.org\/diario\/wp-content\/uploads\/2026\/09\/001-2-768x512.jpg",768,512,true],"large":["https:\/\/reporterosdelsur.org\/diario\/wp-content\/uploads\/2026\/09\/001-2-1024x682.jpg",1024,682,true],"1536x1536":["https:\/\/reporterosdelsur.org\/diario\/wp-content\/uploads\/2026\/09\/001-2-1536x1023.jpg",1536,1023,true],"2048x2048":["https:\/\/reporterosdelsur.org\/diario\/wp-content\/uploads\/2026\/09\/001-2.jpg",1600,1066,false],"ultp_layout_landscape_large":["https:\/\/reporterosdelsur.org\/diario\/wp-content\/uploads\/2026\/09\/001-2-1200x800.jpg",1200,800,true],"ultp_layout_landscape":["https:\/\/reporterosdelsur.org\/diario\/wp-content\/uploads\/2026\/09\/001-2-870x570.jpg",870,570,true],"ultp_layout_portrait":["https:\/\/reporterosdelsur.org\/diario\/wp-content\/uploads\/2026\/09\/001-2-600x900.jpg",600,900,true],"ultp_layout_square":["https:\/\/reporterosdelsur.org\/diario\/wp-content\/uploads\/2026\/09\/001-2-600x600.jpg",600,600,true],"hoot-medium-thumb":["https:\/\/reporterosdelsur.org\/diario\/wp-content\/uploads\/2026\/09\/001-2-460x400.jpg",460,400,true],"hoot-preview":["https:\/\/reporterosdelsur.org\/diario\/wp-content\/uploads\/2026\/09\/001-2-465x310.jpg",465,310,true],"hoot-preview-thumb":["https:\/\/reporterosdelsur.org\/diario\/wp-content\/uploads\/2026\/09\/001-2-465x550.jpg",465,550,true],"hoot-large-thumb":["https:\/\/reporterosdelsur.org\/diario\/wp-content\/uploads\/2026\/09\/001-2-690x550.jpg",690,550,true],"hoot-preview-large":["https:\/\/reporterosdelsur.org\/diario\/wp-content\/uploads\/2026\/09\/001-2-695x463.jpg",695,463,true],"hoot-wide-thumb":["https:\/\/reporterosdelsur.org\/diario\/wp-content\/uploads\/2026\/09\/001-2-920x425.jpg",920,425,true],"hoot-extra-wide-thumb":["https:\/\/reporterosdelsur.org\/diario\/wp-content\/uploads\/2026\/09\/001-2-1035x425.jpg",1035,425,true]},"author_info":{"display_name":"Reporteros del Sur","author_link":"https:\/\/reporterosdelsur.org\/diario\/author\/guza0892gmail-com\/"},"category_info":"<a href=\"https:\/\/reporterosdelsur.org\/diario\/category\/destacado\/\" rel=\"category tag\">Destacado<\/a> <a href=\"https:\/\/reporterosdelsur.org\/diario\/category\/tabasco\/\" rel=\"category tag\">Tabasco<\/a>","tag_info":"Tabasco","comment_count":"0","_links":{"self":[{"href":"https:\/\/reporterosdelsur.org\/diario\/wp-json\/wp\/v2\/posts\/59110","targetHints":{"allow":["GET"]}}],"collection":[{"href":"https:\/\/reporterosdelsur.org\/diario\/wp-json\/wp\/v2\/posts"}],"about":[{"href":"https:\/\/reporterosdelsur.org\/diario\/wp-json\/wp\/v2\/types\/post"}],"author":[{"embeddable":true,"href":"https:\/\/reporterosdelsur.org\/diario\/wp-json\/wp\/v2\/users\/2"}],"replies":[{"embeddable":true,"href":"https:\/\/reporterosdelsur.org\/diario\/wp-json\/wp\/v2\/comments?post=59110"}],"version-history":[{"count":1,"href":"https:\/\/reporterosdelsur.org\/diario\/wp-json\/wp\/v2\/posts\/59110\/revisions"}],"predecessor-version":[{"id":59116,"href":"https:\/\/reporterosdelsur.org\/diario\/wp-json\/wp\/v2\/posts\/59110\/revisions\/59116"}],"wp:featuredmedia":[{"embeddable":true,"href":"https:\/\/reporterosdelsur.org\/diario\/wp-json\/wp\/v2\/media\/59111"}],"wp:attachment":[{"href":"https:\/\/reporterosdelsur.org\/diario\/wp-json\/wp\/v2\/media?parent=59110"}],"wp:term":[{"taxonomy":"category","embeddable":true,"href":"https:\/\/reporterosdelsur.org\/diario\/wp-json\/wp\/v2\/categories?post=59110"},{"taxonomy":"post_tag","embeddable":true,"href":"https:\/\/reporterosdelsur.org\/diario\/wp-json\/wp\/v2\/tags?post=59110"}],"curies":[{"name":"wp","href":"https:\/\/api.w.org\/{rel}","templated":true}]}}