{"id":59103,"date":"2026-09-05T18:07:15","date_gmt":"2026-09-06T00:07:15","guid":{"rendered":"https:\/\/reporterosdelsur.org\/diario\/?p=59103"},"modified":"2026-09-05T18:07:18","modified_gmt":"2026-09-06T00:07:18","slug":"corat-cumple-43-anos-de-informar-entretener-y-fomentar-cultura-tabasquena","status":"publish","type":"post","link":"https:\/\/reporterosdelsur.org\/diario\/2026\/09\/corat-cumple-43-anos-de-informar-entretener-y-fomentar-cultura-tabasquena\/","title":{"rendered":"CORAT cumple 43 a\u00f1os de informar, entretener y fomentar cultura tabasque\u00f1a&#8230;"},"content":{"rendered":"\n<p class=\"has-large-font-size wp-block-paragraph\">\u00a0<strong>En representaci\u00f3n del Gobernador Javier May Rodr\u00edguez, la secretaria de Cultura, A\u00edda Castillo Santiago, encabeza celebraci\u00f3n en la que se reconoci\u00f3 a trabajadores de la instituci\u00f3n<\/strong><\/p>\n\n\n\n<p class=\"has-large-font-size wp-block-paragraph\"><strong>\u00a0La Comisi\u00f3n no solamente vive en la radio y la televisi\u00f3n, sino que crece con fuerza en el mundo digital, destaca su director, H\u00e9ctor P\u00e9rez Ruiz<\/strong><\/p>\n\n\n\n<p class=\"has-text-align-center wp-block-paragraph\"><strong>VILLAHERMOSA, TAB<\/strong><\/p>\n\n\n\n<p class=\"wp-block-paragraph\">\u201cLa Comisi\u00f3n de Radio y Televisi\u00f3n de Tabasco (CORAT) tiene historia y futuro. Un futuro que debe construirse con innovaci\u00f3n, profesionalismo y el compromiso de mantener a Tabasco y a sus familias en el centro de su raz\u00f3n de ser\u201d, asegur\u00f3 la secretaria de Cultura, A\u00edda Elba Castillo Santiago.<\/p>\n\n\n\n<figure class=\"wp-block-embed is-type-rich is-provider-x wp-block-embed-x\"><div class=\"wp-block-embed__wrapper\">\n<blockquote class=\"twitter-tweet\" data-width=\"550\" data-dnt=\"true\"><p lang=\"es\" dir=\"ltr\">Celebramos el 43\u00b0 aniversario de la Comisi\u00f3n de Radio y Televisi\u00f3n de Tabasco (CORAT), un medio p\u00fablico comprometido con el pueblo tabasque\u00f1o, su identidad, su cultura, la difusi\u00f3n de sus tradiciones, adem\u00e1s del orgullo de ser de esta tierra y de esta agua. Deseamos que sean m\u00e1s\u2026 <a href=\"https:\/\/t.co\/osNbKQvkzG\">pic.twitter.com\/osNbKQvkzG<\/a><\/p>&mdash; JAVIER MAY (@TabascoJavier) <a href=\"https:\/\/x.com\/TabascoJavier\/status\/2096297927396229490?ref_src=twsrc%5Etfw\">September 5, 2026<\/a><\/blockquote><script async src=\"https:\/\/platform.x.com\/widgets.js\" charset=\"utf-8\"><\/script>\n<\/div><\/figure>\n\n\n\n<p class=\"wp-block-paragraph\">Al asistir en representaci\u00f3n del Gobernador Javier May Rodr\u00edguez a la ceremonia del 43 aniversario de la CORAT, subray\u00f3 que el Gobierno del Pueblo tiene una convicci\u00f3n clara: gobernar es escuchar, estar cerca y servir, y los medios p\u00fablicos acompa\u00f1an esa visi\u00f3n al reflejar la realidad de la gente y hacer accesibles la informaci\u00f3n y el conocimiento, asever\u00f3.<\/p>\n\n\n\n<figure class=\"wp-block-image size-large\"><img loading=\"lazy\" decoding=\"async\" width=\"1024\" height=\"682\" src=\"https:\/\/reporterosdelsur.org\/diario\/wp-content\/uploads\/2026\/09\/co3-1024x682.jpeg\" alt=\"\" class=\"wp-image-59108\" srcset=\"https:\/\/reporterosdelsur.org\/diario\/wp-content\/uploads\/2026\/09\/co3-1024x682.jpeg 1024w, https:\/\/reporterosdelsur.org\/diario\/wp-content\/uploads\/2026\/09\/co3-300x200.jpeg 300w, https:\/\/reporterosdelsur.org\/diario\/wp-content\/uploads\/2026\/09\/co3-768x512.jpeg 768w, https:\/\/reporterosdelsur.org\/diario\/wp-content\/uploads\/2026\/09\/co3-1200x800.jpeg 1200w, https:\/\/reporterosdelsur.org\/diario\/wp-content\/uploads\/2026\/09\/co3-465x310.jpeg 465w, https:\/\/reporterosdelsur.org\/diario\/wp-content\/uploads\/2026\/09\/co3-695x463.jpeg 695w, https:\/\/reporterosdelsur.org\/diario\/wp-content\/uploads\/2026\/09\/co3.jpeg 1280w\" sizes=\"auto, (max-width: 1024px) 100vw, 1024px\" \/><\/figure>\n\n\n\n<figure class=\"wp-block-image size-large\"><img loading=\"lazy\" decoding=\"async\" width=\"1024\" height=\"682\" src=\"https:\/\/reporterosdelsur.org\/diario\/wp-content\/uploads\/2026\/09\/co1-1024x682.jpeg\" alt=\"\" class=\"wp-image-59105\" srcset=\"https:\/\/reporterosdelsur.org\/diario\/wp-content\/uploads\/2026\/09\/co1-1024x682.jpeg 1024w, https:\/\/reporterosdelsur.org\/diario\/wp-content\/uploads\/2026\/09\/co1-300x200.jpeg 300w, https:\/\/reporterosdelsur.org\/diario\/wp-content\/uploads\/2026\/09\/co1-768x512.jpeg 768w, https:\/\/reporterosdelsur.org\/diario\/wp-content\/uploads\/2026\/09\/co1-1200x800.jpeg 1200w, https:\/\/reporterosdelsur.org\/diario\/wp-content\/uploads\/2026\/09\/co1-465x310.jpeg 465w, https:\/\/reporterosdelsur.org\/diario\/wp-content\/uploads\/2026\/09\/co1-695x463.jpeg 695w, https:\/\/reporterosdelsur.org\/diario\/wp-content\/uploads\/2026\/09\/co1.jpeg 1280w\" sizes=\"auto, (max-width: 1024px) 100vw, 1024px\" \/><\/figure>\n\n\n\n<p class=\"wp-block-paragraph\">En compa\u00f1\u00eda de la presidenta del Sistema DIF Tabasco, Aurora Raleigh de la Cruz, la titular de Cultura dijo que 43 a\u00f1os significan miles de historias, rostros, voces y momentos compartidos. TVT, asegur\u00f3, ha sido testigo de la transformaci\u00f3n de Tabasco y parte de la memoria de generaciones que crecieron frente a esta pantalla.<\/p>\n\n\n\n<p class=\"wp-block-paragraph\">Luego de entregar reconocimientos a servidores p\u00fablicos que cumplieron 30, 35 y 40 a\u00f1os de servicios, destac\u00f3 el trabajo de conductores, reporteros, camar\u00f3grafos, productores, t\u00e9cnicos, ingenieros, personal administrativo y a todas las personas que han hecho posible esta historia con talento, esfuerzo y compromiso.<\/p>\n\n\n\n<figure class=\"wp-block-image size-large\"><img loading=\"lazy\" decoding=\"async\" width=\"1024\" height=\"682\" src=\"https:\/\/reporterosdelsur.org\/diario\/wp-content\/uploads\/2026\/09\/co8-1024x682.jpeg\" alt=\"\" class=\"wp-image-59106\" srcset=\"https:\/\/reporterosdelsur.org\/diario\/wp-content\/uploads\/2026\/09\/co8-1024x682.jpeg 1024w, https:\/\/reporterosdelsur.org\/diario\/wp-content\/uploads\/2026\/09\/co8-300x200.jpeg 300w, https:\/\/reporterosdelsur.org\/diario\/wp-content\/uploads\/2026\/09\/co8-768x512.jpeg 768w, https:\/\/reporterosdelsur.org\/diario\/wp-content\/uploads\/2026\/09\/co8-1200x800.jpeg 1200w, https:\/\/reporterosdelsur.org\/diario\/wp-content\/uploads\/2026\/09\/co8-465x310.jpeg 465w, https:\/\/reporterosdelsur.org\/diario\/wp-content\/uploads\/2026\/09\/co8-695x463.jpeg 695w, https:\/\/reporterosdelsur.org\/diario\/wp-content\/uploads\/2026\/09\/co8.jpeg 1280w\" sizes=\"auto, (max-width: 1024px) 100vw, 1024px\" \/><\/figure>\n\n\n\n<p class=\"wp-block-paragraph\">\u201cQue este aniversario sea el inicio de una nueva etapa: m\u00e1s cercana, abierta, innovadora y presente en la vida de nuestra gente. Felicidades a quienes han hecho posible estos 43 a\u00f1os, a quienes hoy contin\u00faan escribiendo esta historia y a las familias tabasque\u00f1as que han acompa\u00f1ado a TVT durante m\u00e1s de 40 a\u00f1os\u201d, afirm\u00f3.<\/p>\n\n\n\n<figure class=\"wp-block-image size-large\"><img loading=\"lazy\" decoding=\"async\" width=\"1024\" height=\"682\" src=\"https:\/\/reporterosdelsur.org\/diario\/wp-content\/uploads\/2026\/09\/co4-1024x682.jpeg\" alt=\"\" class=\"wp-image-59107\" srcset=\"https:\/\/reporterosdelsur.org\/diario\/wp-content\/uploads\/2026\/09\/co4-1024x682.jpeg 1024w, https:\/\/reporterosdelsur.org\/diario\/wp-content\/uploads\/2026\/09\/co4-300x200.jpeg 300w, https:\/\/reporterosdelsur.org\/diario\/wp-content\/uploads\/2026\/09\/co4-768x512.jpeg 768w, https:\/\/reporterosdelsur.org\/diario\/wp-content\/uploads\/2026\/09\/co4-1200x800.jpeg 1200w, https:\/\/reporterosdelsur.org\/diario\/wp-content\/uploads\/2026\/09\/co4-465x310.jpeg 465w, https:\/\/reporterosdelsur.org\/diario\/wp-content\/uploads\/2026\/09\/co4-695x463.jpeg 695w, https:\/\/reporterosdelsur.org\/diario\/wp-content\/uploads\/2026\/09\/co4.jpeg 1280w\" sizes=\"auto, (max-width: 1024px) 100vw, 1024px\" \/><\/figure>\n\n\n\n<p class=\"wp-block-paragraph\">En su intervenci\u00f3n, el director de CORAT, H\u00e9ctor Dami\u00e1n P\u00e9rez Ruiz, expres\u00f3 que la instituci\u00f3n fue creada para informar, educar, entretener, promover la cultura y, sobre todo, servir al pueblo. Y ahora lo hacemos por Televisi\u00f3n Tabasque\u00f1a, Mega 94.9 FM, la Radio de Tabasco en el 1230 de AM y plataformas digitales, mencion\u00f3.<\/p>\n\n\n\n<p class=\"wp-block-paragraph\">Ante Esmeralda Collado Fr\u00edas, coordinadora general de Comunicaci\u00f3n Social y Vocer\u00eda del Gobierno, P\u00e9rez Ruiz recalc\u00f3 que hoy tienen tres grandes medios con los que llegan a la gente: televisi\u00f3n, radio y redes sociales, este \u00faltimo creciendo con fuerza, pues apenas en dos meses y medio, la cuenta oficial de Facebook de TVT registr\u00f3 96.6 millones de visualizaciones, alcanz\u00f3 25.3 millones de espectadores, gener\u00f3 1.3 millones de interacciones y sum\u00f3 87 mil 400 nuevos seguidores, de un total de 710 mil seguidores.<\/p>\n\n\n\n<p class=\"wp-block-paragraph\">\u201cAgradezco especialmente al Gobernador Javier May Rodr\u00edguez su disposici\u00f3n para iniciar la primera etapa de inversi\u00f3n para modernizar nuestros sistemas de transmisi\u00f3n de televisi\u00f3n, nuestras estaciones de radio y televisi\u00f3n, los sistemas de transmisi\u00f3n de radio, equipos e infraestructura\u201d, enfatiz\u00f3.<\/p>\n","protected":false},"excerpt":{"rendered":"<p>\u00a0En representaci\u00f3n del Gobernador Javier May Rodr\u00edguez, la secretaria de Cultura, A\u00edda Castillo Santiago, encabeza celebraci\u00f3n en la que se reconoci\u00f3 a trabajadores de la instituci\u00f3n \u00a0La Comisi\u00f3n no solamente vive en la radio y la televisi\u00f3n, sino que crece con fuerza en el mundo digital, destaca su director, H\u00e9ctor<span class=\"more-link theme-more-link\"><a href=\"https:\/\/reporterosdelsur.org\/diario\/2026\/09\/corat-cumple-43-anos-de-informar-entretener-y-fomentar-cultura-tabasquena\/\">Leer Nota Complete<\/a><\/span><\/p>\n","protected":false},"author":2,"featured_media":59104,"comment_status":"open","ping_status":"open","sticky":false,"template":"","format":"standard","meta":{"footnotes":"","jetpack_publicize_message":"","jetpack_publicize_feature_enabled":true,"jetpack_social_post_already_shared":true,"jetpack_social_options":{"image_generator_settings":{"template":"highway","default_image_id":0,"font":"","enabled":false},"version":2}},"categories":[6,2],"tags":[],"class_list":["entry","author-guza0892gmail-com","post-59103","post","type-post","status-publish","format-standard","has-post-thumbnail","category-destacado","category-tabasco"],"jetpack_publicize_connections":[],"featured_image_urls":{"full":["https:\/\/reporterosdelsur.org\/diario\/wp-content\/uploads\/2026\/09\/co2.jpeg",1280,853,false],"thumbnail":["https:\/\/reporterosdelsur.org\/diario\/wp-content\/uploads\/2026\/09\/co2-150x150.jpeg",150,150,true],"medium":["https:\/\/reporterosdelsur.org\/diario\/wp-content\/uploads\/2026\/09\/co2-300x200.jpeg",300,200,true],"medium_large":["https:\/\/reporterosdelsur.org\/diario\/wp-content\/uploads\/2026\/09\/co2-768x512.jpeg",768,512,true],"large":["https:\/\/reporterosdelsur.org\/diario\/wp-content\/uploads\/2026\/09\/co2-1024x682.jpeg",1024,682,true],"1536x1536":["https:\/\/reporterosdelsur.org\/diario\/wp-content\/uploads\/2026\/09\/co2.jpeg",1280,853,false],"2048x2048":["https:\/\/reporterosdelsur.org\/diario\/wp-content\/uploads\/2026\/09\/co2.jpeg",1280,853,false],"ultp_layout_landscape_large":["https:\/\/reporterosdelsur.org\/diario\/wp-content\/uploads\/2026\/09\/co2-1200x800.jpeg",1200,800,true],"ultp_layout_landscape":["https:\/\/reporterosdelsur.org\/diario\/wp-content\/uploads\/2026\/09\/co2-870x570.jpeg",870,570,true],"ultp_layout_portrait":["https:\/\/reporterosdelsur.org\/diario\/wp-content\/uploads\/2026\/09\/co2-600x853.jpeg",600,853,true],"ultp_layout_square":["https:\/\/reporterosdelsur.org\/diario\/wp-content\/uploads\/2026\/09\/co2-600x600.jpeg",600,600,true],"hoot-medium-thumb":["https:\/\/reporterosdelsur.org\/diario\/wp-content\/uploads\/2026\/09\/co2-460x400.jpeg",460,400,true],"hoot-preview":["https:\/\/reporterosdelsur.org\/diario\/wp-content\/uploads\/2026\/09\/co2-465x310.jpeg",465,310,true],"hoot-preview-thumb":["https:\/\/reporterosdelsur.org\/diario\/wp-content\/uploads\/2026\/09\/co2-465x550.jpeg",465,550,true],"hoot-large-thumb":["https:\/\/reporterosdelsur.org\/diario\/wp-content\/uploads\/2026\/09\/co2-690x550.jpeg",690,550,true],"hoot-preview-large":["https:\/\/reporterosdelsur.org\/diario\/wp-content\/uploads\/2026\/09\/co2-695x463.jpeg",695,463,true],"hoot-wide-thumb":["https:\/\/reporterosdelsur.org\/diario\/wp-content\/uploads\/2026\/09\/co2-920x425.jpeg",920,425,true],"hoot-extra-wide-thumb":["https:\/\/reporterosdelsur.org\/diario\/wp-content\/uploads\/2026\/09\/co2-1035x425.jpeg",1035,425,true]},"author_info":{"display_name":"Reporteros del Sur","author_link":"https:\/\/reporterosdelsur.org\/diario\/author\/guza0892gmail-com\/"},"category_info":"<a href=\"https:\/\/reporterosdelsur.org\/diario\/category\/destacado\/\" rel=\"category tag\">Destacado<\/a> <a href=\"https:\/\/reporterosdelsur.org\/diario\/category\/tabasco\/\" rel=\"category tag\">Tabasco<\/a>","tag_info":"Tabasco","comment_count":"0","_links":{"self":[{"href":"https:\/\/reporterosdelsur.org\/diario\/wp-json\/wp\/v2\/posts\/59103","targetHints":{"allow":["GET"]}}],"collection":[{"href":"https:\/\/reporterosdelsur.org\/diario\/wp-json\/wp\/v2\/posts"}],"about":[{"href":"https:\/\/reporterosdelsur.org\/diario\/wp-json\/wp\/v2\/types\/post"}],"author":[{"embeddable":true,"href":"https:\/\/reporterosdelsur.org\/diario\/wp-json\/wp\/v2\/users\/2"}],"replies":[{"embeddable":true,"href":"https:\/\/reporterosdelsur.org\/diario\/wp-json\/wp\/v2\/comments?post=59103"}],"version-history":[{"count":1,"href":"https:\/\/reporterosdelsur.org\/diario\/wp-json\/wp\/v2\/posts\/59103\/revisions"}],"predecessor-version":[{"id":59109,"href":"https:\/\/reporterosdelsur.org\/diario\/wp-json\/wp\/v2\/posts\/59103\/revisions\/59109"}],"wp:featuredmedia":[{"embeddable":true,"href":"https:\/\/reporterosdelsur.org\/diario\/wp-json\/wp\/v2\/media\/59104"}],"wp:attachment":[{"href":"https:\/\/reporterosdelsur.org\/diario\/wp-json\/wp\/v2\/media?parent=59103"}],"wp:term":[{"taxonomy":"category","embeddable":true,"href":"https:\/\/reporterosdelsur.org\/diario\/wp-json\/wp\/v2\/categories?post=59103"},{"taxonomy":"post_tag","embeddable":true,"href":"https:\/\/reporterosdelsur.org\/diario\/wp-json\/wp\/v2\/tags?post=59103"}],"curies":[{"name":"wp","href":"https:\/\/api.w.org\/{rel}","templated":true}]}}