{"id":59097,"date":"2026-09-05T17:50:59","date_gmt":"2026-09-05T23:50:59","guid":{"rendered":"https:\/\/reporterosdelsur.org\/diario\/?p=59097"},"modified":"2026-09-05T17:51:02","modified_gmt":"2026-09-05T23:51:02","slug":"con-jornada-de-atencion-al-pueblo-en-territorio-llegan-buenas-noticias-a-nacajuca","status":"publish","type":"post","link":"https:\/\/reporterosdelsur.org\/diario\/2026\/09\/con-jornada-de-atencion-al-pueblo-en-territorio-llegan-buenas-noticias-a-nacajuca\/","title":{"rendered":"Con Jornada de Atenci\u00f3n al Pueblo en Territorio, llegan buenas noticias a Nacajuca&#8230;"},"content":{"rendered":"\n<p class=\"has-large-font-size wp-block-paragraph\"><strong>\u00a0Durante la Jornada de Atenci\u00f3n al Pueblo en Territorio realizada en Samarkanda, dependencias estatales acercaron servicios y dieron a conocer nuevas acciones para fortalecer el bienestar, la salud, la movilidad, la infraestructura y el desarrollo cultural de las familias del municipio<\/strong><\/p>\n\n\n\n<p class=\"has-text-align-center wp-block-paragraph\"><strong>NACAJUCA, TAB<\/strong><\/p>\n\n\n\n<p class=\"wp-block-paragraph\">Con m\u00e1s buenas noticias para las familias lleg\u00f3 el Gobierno del Pueblo a Nacajuca, donde la Jornada de Atenci\u00f3n al Pueblo en Territorio acerc\u00f3 este s\u00e1bado servicios y anunci\u00f3 nuevos beneficios en salud, movilidad, bienestar, infraestructura y cultura, entre otros. En representaci\u00f3n del Gobernador Javier May Rodr\u00edguez, el secretario de Gobierno, Jos\u00e9 Ramiro L\u00f3pez Obrador, encabez\u00f3 este ejercicio de contacto directo con la poblaci\u00f3n en el ejido Samarkanda.<\/p>\n\n\n\n<p class=\"wp-block-paragraph\">Desde la escuela primaria &#8216;Salvador Alvarado&#8217;, la Secretar\u00eda de Salud destac\u00f3 que en noviembre se cumplir\u00e1 la meta de 2 mil cirug\u00edas de cataratas totalmente gratuitas previstas para este a\u00f1o. Con este programa, igual n\u00famero de personas podr\u00e1n recuperar la vista; hasta ahora se ha atendido aproximadamente a la mitad de la meta, por lo que la dependencia llam\u00f3 a quienes presentan este padecimiento a acercarse a los m\u00f3dulos de atenci\u00f3n.<\/p>\n\n\n\n<figure class=\"wp-block-image size-large\"><img loading=\"lazy\" decoding=\"async\" width=\"1024\" height=\"682\" src=\"https:\/\/reporterosdelsur.org\/diario\/wp-content\/uploads\/2026\/09\/p5-1024x682.jpeg\" alt=\"\" class=\"wp-image-59099\" srcset=\"https:\/\/reporterosdelsur.org\/diario\/wp-content\/uploads\/2026\/09\/p5-1024x682.jpeg 1024w, https:\/\/reporterosdelsur.org\/diario\/wp-content\/uploads\/2026\/09\/p5-300x200.jpeg 300w, https:\/\/reporterosdelsur.org\/diario\/wp-content\/uploads\/2026\/09\/p5-768x512.jpeg 768w, https:\/\/reporterosdelsur.org\/diario\/wp-content\/uploads\/2026\/09\/p5-1536x1024.jpeg 1536w, https:\/\/reporterosdelsur.org\/diario\/wp-content\/uploads\/2026\/09\/p5-2048x1365.jpeg 2048w, https:\/\/reporterosdelsur.org\/diario\/wp-content\/uploads\/2026\/09\/p5-1200x800.jpeg 1200w, https:\/\/reporterosdelsur.org\/diario\/wp-content\/uploads\/2026\/09\/p5-465x310.jpeg 465w, https:\/\/reporterosdelsur.org\/diario\/wp-content\/uploads\/2026\/09\/p5-695x463.jpeg 695w\" sizes=\"auto, (max-width: 1024px) 100vw, 1024px\" \/><\/figure>\n\n\n\n<figure class=\"wp-block-image size-large\"><img loading=\"lazy\" decoding=\"async\" width=\"1024\" height=\"682\" src=\"https:\/\/reporterosdelsur.org\/diario\/wp-content\/uploads\/2026\/09\/p3-1024x682.jpeg\" alt=\"\" class=\"wp-image-59100\" srcset=\"https:\/\/reporterosdelsur.org\/diario\/wp-content\/uploads\/2026\/09\/p3-1024x682.jpeg 1024w, https:\/\/reporterosdelsur.org\/diario\/wp-content\/uploads\/2026\/09\/p3-300x200.jpeg 300w, https:\/\/reporterosdelsur.org\/diario\/wp-content\/uploads\/2026\/09\/p3-768x511.jpeg 768w, https:\/\/reporterosdelsur.org\/diario\/wp-content\/uploads\/2026\/09\/p3-1200x800.jpeg 1200w, https:\/\/reporterosdelsur.org\/diario\/wp-content\/uploads\/2026\/09\/p3-465x310.jpeg 465w, https:\/\/reporterosdelsur.org\/diario\/wp-content\/uploads\/2026\/09\/p3-695x463.jpeg 695w, https:\/\/reporterosdelsur.org\/diario\/wp-content\/uploads\/2026\/09\/p3.jpeg 1280w\" sizes=\"auto, (max-width: 1024px) 100vw, 1024px\" \/><\/figure>\n\n\n\n<p class=\"wp-block-paragraph\">En materia de movilidad, la Secretar\u00eda del ramo inform\u00f3 que adultos mayores, personas con discapacidad y estudiantes de todos los niveles educativos tienen derecho a un 25 por ciento de descuento en el transporte p\u00fablico. Adem\u00e1s, adelant\u00f3 que est\u00e1 por concluir las pruebas de una plataforma m\u00f3vil que permitir\u00e1 solicitar taxis desde el celular, con un servicio que se prev\u00e9 sea m\u00e1s econ\u00f3mico que las plataformas privadas.<\/p>\n\n\n\n<figure class=\"wp-block-image size-large\"><img loading=\"lazy\" decoding=\"async\" width=\"1024\" height=\"682\" src=\"https:\/\/reporterosdelsur.org\/diario\/wp-content\/uploads\/2026\/09\/p2-1024x682.jpeg\" alt=\"\" class=\"wp-image-59101\" srcset=\"https:\/\/reporterosdelsur.org\/diario\/wp-content\/uploads\/2026\/09\/p2-1024x682.jpeg 1024w, https:\/\/reporterosdelsur.org\/diario\/wp-content\/uploads\/2026\/09\/p2-300x200.jpeg 300w, https:\/\/reporterosdelsur.org\/diario\/wp-content\/uploads\/2026\/09\/p2-768x512.jpeg 768w, https:\/\/reporterosdelsur.org\/diario\/wp-content\/uploads\/2026\/09\/p2-1536x1024.jpeg 1536w, https:\/\/reporterosdelsur.org\/diario\/wp-content\/uploads\/2026\/09\/p2-2048x1365.jpeg 2048w, https:\/\/reporterosdelsur.org\/diario\/wp-content\/uploads\/2026\/09\/p2-1200x800.jpeg 1200w, https:\/\/reporterosdelsur.org\/diario\/wp-content\/uploads\/2026\/09\/p2-465x310.jpeg 465w, https:\/\/reporterosdelsur.org\/diario\/wp-content\/uploads\/2026\/09\/p2-695x463.jpeg 695w\" sizes=\"auto, (max-width: 1024px) 100vw, 1024px\" \/><\/figure>\n\n\n\n<p class=\"wp-block-paragraph\">Otra de las buenas noticias correspondi\u00f3 al programa Bienestar y Plenitud, cuyo proceso de incorporaci\u00f3n permanece abierto para hombres de 63 y 64 a\u00f1os, quienes reciben una pensi\u00f3n de 3 mil pesos bimestrales. La Secretar\u00eda de Bienestar precis\u00f3 que el registro de este trimestre concluye el 8 de septiembre, por lo que convoc\u00f3 a quienes a\u00fan no realizan el tr\u00e1mite a acercarse para recibir orientaci\u00f3n.<\/p>\n\n\n\n<p class=\"wp-block-paragraph\">Por lo que se refiere a infraestructura, la Secretar\u00eda de Ordenamiento Territorial y Obras P\u00fablicas (SOTOP) inform\u00f3 que este a\u00f1o, el Gobierno de Javier May destina m\u00e1s de 256 millones de pesos a Nacajuca para atender necesidades prioritarias del municipio. En tanto que la Secretar\u00eda de Cultura anunci\u00f3 que el 8 de septiembre comenzar\u00e1 El Viaje de los Libros, programa que llevar\u00e1 actividades de fomento a la lectura a escuelas, entre ellas planteles de Nacajuca.<\/p>\n","protected":false},"excerpt":{"rendered":"<p>\u00a0Durante la Jornada de Atenci\u00f3n al Pueblo en Territorio realizada en Samarkanda, dependencias estatales acercaron servicios y dieron a conocer nuevas acciones para fortalecer el bienestar, la salud, la movilidad, la infraestructura y el desarrollo cultural de las familias del municipio NACAJUCA, TAB Con m\u00e1s buenas noticias para las familias<span class=\"more-link theme-more-link\"><a href=\"https:\/\/reporterosdelsur.org\/diario\/2026\/09\/con-jornada-de-atencion-al-pueblo-en-territorio-llegan-buenas-noticias-a-nacajuca\/\">Leer Nota Complete<\/a><\/span><\/p>\n","protected":false},"author":2,"featured_media":59098,"comment_status":"open","ping_status":"open","sticky":false,"template":"","format":"standard","meta":{"footnotes":"","jetpack_publicize_message":"","jetpack_publicize_feature_enabled":true,"jetpack_social_post_already_shared":true,"jetpack_social_options":{"image_generator_settings":{"template":"highway","default_image_id":0,"font":"","enabled":false},"version":2}},"categories":[6,2],"tags":[],"class_list":["entry","author-guza0892gmail-com","post-59097","post","type-post","status-publish","format-standard","has-post-thumbnail","category-destacado","category-tabasco"],"jetpack_publicize_connections":[],"featured_image_urls":{"full":["https:\/\/reporterosdelsur.org\/diario\/wp-content\/uploads\/2026\/09\/p4.jpeg",2560,1706,false],"thumbnail":["https:\/\/reporterosdelsur.org\/diario\/wp-content\/uploads\/2026\/09\/p4-150x150.jpeg",150,150,true],"medium":["https:\/\/reporterosdelsur.org\/diario\/wp-content\/uploads\/2026\/09\/p4-300x200.jpeg",300,200,true],"medium_large":["https:\/\/reporterosdelsur.org\/diario\/wp-content\/uploads\/2026\/09\/p4-768x512.jpeg",768,512,true],"large":["https:\/\/reporterosdelsur.org\/diario\/wp-content\/uploads\/2026\/09\/p4-1024x682.jpeg",1024,682,true],"1536x1536":["https:\/\/reporterosdelsur.org\/diario\/wp-content\/uploads\/2026\/09\/p4-1536x1024.jpeg",1536,1024,true],"2048x2048":["https:\/\/reporterosdelsur.org\/diario\/wp-content\/uploads\/2026\/09\/p4-2048x1365.jpeg",2048,1365,true],"ultp_layout_landscape_large":["https:\/\/reporterosdelsur.org\/diario\/wp-content\/uploads\/2026\/09\/p4-1200x800.jpeg",1200,800,true],"ultp_layout_landscape":["https:\/\/reporterosdelsur.org\/diario\/wp-content\/uploads\/2026\/09\/p4-870x570.jpeg",870,570,true],"ultp_layout_portrait":["https:\/\/reporterosdelsur.org\/diario\/wp-content\/uploads\/2026\/09\/p4-600x900.jpeg",600,900,true],"ultp_layout_square":["https:\/\/reporterosdelsur.org\/diario\/wp-content\/uploads\/2026\/09\/p4-600x600.jpeg",600,600,true],"hoot-medium-thumb":["https:\/\/reporterosdelsur.org\/diario\/wp-content\/uploads\/2026\/09\/p4-460x400.jpeg",460,400,true],"hoot-preview":["https:\/\/reporterosdelsur.org\/diario\/wp-content\/uploads\/2026\/09\/p4-465x310.jpeg",465,310,true],"hoot-preview-thumb":["https:\/\/reporterosdelsur.org\/diario\/wp-content\/uploads\/2026\/09\/p4-465x550.jpeg",465,550,true],"hoot-large-thumb":["https:\/\/reporterosdelsur.org\/diario\/wp-content\/uploads\/2026\/09\/p4-690x550.jpeg",690,550,true],"hoot-preview-large":["https:\/\/reporterosdelsur.org\/diario\/wp-content\/uploads\/2026\/09\/p4-695x463.jpeg",695,463,true],"hoot-wide-thumb":["https:\/\/reporterosdelsur.org\/diario\/wp-content\/uploads\/2026\/09\/p4-920x425.jpeg",920,425,true],"hoot-extra-wide-thumb":["https:\/\/reporterosdelsur.org\/diario\/wp-content\/uploads\/2026\/09\/p4-1035x425.jpeg",1035,425,true]},"author_info":{"display_name":"Reporteros del Sur","author_link":"https:\/\/reporterosdelsur.org\/diario\/author\/guza0892gmail-com\/"},"category_info":"<a href=\"https:\/\/reporterosdelsur.org\/diario\/category\/destacado\/\" rel=\"category tag\">Destacado<\/a> <a href=\"https:\/\/reporterosdelsur.org\/diario\/category\/tabasco\/\" rel=\"category tag\">Tabasco<\/a>","tag_info":"Tabasco","comment_count":"0","_links":{"self":[{"href":"https:\/\/reporterosdelsur.org\/diario\/wp-json\/wp\/v2\/posts\/59097","targetHints":{"allow":["GET"]}}],"collection":[{"href":"https:\/\/reporterosdelsur.org\/diario\/wp-json\/wp\/v2\/posts"}],"about":[{"href":"https:\/\/reporterosdelsur.org\/diario\/wp-json\/wp\/v2\/types\/post"}],"author":[{"embeddable":true,"href":"https:\/\/reporterosdelsur.org\/diario\/wp-json\/wp\/v2\/users\/2"}],"replies":[{"embeddable":true,"href":"https:\/\/reporterosdelsur.org\/diario\/wp-json\/wp\/v2\/comments?post=59097"}],"version-history":[{"count":1,"href":"https:\/\/reporterosdelsur.org\/diario\/wp-json\/wp\/v2\/posts\/59097\/revisions"}],"predecessor-version":[{"id":59102,"href":"https:\/\/reporterosdelsur.org\/diario\/wp-json\/wp\/v2\/posts\/59097\/revisions\/59102"}],"wp:featuredmedia":[{"embeddable":true,"href":"https:\/\/reporterosdelsur.org\/diario\/wp-json\/wp\/v2\/media\/59098"}],"wp:attachment":[{"href":"https:\/\/reporterosdelsur.org\/diario\/wp-json\/wp\/v2\/media?parent=59097"}],"wp:term":[{"taxonomy":"category","embeddable":true,"href":"https:\/\/reporterosdelsur.org\/diario\/wp-json\/wp\/v2\/categories?post=59097"},{"taxonomy":"post_tag","embeddable":true,"href":"https:\/\/reporterosdelsur.org\/diario\/wp-json\/wp\/v2\/tags?post=59097"}],"curies":[{"name":"wp","href":"https:\/\/api.w.org\/{rel}","templated":true}]}}