{"id":59092,"date":"2026-09-05T07:12:44","date_gmt":"2026-09-05T13:12:44","guid":{"rendered":"https:\/\/reporterosdelsur.org\/diario\/?p=59092"},"modified":"2026-09-05T07:12:47","modified_gmt":"2026-09-05T13:12:47","slug":"preven-calor-intenso-lluvias-y-tormentas-para-villahermosa-este-sabado","status":"publish","type":"post","link":"https:\/\/reporterosdelsur.org\/diario\/2026\/09\/preven-calor-intenso-lluvias-y-tormentas-para-villahermosa-este-sabado\/","title":{"rendered":"Prev\u00e9n calor intenso, lluvias y tormentas para Villahermosa este s\u00e1bado"},"content":{"rendered":"\n<p class=\"wp-block-paragraph\"><strong>La capital tabasque\u00f1a registrar\u00e1 temperaturas de hasta 36 grados Celsius y una sensaci\u00f3n t\u00e9rmica elevada por la humedad. Para la tarde y noche se pronostican chubascos, lluvias puntuales fuertes y posibles tormentas el\u00e9ctricas, adem\u00e1s de rachas de viento de hasta 50 kil\u00f3metros por hora.<\/strong><\/p>\n\n\n\n<p class=\"wp-block-paragraph\"><strong>VILLAHERMOSA, TAB.- Este s\u00e1bado 5 de septiembre, Villahermosa amaneci\u00f3 con cielo parcialmente nublado y una temperatura de 31 grados Celsius<\/strong>, mientras que la sensaci\u00f3n t\u00e9rmica alcanz\u00f3 los 35 grados, generando un ambiente caluroso y con condiciones de bochorno para la poblaci\u00f3n.<\/p>\n\n\n\n<p class=\"wp-block-paragraph\">La humedad relativa se ubic\u00f3 alrededor del 69 por ciento, factor que incrementa la percepci\u00f3n de calor durante las horas de mayor temperatura. Los vientos se presentaron inicialmente de manera ligera, con velocidades cercanas a los 3 metros por segundo.<\/p>\n\n\n\n<p class=\"wp-block-paragraph\">Para este d\u00eda se prev\u00e9 que el term\u00f3metro alcance valores m\u00e1ximos de <strong>entre 35 y 40 grados Celsius<\/strong>, mientras que durante la madrugada las temperaturas podr\u00edan descender hasta los 26 grados.<\/p>\n\n\n\n<p class=\"wp-block-paragraph\">La combinaci\u00f3n de calor y humedad podr\u00eda provocar una <strong>sensaci\u00f3n t\u00e9rmica superior a los 45 grados Celsius<\/strong> en algunos periodos, por lo que se recomienda evitar exposiciones prolongadas al sol, especialmente durante las horas centrales de la jornada.<\/p>\n\n\n\n<h3 class=\"wp-block-heading\">Lluvias y tormentas durante la tarde-noche<\/h3>\n\n\n\n<p class=\"wp-block-paragraph\">Aunque el calor ser\u00e1 uno de los principales factores meteorol\u00f3gicos de este s\u00e1bado, tambi\u00e9n se contempla la posibilidad de <strong>chubascos y lluvias puntuales fuertes, con acumulaciones estimadas de 25 a 50 mil\u00edmetros<\/strong>.<\/p>\n\n\n\n<p class=\"wp-block-paragraph\">Las precipitaciones tendr\u00edan mayor probabilidad durante la tarde y noche, acompa\u00f1adas de actividad el\u00e9ctrica, por lo que se recomienda extremar precauciones ante posibles encharcamientos y descargas el\u00e9ctricas.<\/p>\n\n\n\n<figure class=\"wp-block-image size-large\"><img loading=\"lazy\" decoding=\"async\" width=\"1024\" height=\"576\" src=\"https:\/\/reporterosdelsur.org\/diario\/wp-content\/uploads\/2026\/09\/Clima-2-2-1024x576.jpg\" alt=\"\" class=\"wp-image-59094\" srcset=\"https:\/\/reporterosdelsur.org\/diario\/wp-content\/uploads\/2026\/09\/Clima-2-2-1024x576.jpg 1024w, https:\/\/reporterosdelsur.org\/diario\/wp-content\/uploads\/2026\/09\/Clima-2-2-300x169.jpg 300w, https:\/\/reporterosdelsur.org\/diario\/wp-content\/uploads\/2026\/09\/Clima-2-2-768x432.jpg 768w, https:\/\/reporterosdelsur.org\/diario\/wp-content\/uploads\/2026\/09\/Clima-2-2-1536x864.jpg 1536w, https:\/\/reporterosdelsur.org\/diario\/wp-content\/uploads\/2026\/09\/Clima-2-2-2048x1152.jpg 2048w, https:\/\/reporterosdelsur.org\/diario\/wp-content\/uploads\/2026\/09\/Clima-2-2-465x262.jpg 465w, https:\/\/reporterosdelsur.org\/diario\/wp-content\/uploads\/2026\/09\/Clima-2-2-695x391.jpg 695w\" sizes=\"auto, (max-width: 1024px) 100vw, 1024px\" \/><\/figure>\n\n\n\n<p class=\"wp-block-paragraph\">Asimismo, se pronostican <strong>rachas de viento de entre 30 y 50 kil\u00f3metros por hora<\/strong>, condiciones que podr\u00edan ocasionar la ca\u00edda de ramas, \u00e1rboles d\u00e9biles u objetos que no se encuentren debidamente asegurados.<\/p>\n\n\n\n<h3 class=\"wp-block-heading\">Recomiendan mantenerse hidratados<\/h3>\n\n\n\n<p class=\"wp-block-paragraph\">Ante las condiciones de calor y humedad, se recomienda a la poblaci\u00f3n mantenerse bien hidratada, utilizar ropa ligera, permanecer en lugares frescos y evitar actividades f\u00edsicas intensas bajo el sol.<\/p>\n\n\n\n<p class=\"wp-block-paragraph\">Tambi\u00e9n se aconseja prestar especial atenci\u00f3n a ni\u00f1as, ni\u00f1os, adultos mayores y personas que realizan actividades al aire libre, debido al riesgo de afectaciones relacionadas con las altas temperaturas.<\/p>\n\n\n\n<p class=\"wp-block-paragraph\">Las autoridades exhortan adem\u00e1s a mantenerse atentos a las actualizaciones meteorol\u00f3gicas durante el d\u00eda, particularmente ante la posibilidad de tormentas el\u00e9ctricas y rachas de viento durante la tarde y noche.<\/p>\n","protected":false},"excerpt":{"rendered":"<p>La capital tabasque\u00f1a registrar\u00e1 temperaturas de hasta 36 grados Celsius y una sensaci\u00f3n t\u00e9rmica elevada por la humedad. Para la tarde y noche se pronostican chubascos, lluvias puntuales fuertes y posibles tormentas el\u00e9ctricas, adem\u00e1s de rachas de viento de hasta 50 kil\u00f3metros por hora. VILLAHERMOSA, TAB.- Este s\u00e1bado 5 de<span class=\"more-link theme-more-link\"><a href=\"https:\/\/reporterosdelsur.org\/diario\/2026\/09\/preven-calor-intenso-lluvias-y-tormentas-para-villahermosa-este-sabado\/\">Leer Nota Complete<\/a><\/span><\/p>\n","protected":false},"author":1,"featured_media":59093,"comment_status":"open","ping_status":"open","sticky":false,"template":"","format":"standard","meta":{"footnotes":"","jetpack_publicize_message":"","jetpack_publicize_feature_enabled":true,"jetpack_social_post_already_shared":true,"jetpack_social_options":{"image_generator_settings":{"template":"highway","default_image_id":0,"font":"","enabled":false},"version":2}},"categories":[2],"tags":[1364,1430,82,1088,731,1428,572,815,445,1427,1429,316,229,38,333,35,1365,1366,446],"class_list":["entry","author-admin","post-59092","post","type-post","status-publish","format-standard","has-post-thumbnail","category-tabasco","tag-anegaciones","tag-atlantico","tag-calles","tag-calor","tag-casas","tag-ciclones","tag-clima","tag-colonias","tag-frente-frio","tag-golfo-de-mexico","tag-huracanes","tag-inundaciones","tag-lluvias","tag-noticias","tag-seguridad","tag-tabasco","tag-tormentas","tag-vientos-fuertes","tag-viviendas"],"jetpack_publicize_connections":[],"featured_image_urls":{"full":["https:\/\/reporterosdelsur.org\/diario\/wp-content\/uploads\/2026\/09\/Clima-4.jpg",1058,567,false],"thumbnail":["https:\/\/reporterosdelsur.org\/diario\/wp-content\/uploads\/2026\/09\/Clima-4-150x150.jpg",150,150,true],"medium":["https:\/\/reporterosdelsur.org\/diario\/wp-content\/uploads\/2026\/09\/Clima-4-300x161.jpg",300,161,true],"medium_large":["https:\/\/reporterosdelsur.org\/diario\/wp-content\/uploads\/2026\/09\/Clima-4-768x412.jpg",768,412,true],"large":["https:\/\/reporterosdelsur.org\/diario\/wp-content\/uploads\/2026\/09\/Clima-4-1024x549.jpg",1024,549,true],"1536x1536":["https:\/\/reporterosdelsur.org\/diario\/wp-content\/uploads\/2026\/09\/Clima-4.jpg",1058,567,false],"2048x2048":["https:\/\/reporterosdelsur.org\/diario\/wp-content\/uploads\/2026\/09\/Clima-4.jpg",1058,567,false],"ultp_layout_landscape_large":["https:\/\/reporterosdelsur.org\/diario\/wp-content\/uploads\/2026\/09\/Clima-4.jpg",1058,567,false],"ultp_layout_landscape":["https:\/\/reporterosdelsur.org\/diario\/wp-content\/uploads\/2026\/09\/Clima-4-870x567.jpg",870,567,true],"ultp_layout_portrait":["https:\/\/reporterosdelsur.org\/diario\/wp-content\/uploads\/2026\/09\/Clima-4-600x567.jpg",600,567,true],"ultp_layout_square":["https:\/\/reporterosdelsur.org\/diario\/wp-content\/uploads\/2026\/09\/Clima-4-600x567.jpg",600,567,true],"hoot-medium-thumb":["https:\/\/reporterosdelsur.org\/diario\/wp-content\/uploads\/2026\/09\/Clima-4-460x400.jpg",460,400,true],"hoot-preview":["https:\/\/reporterosdelsur.org\/diario\/wp-content\/uploads\/2026\/09\/Clima-4-465x249.jpg",465,249,true],"hoot-preview-thumb":["https:\/\/reporterosdelsur.org\/diario\/wp-content\/uploads\/2026\/09\/Clima-4-465x550.jpg",465,550,true],"hoot-large-thumb":["https:\/\/reporterosdelsur.org\/diario\/wp-content\/uploads\/2026\/09\/Clima-4-690x550.jpg",690,550,true],"hoot-preview-large":["https:\/\/reporterosdelsur.org\/diario\/wp-content\/uploads\/2026\/09\/Clima-4-695x372.jpg",695,372,true],"hoot-wide-thumb":["https:\/\/reporterosdelsur.org\/diario\/wp-content\/uploads\/2026\/09\/Clima-4-920x425.jpg",920,425,true],"hoot-extra-wide-thumb":["https:\/\/reporterosdelsur.org\/diario\/wp-content\/uploads\/2026\/09\/Clima-4-1035x425.jpg",1035,425,true]},"author_info":{"display_name":"Reporteros del Sur","author_link":"https:\/\/reporterosdelsur.org\/diario\/author\/admin\/"},"category_info":"<a href=\"https:\/\/reporterosdelsur.org\/diario\/category\/tabasco\/\" rel=\"category tag\">Tabasco<\/a>","tag_info":"Tabasco","comment_count":"0","_links":{"self":[{"href":"https:\/\/reporterosdelsur.org\/diario\/wp-json\/wp\/v2\/posts\/59092","targetHints":{"allow":["GET"]}}],"collection":[{"href":"https:\/\/reporterosdelsur.org\/diario\/wp-json\/wp\/v2\/posts"}],"about":[{"href":"https:\/\/reporterosdelsur.org\/diario\/wp-json\/wp\/v2\/types\/post"}],"author":[{"embeddable":true,"href":"https:\/\/reporterosdelsur.org\/diario\/wp-json\/wp\/v2\/users\/1"}],"replies":[{"embeddable":true,"href":"https:\/\/reporterosdelsur.org\/diario\/wp-json\/wp\/v2\/comments?post=59092"}],"version-history":[{"count":1,"href":"https:\/\/reporterosdelsur.org\/diario\/wp-json\/wp\/v2\/posts\/59092\/revisions"}],"predecessor-version":[{"id":59095,"href":"https:\/\/reporterosdelsur.org\/diario\/wp-json\/wp\/v2\/posts\/59092\/revisions\/59095"}],"wp:featuredmedia":[{"embeddable":true,"href":"https:\/\/reporterosdelsur.org\/diario\/wp-json\/wp\/v2\/media\/59093"}],"wp:attachment":[{"href":"https:\/\/reporterosdelsur.org\/diario\/wp-json\/wp\/v2\/media?parent=59092"}],"wp:term":[{"taxonomy":"category","embeddable":true,"href":"https:\/\/reporterosdelsur.org\/diario\/wp-json\/wp\/v2\/categories?post=59092"},{"taxonomy":"post_tag","embeddable":true,"href":"https:\/\/reporterosdelsur.org\/diario\/wp-json\/wp\/v2\/tags?post=59092"}],"curies":[{"name":"wp","href":"https:\/\/api.w.org\/{rel}","templated":true}]}}