{"id":59085,"date":"2026-09-05T07:05:34","date_gmt":"2026-09-05T13:05:34","guid":{"rendered":"https:\/\/reporterosdelsur.org\/diario\/?p=59085"},"modified":"2026-09-05T17:31:15","modified_gmt":"2026-09-05T23:31:15","slug":"con-mas-de-5-mil-asistentes-concluye-en-tabasco-la-convencion-internacional-sos26","status":"publish","type":"post","link":"https:\/\/reporterosdelsur.org\/diario\/2026\/09\/con-mas-de-5-mil-asistentes-concluye-en-tabasco-la-convencion-internacional-sos26\/","title":{"rendered":"Con m\u00e1s de 5 mil asistentes, concluye en Tabasco la Convenci\u00f3n Internacional SOS26&#8230;"},"content":{"rendered":"\n<p class=\"wp-block-paragraph\"><strong>La segunda edici\u00f3n de la Convenci\u00f3n Internacional de Sostenibilidad: Energ\u00eda y Medio Ambiente \u201cSOS26\u201d reuni\u00f3 durante dos jornadas a visitantes nacionales e internacionales, empresarios, investigadores, j\u00f3venes y servidores p\u00fablicos. La organizaci\u00f3n confirm\u00f3 que la pr\u00f3xima edici\u00f3n se realizar\u00e1 en agosto de 2027.<\/strong><\/p>\n\n\n\n<p class=\"wp-block-paragraph\"><strong>TABASCO.- Con una asistencia superior a los 5 mil visitantes, entre participantes nacionales e internacionales, empresarios, investigadores, j\u00f3venes, expositores y servidores p\u00fablicos, concluy\u00f3 la segunda edici\u00f3n de la Convenci\u00f3n Internacional de Sostenibilidad: Energ\u00eda y Medio Ambiente \u201cSOS26\u201d<\/strong>, organizada por la Secretar\u00eda de Medio Ambiente y Desarrollo Sostenible (SEMADES).<\/p>\n\n\n\n<p class=\"wp-block-paragraph\">Durante la segunda jornada, especialistas y representantes de instituciones p\u00fablicas y privadas analizaron los principales desaf\u00edos ambientales, energ\u00e9ticos e h\u00eddricos que enfrenta M\u00e9xico, as\u00ed como las alternativas para avanzar hacia modelos de desarrollo sostenible.<\/p>\n\n\n\n<p class=\"wp-block-paragraph\">Las actividades iniciaron con la conferencia <strong>\u201cResponsabilidad, desaf\u00edo y compromiso socioambiental de Petr\u00f3leos Mexicanos: nuevos l\u00edmites m\u00e1ximos permisibles (LMP) para hidrocarburos\u201d<\/strong>, impartida por Edgar Antonio Meza P\u00e9rez, gerente de Servicios de Log\u00edstica Terrestre SMEL-DEE de Pemex.<\/p>\n\n\n\n<figure class=\"wp-block-image size-large\"><img loading=\"lazy\" decoding=\"async\" width=\"1024\" height=\"682\" src=\"https:\/\/reporterosdelsur.org\/diario\/wp-content\/uploads\/2026\/09\/Sos-5-1-1024x682.jpeg\" alt=\"\" class=\"wp-image-59087\" srcset=\"https:\/\/reporterosdelsur.org\/diario\/wp-content\/uploads\/2026\/09\/Sos-5-1-1024x682.jpeg 1024w, https:\/\/reporterosdelsur.org\/diario\/wp-content\/uploads\/2026\/09\/Sos-5-1-300x200.jpeg 300w, https:\/\/reporterosdelsur.org\/diario\/wp-content\/uploads\/2026\/09\/Sos-5-1-768x512.jpeg 768w, https:\/\/reporterosdelsur.org\/diario\/wp-content\/uploads\/2026\/09\/Sos-5-1-1200x800.jpeg 1200w, https:\/\/reporterosdelsur.org\/diario\/wp-content\/uploads\/2026\/09\/Sos-5-1-465x310.jpeg 465w, https:\/\/reporterosdelsur.org\/diario\/wp-content\/uploads\/2026\/09\/Sos-5-1-695x463.jpeg 695w, https:\/\/reporterosdelsur.org\/diario\/wp-content\/uploads\/2026\/09\/Sos-5-1.jpeg 1280w\" sizes=\"auto, (max-width: 1024px) 100vw, 1024px\" \/><\/figure>\n\n\n\n<p class=\"wp-block-paragraph\">El especialista abord\u00f3 los marcos operativos relacionados con la protecci\u00f3n ambiental y los nuevos par\u00e1metros aplicables a la industria de los hidrocarburos.<\/p>\n\n\n\n<h3 class=\"wp-block-heading\">Analizan desaf\u00edos h\u00eddricos y migraci\u00f3n clim\u00e1tica<\/h3>\n\n\n\n<p class=\"wp-block-paragraph\">Posteriormente, Patricia Guadalupe Herrera Ascencio, directora general del Instituto Mexicano de Tecnolog\u00eda del Agua (IMTA), present\u00f3 la conferencia magistral <strong>\u201cDesaf\u00edos h\u00eddricos en M\u00e9xico\u201d<\/strong>, en la que expuso estrategias para fortalecer la conservaci\u00f3n y gesti\u00f3n eficiente del agua.<\/p>\n\n\n\n<figure class=\"wp-block-image size-large\"><img loading=\"lazy\" decoding=\"async\" width=\"1024\" height=\"682\" src=\"https:\/\/reporterosdelsur.org\/diario\/wp-content\/uploads\/2026\/09\/Sos-4-2-1024x682.jpeg\" alt=\"\" class=\"wp-image-59088\" srcset=\"https:\/\/reporterosdelsur.org\/diario\/wp-content\/uploads\/2026\/09\/Sos-4-2-1024x682.jpeg 1024w, https:\/\/reporterosdelsur.org\/diario\/wp-content\/uploads\/2026\/09\/Sos-4-2-300x200.jpeg 300w, https:\/\/reporterosdelsur.org\/diario\/wp-content\/uploads\/2026\/09\/Sos-4-2-768x512.jpeg 768w, https:\/\/reporterosdelsur.org\/diario\/wp-content\/uploads\/2026\/09\/Sos-4-2-1200x800.jpeg 1200w, https:\/\/reporterosdelsur.org\/diario\/wp-content\/uploads\/2026\/09\/Sos-4-2-465x310.jpeg 465w, https:\/\/reporterosdelsur.org\/diario\/wp-content\/uploads\/2026\/09\/Sos-4-2-695x463.jpeg 695w, https:\/\/reporterosdelsur.org\/diario\/wp-content\/uploads\/2026\/09\/Sos-4-2.jpeg 1280w\" sizes=\"auto, (max-width: 1024px) 100vw, 1024px\" \/><\/figure>\n\n\n\n<p class=\"wp-block-paragraph\">El programa continu\u00f3 con la participaci\u00f3n de Eduardo L\u00f3pez Moreno, director del World Urban Pavilion, quien present\u00f3 la ponencia <strong>\u201cCiudades y comunidades sostenibles\u201d<\/strong>, enfocada en los retos que enfrenta el desarrollo urbano y la construcci\u00f3n de ciudades m\u00e1s sostenibles.<\/p>\n\n\n\n<p class=\"wp-block-paragraph\">A su vez, Armelle Yvette Gouritin, del Centro de Investigaci\u00f3n en Ciencias de Informaci\u00f3n Geoespacial, A.C., abord\u00f3 el fen\u00f3meno de la <strong>\u201cMigraci\u00f3n clim\u00e1tica: una realidad emergente\u201d<\/strong>, uno de los efectos sociales derivados de las transformaciones ambientales y del cambio clim\u00e1tico.<\/p>\n\n\n\n<h3 class=\"wp-block-heading\">Debaten sobre el futuro energ\u00e9tico de M\u00e9xico<\/h3>\n\n\n\n<p class=\"wp-block-paragraph\">Durante la jornada vespertina se desarroll\u00f3 el panel <strong>\u201cEl nuevo modelo energ\u00e9tico de M\u00e9xico\u201d<\/strong>, moderado por Gary Leonardo Arjona Rodr\u00edguez, subsecretario de Desarrollo Energ\u00e9tico Sostenible de la SEMADES.<\/p>\n\n\n\n<figure class=\"wp-block-image size-large\"><img loading=\"lazy\" decoding=\"async\" width=\"1024\" height=\"682\" src=\"https:\/\/reporterosdelsur.org\/diario\/wp-content\/uploads\/2026\/09\/Sos-3-2-1024x682.jpeg\" alt=\"\" class=\"wp-image-59089\" srcset=\"https:\/\/reporterosdelsur.org\/diario\/wp-content\/uploads\/2026\/09\/Sos-3-2-1024x682.jpeg 1024w, https:\/\/reporterosdelsur.org\/diario\/wp-content\/uploads\/2026\/09\/Sos-3-2-300x200.jpeg 300w, https:\/\/reporterosdelsur.org\/diario\/wp-content\/uploads\/2026\/09\/Sos-3-2-768x512.jpeg 768w, https:\/\/reporterosdelsur.org\/diario\/wp-content\/uploads\/2026\/09\/Sos-3-2-1200x800.jpeg 1200w, https:\/\/reporterosdelsur.org\/diario\/wp-content\/uploads\/2026\/09\/Sos-3-2-465x310.jpeg 465w, https:\/\/reporterosdelsur.org\/diario\/wp-content\/uploads\/2026\/09\/Sos-3-2-695x463.jpeg 695w, https:\/\/reporterosdelsur.org\/diario\/wp-content\/uploads\/2026\/09\/Sos-3-2.jpeg 1280w\" sizes=\"auto, (max-width: 1024px) 100vw, 1024px\" \/><\/figure>\n\n\n\n<p class=\"wp-block-paragraph\">En la mesa participaron Jorge Alberto Ar\u00e9valo Villagr\u00e1n, jefe de la Unidad T\u00e9cnica de Extracci\u00f3n de Hidrocarburos de la Secretar\u00eda de Energ\u00eda (SENER); Ambrosio Ram\u00edrez P\u00e9rez, subdirector de Desarrollo y Evaluaci\u00f3n de Proyectos de la Comisi\u00f3n Federal de Electricidad (CFE), y Oscar Rivas, director de Geocycle M\u00e9xico.<\/p>\n\n\n\n<p class=\"wp-block-paragraph\">Los participantes intercambiaron puntos de vista sobre la evoluci\u00f3n del sector energ\u00e9tico nacional y los retos para avanzar hacia esquemas que combinen seguridad energ\u00e9tica, desarrollo econ\u00f3mico y protecci\u00f3n ambiental.<\/p>\n\n\n\n<p class=\"wp-block-paragraph\">Posteriormente se realiz\u00f3 la mesa <strong>\u201cRenovables sin huella\u201d<\/strong>, moderada por Oscar Rafael Hern\u00e1ndez Meneses, integrante del Consejo Estatal de Cambio Clim\u00e1tico de Tabasco.<\/p>\n\n\n\n<p class=\"wp-block-paragraph\">En este espacio participaron Luis Giovanni Santos Gonz\u00e1lez, subsecretario de Medio Ambiente y Recursos Naturales de la SEMADES; Luis Alberto Calder\u00f3n Torres, gerente de Solarvatio, y Alicia Carrillo Famoso, coordinadora de Sostenibilidad en Holcim M\u00e9xico.<\/p>\n\n\n\n<p class=\"wp-block-paragraph\">El panel puso \u00e9nfasis en los procesos de <strong>descarbonizaci\u00f3n industrial<\/strong> y en la necesidad de incorporar tecnolog\u00edas y estrategias que permitan reducir el impacto ambiental de las actividades productivas.<\/p>\n\n\n\n<figure class=\"wp-block-image size-large\"><img loading=\"lazy\" decoding=\"async\" width=\"1024\" height=\"682\" src=\"https:\/\/reporterosdelsur.org\/diario\/wp-content\/uploads\/2026\/09\/Sos-2-2-1024x682.jpeg\" alt=\"\" class=\"wp-image-59090\" srcset=\"https:\/\/reporterosdelsur.org\/diario\/wp-content\/uploads\/2026\/09\/Sos-2-2-1024x682.jpeg 1024w, https:\/\/reporterosdelsur.org\/diario\/wp-content\/uploads\/2026\/09\/Sos-2-2-300x200.jpeg 300w, https:\/\/reporterosdelsur.org\/diario\/wp-content\/uploads\/2026\/09\/Sos-2-2-768x512.jpeg 768w, https:\/\/reporterosdelsur.org\/diario\/wp-content\/uploads\/2026\/09\/Sos-2-2-1200x800.jpeg 1200w, https:\/\/reporterosdelsur.org\/diario\/wp-content\/uploads\/2026\/09\/Sos-2-2-465x310.jpeg 465w, https:\/\/reporterosdelsur.org\/diario\/wp-content\/uploads\/2026\/09\/Sos-2-2-695x463.jpeg 695w, https:\/\/reporterosdelsur.org\/diario\/wp-content\/uploads\/2026\/09\/Sos-2-2.jpeg 1280w\" sizes=\"auto, (max-width: 1024px) 100vw, 1024px\" \/><\/figure>\n\n\n\n<h3 class=\"wp-block-heading\">Erosi\u00f3n costera y liderazgo sostenible<\/h3>\n\n\n\n<p class=\"wp-block-paragraph\">Hacia el cierre de las actividades t\u00e9cnicas, Paulo Salles Afonso de Almeida, investigador de la Universidad Nacional Aut\u00f3noma de M\u00e9xico (UNAM), present\u00f3 un an\u00e1lisis sobre la <strong>erosi\u00f3n costera<\/strong>, fen\u00f3meno que representa un desaf\u00edo para comunidades, ecosistemas e infraestructura ubicados en zonas costeras.<\/p>\n\n\n\n<p class=\"wp-block-paragraph\">Finalmente, Soffia Alarc\u00f3n D\u00edaz, directora asociada para las Am\u00e9ricas en la Unidad de Sostenibilidad de Schneider Electric, imparti\u00f3 la conferencia <strong>\u201cLiderazgo sostenible y ventaja competitiva\u201d<\/strong>, en la que abord\u00f3 la integraci\u00f3n de criterios ambientales, sociales y de gobernanza (ESG) como elementos estrat\u00e9gicos para el sector empresarial.<\/p>\n\n\n\n<h3 class=\"wp-block-heading\">Confirman SOS27 para agosto de 2027<\/h3>\n\n\n\n<p class=\"wp-block-paragraph\">La Convenci\u00f3n Internacional SOS26 concluy\u00f3 oficialmente alrededor de las <strong>19:04 horas<\/strong>, con la ceremonia de clausura encabezada por Gary Leonardo Arjona Rodr\u00edguez.<\/p>\n\n\n\n<p class=\"wp-block-paragraph\">A nombre del gobernador Javier May Rodr\u00edguez y de la secretaria de Medio Ambiente y Desarrollo Sostenible, Sheila Cadena Nieto, el funcionario agradeci\u00f3 la participaci\u00f3n de organizadores, conferencistas, expositores y asistentes que hicieron posible la realizaci\u00f3n del encuentro.<\/p>\n\n\n\n<p class=\"wp-block-paragraph\">Durante la clausura se destac\u00f3 que SOS26 se consolid\u00f3 como un espacio de intercambio entre los sectores p\u00fablico, privado, acad\u00e9mico y social para analizar los desaf\u00edos relacionados con el medio ambiente, la energ\u00eda y la sostenibilidad.<\/p>\n\n\n\n<p class=\"wp-block-paragraph\">Asimismo, por instrucci\u00f3n del Gobierno de Tabasco, <strong>se confirm\u00f3 la realizaci\u00f3n de la tercera edici\u00f3n de la Convenci\u00f3n Internacional de Sostenibilidad, \u201cSOS27\u201d, programada para agosto de 2027<\/strong>.<\/p>\n","protected":false},"excerpt":{"rendered":"<p>La segunda edici\u00f3n de la Convenci\u00f3n Internacional de Sostenibilidad: Energ\u00eda y Medio Ambiente \u201cSOS26\u201d reuni\u00f3 durante dos jornadas a visitantes nacionales e internacionales, empresarios, investigadores, j\u00f3venes y servidores p\u00fablicos. La organizaci\u00f3n confirm\u00f3 que la pr\u00f3xima edici\u00f3n se realizar\u00e1 en agosto de 2027. TABASCO.- Con una asistencia superior a los 5<span class=\"more-link theme-more-link\"><a href=\"https:\/\/reporterosdelsur.org\/diario\/2026\/09\/con-mas-de-5-mil-asistentes-concluye-en-tabasco-la-convencion-internacional-sos26\/\">Leer Nota Complete<\/a><\/span><\/p>\n","protected":false},"author":1,"featured_media":59086,"comment_status":"open","ping_status":"open","sticky":false,"template":"","format":"standard","meta":{"footnotes":"","jetpack_publicize_message":"","jetpack_publicize_feature_enabled":true,"jetpack_social_post_already_shared":true,"jetpack_social_options":{"image_generator_settings":{"template":"highway","default_image_id":0,"font":"","enabled":false},"version":2}},"categories":[6,2],"tags":[418,714,38,350,2329,35,34],"class_list":["entry","author-admin","post-59085","post","type-post","status-publish","format-standard","has-post-thumbnail","category-destacado","category-tabasco","tag-gobierno-de-tabasco","tag-medio-ambiente","tag-noticias","tag-semades","tag-sos26","tag-tabasco","tag-villahermosa"],"jetpack_publicize_connections":[],"featured_image_urls":{"full":["https:\/\/reporterosdelsur.org\/diario\/wp-content\/uploads\/2026\/09\/Sos-1-2.jpeg",1280,853,false],"thumbnail":["https:\/\/reporterosdelsur.org\/diario\/wp-content\/uploads\/2026\/09\/Sos-1-2-150x150.jpeg",150,150,true],"medium":["https:\/\/reporterosdelsur.org\/diario\/wp-content\/uploads\/2026\/09\/Sos-1-2-300x200.jpeg",300,200,true],"medium_large":["https:\/\/reporterosdelsur.org\/diario\/wp-content\/uploads\/2026\/09\/Sos-1-2-768x512.jpeg",768,512,true],"large":["https:\/\/reporterosdelsur.org\/diario\/wp-content\/uploads\/2026\/09\/Sos-1-2-1024x682.jpeg",1024,682,true],"1536x1536":["https:\/\/reporterosdelsur.org\/diario\/wp-content\/uploads\/2026\/09\/Sos-1-2.jpeg",1280,853,false],"2048x2048":["https:\/\/reporterosdelsur.org\/diario\/wp-content\/uploads\/2026\/09\/Sos-1-2.jpeg",1280,853,false],"ultp_layout_landscape_large":["https:\/\/reporterosdelsur.org\/diario\/wp-content\/uploads\/2026\/09\/Sos-1-2-1200x800.jpeg",1200,800,true],"ultp_layout_landscape":["https:\/\/reporterosdelsur.org\/diario\/wp-content\/uploads\/2026\/09\/Sos-1-2-870x570.jpeg",870,570,true],"ultp_layout_portrait":["https:\/\/reporterosdelsur.org\/diario\/wp-content\/uploads\/2026\/09\/Sos-1-2-600x853.jpeg",600,853,true],"ultp_layout_square":["https:\/\/reporterosdelsur.org\/diario\/wp-content\/uploads\/2026\/09\/Sos-1-2-600x600.jpeg",600,600,true],"hoot-medium-thumb":["https:\/\/reporterosdelsur.org\/diario\/wp-content\/uploads\/2026\/09\/Sos-1-2-460x400.jpeg",460,400,true],"hoot-preview":["https:\/\/reporterosdelsur.org\/diario\/wp-content\/uploads\/2026\/09\/Sos-1-2-465x310.jpeg",465,310,true],"hoot-preview-thumb":["https:\/\/reporterosdelsur.org\/diario\/wp-content\/uploads\/2026\/09\/Sos-1-2-465x550.jpeg",465,550,true],"hoot-large-thumb":["https:\/\/reporterosdelsur.org\/diario\/wp-content\/uploads\/2026\/09\/Sos-1-2-690x550.jpeg",690,550,true],"hoot-preview-large":["https:\/\/reporterosdelsur.org\/diario\/wp-content\/uploads\/2026\/09\/Sos-1-2-695x463.jpeg",695,463,true],"hoot-wide-thumb":["https:\/\/reporterosdelsur.org\/diario\/wp-content\/uploads\/2026\/09\/Sos-1-2-920x425.jpeg",920,425,true],"hoot-extra-wide-thumb":["https:\/\/reporterosdelsur.org\/diario\/wp-content\/uploads\/2026\/09\/Sos-1-2-1035x425.jpeg",1035,425,true]},"author_info":{"display_name":"Reporteros del Sur","author_link":"https:\/\/reporterosdelsur.org\/diario\/author\/admin\/"},"category_info":"<a href=\"https:\/\/reporterosdelsur.org\/diario\/category\/destacado\/\" rel=\"category tag\">Destacado<\/a> <a href=\"https:\/\/reporterosdelsur.org\/diario\/category\/tabasco\/\" rel=\"category tag\">Tabasco<\/a>","tag_info":"Tabasco","comment_count":"0","_links":{"self":[{"href":"https:\/\/reporterosdelsur.org\/diario\/wp-json\/wp\/v2\/posts\/59085","targetHints":{"allow":["GET"]}}],"collection":[{"href":"https:\/\/reporterosdelsur.org\/diario\/wp-json\/wp\/v2\/posts"}],"about":[{"href":"https:\/\/reporterosdelsur.org\/diario\/wp-json\/wp\/v2\/types\/post"}],"author":[{"embeddable":true,"href":"https:\/\/reporterosdelsur.org\/diario\/wp-json\/wp\/v2\/users\/1"}],"replies":[{"embeddable":true,"href":"https:\/\/reporterosdelsur.org\/diario\/wp-json\/wp\/v2\/comments?post=59085"}],"version-history":[{"count":2,"href":"https:\/\/reporterosdelsur.org\/diario\/wp-json\/wp\/v2\/posts\/59085\/revisions"}],"predecessor-version":[{"id":59096,"href":"https:\/\/reporterosdelsur.org\/diario\/wp-json\/wp\/v2\/posts\/59085\/revisions\/59096"}],"wp:featuredmedia":[{"embeddable":true,"href":"https:\/\/reporterosdelsur.org\/diario\/wp-json\/wp\/v2\/media\/59086"}],"wp:attachment":[{"href":"https:\/\/reporterosdelsur.org\/diario\/wp-json\/wp\/v2\/media?parent=59085"}],"wp:term":[{"taxonomy":"category","embeddable":true,"href":"https:\/\/reporterosdelsur.org\/diario\/wp-json\/wp\/v2\/categories?post=59085"},{"taxonomy":"post_tag","embeddable":true,"href":"https:\/\/reporterosdelsur.org\/diario\/wp-json\/wp\/v2\/tags?post=59085"}],"curies":[{"name":"wp","href":"https:\/\/api.w.org\/{rel}","templated":true}]}}