{"id":59081,"date":"2026-09-05T06:55:20","date_gmt":"2026-09-05T12:55:20","guid":{"rendered":"https:\/\/reporterosdelsur.org\/diario\/?p=59081"},"modified":"2026-09-05T06:55:23","modified_gmt":"2026-09-05T12:55:23","slug":"vicente-fox-y-alejandro-moreno-exploran-frente-opositor-contra-morena","status":"publish","type":"post","link":"https:\/\/reporterosdelsur.org\/diario\/2026\/09\/vicente-fox-y-alejandro-moreno-exploran-frente-opositor-contra-morena\/","title":{"rendered":"Vicente Fox y Alejandro Moreno exploran frente opositor contra Morena"},"content":{"rendered":"\n<p class=\"wp-block-paragraph\"><strong>El ex presidente Vicente Fox se reuni\u00f3 con el dirigente nacional del PRI, Alejandro Moreno C\u00e1rdenas, para analizar la situaci\u00f3n pol\u00edtica del pa\u00eds y la posibilidad de sumar a partidos, organizaciones civiles y ciudadanos en una alternativa de oposici\u00f3n.<\/strong><\/p>\n\n\n\n<p class=\"wp-block-paragraph\"><strong>CIUDAD DE M\u00c9XICO.- El ex presidente Vicente Fox Quesada y el dirigente nacional del Partido Revolucionario Institucional (PRI), Alejandro Moreno C\u00e1rdenas, sostuvieron una reuni\u00f3n para dialogar sobre la posibilidad de construir un frente opositor<\/strong>, d\u00edas despu\u00e9s de que el l\u00edder priista planteara desde la tribuna de la C\u00e1mara de Diputados la necesidad de formar una alianza para hacer frente a Morena.<\/p>\n\n\n\n<p class=\"wp-block-paragraph\">El encuentro se realiz\u00f3 este viernes en la sede nacional del PRI, donde ambos pol\u00edticos abordaron, de acuerdo con la dirigencia del partido, la situaci\u00f3n pol\u00edtica que atraviesa M\u00e9xico, los desaf\u00edos para la democracia y la defensa de las instituciones y las libertades.<\/p>\n\n\n\n<p class=\"wp-block-paragraph\">Tambi\u00e9n analizaron la importancia de fortalecer los contrapesos pol\u00edticos y promover una mayor participaci\u00f3n ciudadana.<\/p>\n\n\n\n<h3 class=\"wp-block-heading\">PRI plantea sumar a distintos sectores<\/h3>\n\n\n\n<p class=\"wp-block-paragraph\">Durante la reuni\u00f3n, Moreno C\u00e1rdenas expres\u00f3 su reconocimiento a la trayectoria pol\u00edtica de Fox y destac\u00f3 la importancia de generar espacios de di\u00e1logo entre fuerzas pol\u00edticas, organizaciones de la sociedad civil y ciudadanos que coincidan en la defensa de la democracia y las instituciones.<\/p>\n\n\n\n<p class=\"wp-block-paragraph\">El dirigente priista sostuvo que M\u00e9xico requiere una oposici\u00f3n &#8220;firme, responsable y con capacidad para sumar&#8221; a quienes buscan preservar un pa\u00eds democr\u00e1tico y plural.<\/p>\n\n\n\n<figure class=\"wp-block-image size-large\"><img loading=\"lazy\" decoding=\"async\" width=\"1024\" height=\"682\" src=\"https:\/\/reporterosdelsur.org\/diario\/wp-content\/uploads\/2026\/09\/Fox-2-1024x682.jpg\" alt=\"\" class=\"wp-image-59083\" srcset=\"https:\/\/reporterosdelsur.org\/diario\/wp-content\/uploads\/2026\/09\/Fox-2-1024x682.jpg 1024w, https:\/\/reporterosdelsur.org\/diario\/wp-content\/uploads\/2026\/09\/Fox-2-300x200.jpg 300w, https:\/\/reporterosdelsur.org\/diario\/wp-content\/uploads\/2026\/09\/Fox-2-768x512.jpg 768w, https:\/\/reporterosdelsur.org\/diario\/wp-content\/uploads\/2026\/09\/Fox-2-1536x1023.jpg 1536w, https:\/\/reporterosdelsur.org\/diario\/wp-content\/uploads\/2026\/09\/Fox-2-1200x800.jpg 1200w, https:\/\/reporterosdelsur.org\/diario\/wp-content\/uploads\/2026\/09\/Fox-2-465x310.jpg 465w, https:\/\/reporterosdelsur.org\/diario\/wp-content\/uploads\/2026\/09\/Fox-2-695x463.jpg 695w, https:\/\/reporterosdelsur.org\/diario\/wp-content\/uploads\/2026\/09\/Fox-2.jpg 1920w\" sizes=\"auto, (max-width: 1024px) 100vw, 1024px\" \/><\/figure>\n\n\n\n<p class=\"wp-block-paragraph\">Reconoci\u00f3 que existen diferencias entre las distintas fuerzas pol\u00edticas, pero consider\u00f3 que tambi\u00e9n hay causas comunes que requieren coordinaci\u00f3n y apertura para alcanzar acuerdos.<\/p>\n\n\n\n<p class=\"wp-block-paragraph\">En este sentido, Moreno y Fox coincidieron en la necesidad de <strong>sumar esfuerzos entre ciudadanos, organizaciones y fuerzas pol\u00edticas<\/strong> para construir una alternativa pol\u00edtica para el pa\u00eds, colocando como ejes la defensa de la democracia y las libertades.<\/p>\n\n\n\n<h3 class=\"wp-block-heading\">Fox llama a fortalecer participaci\u00f3n ciudadana<\/h3>\n\n\n\n<p class=\"wp-block-paragraph\">Por su parte, Vicente Fox destac\u00f3 la importancia de mantener abiertos los canales de di\u00e1logo y convocar a m\u00e1s ciudadanos a participar activamente en la vida p\u00fablica.<\/p>\n\n\n\n<p class=\"wp-block-paragraph\">De acuerdo con el comunicado difundido por el PRI, el ex mandatario se\u00f1al\u00f3 que la asociaci\u00f3n civil <strong>&#8220;Alma de M\u00e9xico&#8221;<\/strong>, que encabeza, continuar\u00e1 promoviendo la organizaci\u00f3n y participaci\u00f3n ciudadana, adem\u00e1s de impulsar encuentros con actores pol\u00edticos y sociales.<\/p>\n\n\n\n<p class=\"wp-block-paragraph\">La reuni\u00f3n ocurre en un contexto en el que distintos sectores de la oposici\u00f3n han planteado la necesidad de establecer mecanismos de coordinaci\u00f3n frente al predominio electoral y pol\u00edtico de Morena.<\/p>\n\n\n\n<h3 class=\"wp-block-heading\">Participan ex funcionarios y coordinadores parlamentarios<\/h3>\n\n\n\n<p class=\"wp-block-paragraph\">Adem\u00e1s de Vicente Fox, en el encuentro participaron integrantes de &#8220;Alma de M\u00e9xico&#8221;, entre ellos <strong>Juan Carlos Romero Hicks, Jos\u00e9 Luis Salas Cacho, Rodolfo Elizondo, Jos\u00e9 Espina, V\u00edctor Guerrero Ch\u00e1vez y Juan Hern\u00e1ndez<\/strong>.<\/p>\n\n\n\n<p class=\"wp-block-paragraph\">Por parte del PRI estuvieron Alejandro Moreno C\u00e1rdenas y los coordinadores parlamentarios del partido en el Senado y la C\u00e1mara de Diputados, <strong>Manuel A\u00f1orve y Rub\u00e9n Moreira<\/strong>, respectivamente.<\/p>\n\n\n\n<p class=\"wp-block-paragraph\">La dirigencia nacional del PRI agradeci\u00f3 la visita del ex presidente y manifest\u00f3 su disposici\u00f3n para continuar el di\u00e1logo con organizaciones civiles, ciudadanos y liderazgos pol\u00edticos que coincidan en la defensa de la Constituci\u00f3n, las instituciones, las libertades y la democracia.<\/p>\n\n\n\n<p class=\"wp-block-paragraph\">Por ahora, el encuentro representa un acercamiento entre figuras de distintos sectores de la oposici\u00f3n, aunque <strong>no se anunci\u00f3 formalmente la creaci\u00f3n de una nueva alianza electoral ni se establecieron mecanismos concretos para su conformaci\u00f3n<\/strong>.<\/p>\n","protected":false},"excerpt":{"rendered":"<p>El ex presidente Vicente Fox se reuni\u00f3 con el dirigente nacional del PRI, Alejandro Moreno C\u00e1rdenas, para analizar la situaci\u00f3n pol\u00edtica del pa\u00eds y la posibilidad de sumar a partidos, organizaciones civiles y ciudadanos en una alternativa de oposici\u00f3n. CIUDAD DE M\u00c9XICO.- El ex presidente Vicente Fox Quesada y el<span class=\"more-link theme-more-link\"><a href=\"https:\/\/reporterosdelsur.org\/diario\/2026\/09\/vicente-fox-y-alejandro-moreno-exploran-frente-opositor-contra-morena\/\">Leer Nota Complete<\/a><\/span><\/p>\n","protected":false},"author":1,"featured_media":59082,"comment_status":"open","ping_status":"open","sticky":false,"template":"","format":"standard","meta":{"footnotes":"","jetpack_publicize_message":"","jetpack_publicize_feature_enabled":true,"jetpack_social_post_already_shared":true,"jetpack_social_options":{"image_generator_settings":{"template":"highway","default_image_id":0,"font":"","enabled":false},"version":2}},"categories":[3],"tags":[1375,240,29,121,1210,38,790],"class_list":["entry","author-admin","post-59081","post","type-post","status-publish","format-standard","has-post-thumbnail","category-mexico","tag-eleccion-2027","tag-ine","tag-mexico","tag-morena","tag-nacionales","tag-noticias","tag-pri"],"jetpack_publicize_connections":[],"featured_image_urls":{"full":["https:\/\/reporterosdelsur.org\/diario\/wp-content\/uploads\/2026\/09\/Fox-1.jpg",1110,740,false],"thumbnail":["https:\/\/reporterosdelsur.org\/diario\/wp-content\/uploads\/2026\/09\/Fox-1-150x150.jpg",150,150,true],"medium":["https:\/\/reporterosdelsur.org\/diario\/wp-content\/uploads\/2026\/09\/Fox-1-300x200.jpg",300,200,true],"medium_large":["https:\/\/reporterosdelsur.org\/diario\/wp-content\/uploads\/2026\/09\/Fox-1-768x512.jpg",768,512,true],"large":["https:\/\/reporterosdelsur.org\/diario\/wp-content\/uploads\/2026\/09\/Fox-1-1024x683.jpg",1024,683,true],"1536x1536":["https:\/\/reporterosdelsur.org\/diario\/wp-content\/uploads\/2026\/09\/Fox-1.jpg",1110,740,false],"2048x2048":["https:\/\/reporterosdelsur.org\/diario\/wp-content\/uploads\/2026\/09\/Fox-1.jpg",1110,740,false],"ultp_layout_landscape_large":["https:\/\/reporterosdelsur.org\/diario\/wp-content\/uploads\/2026\/09\/Fox-1.jpg",1110,740,false],"ultp_layout_landscape":["https:\/\/reporterosdelsur.org\/diario\/wp-content\/uploads\/2026\/09\/Fox-1-870x570.jpg",870,570,true],"ultp_layout_portrait":["https:\/\/reporterosdelsur.org\/diario\/wp-content\/uploads\/2026\/09\/Fox-1-600x740.jpg",600,740,true],"ultp_layout_square":["https:\/\/reporterosdelsur.org\/diario\/wp-content\/uploads\/2026\/09\/Fox-1-600x600.jpg",600,600,true],"hoot-medium-thumb":["https:\/\/reporterosdelsur.org\/diario\/wp-content\/uploads\/2026\/09\/Fox-1-460x400.jpg",460,400,true],"hoot-preview":["https:\/\/reporterosdelsur.org\/diario\/wp-content\/uploads\/2026\/09\/Fox-1-465x310.jpg",465,310,true],"hoot-preview-thumb":["https:\/\/reporterosdelsur.org\/diario\/wp-content\/uploads\/2026\/09\/Fox-1-465x550.jpg",465,550,true],"hoot-large-thumb":["https:\/\/reporterosdelsur.org\/diario\/wp-content\/uploads\/2026\/09\/Fox-1-690x550.jpg",690,550,true],"hoot-preview-large":["https:\/\/reporterosdelsur.org\/diario\/wp-content\/uploads\/2026\/09\/Fox-1-695x463.jpg",695,463,true],"hoot-wide-thumb":["https:\/\/reporterosdelsur.org\/diario\/wp-content\/uploads\/2026\/09\/Fox-1-920x425.jpg",920,425,true],"hoot-extra-wide-thumb":["https:\/\/reporterosdelsur.org\/diario\/wp-content\/uploads\/2026\/09\/Fox-1-1035x425.jpg",1035,425,true]},"author_info":{"display_name":"Reporteros del Sur","author_link":"https:\/\/reporterosdelsur.org\/diario\/author\/admin\/"},"category_info":"<a href=\"https:\/\/reporterosdelsur.org\/diario\/category\/mexico\/\" rel=\"category tag\">M\u00e9xico<\/a>","tag_info":"M\u00e9xico","comment_count":"0","_links":{"self":[{"href":"https:\/\/reporterosdelsur.org\/diario\/wp-json\/wp\/v2\/posts\/59081","targetHints":{"allow":["GET"]}}],"collection":[{"href":"https:\/\/reporterosdelsur.org\/diario\/wp-json\/wp\/v2\/posts"}],"about":[{"href":"https:\/\/reporterosdelsur.org\/diario\/wp-json\/wp\/v2\/types\/post"}],"author":[{"embeddable":true,"href":"https:\/\/reporterosdelsur.org\/diario\/wp-json\/wp\/v2\/users\/1"}],"replies":[{"embeddable":true,"href":"https:\/\/reporterosdelsur.org\/diario\/wp-json\/wp\/v2\/comments?post=59081"}],"version-history":[{"count":1,"href":"https:\/\/reporterosdelsur.org\/diario\/wp-json\/wp\/v2\/posts\/59081\/revisions"}],"predecessor-version":[{"id":59084,"href":"https:\/\/reporterosdelsur.org\/diario\/wp-json\/wp\/v2\/posts\/59081\/revisions\/59084"}],"wp:featuredmedia":[{"embeddable":true,"href":"https:\/\/reporterosdelsur.org\/diario\/wp-json\/wp\/v2\/media\/59082"}],"wp:attachment":[{"href":"https:\/\/reporterosdelsur.org\/diario\/wp-json\/wp\/v2\/media?parent=59081"}],"wp:term":[{"taxonomy":"category","embeddable":true,"href":"https:\/\/reporterosdelsur.org\/diario\/wp-json\/wp\/v2\/categories?post=59081"},{"taxonomy":"post_tag","embeddable":true,"href":"https:\/\/reporterosdelsur.org\/diario\/wp-json\/wp\/v2\/tags?post=59081"}],"curies":[{"name":"wp","href":"https:\/\/api.w.org\/{rel}","templated":true}]}}