{"id":59078,"date":"2026-09-05T06:49:40","date_gmt":"2026-09-05T12:49:40","guid":{"rendered":"https:\/\/reporterosdelsur.org\/diario\/?p=59078"},"modified":"2026-09-05T06:49:44","modified_gmt":"2026-09-05T12:49:44","slug":"putin-ordena-una-pausa-de-tres-dias-en-los-ataques-contra-kiev","status":"publish","type":"post","link":"https:\/\/reporterosdelsur.org\/diario\/2026\/09\/putin-ordena-una-pausa-de-tres-dias-en-los-ataques-contra-kiev\/","title":{"rendered":"Putin ordena una pausa de tres d\u00edas en los ataques contra Kiev"},"content":{"rendered":"\n<p class=\"wp-block-paragraph\"><strong>El Kremlin inform\u00f3 que las fuerzas rusas recibieron la orden de suspender las operaciones militares durante tres d\u00edas, en coincidencia con la visita de enviados especiales del presidente Donald Trump a Kiev. La medida ocurre mientras Mosc\u00fa y Washington mantienen contactos para buscar una salida al conflicto en Ucrania.<\/strong><\/p>\n\n\n\n<p class=\"wp-block-paragraph\"><strong>MOSC\u00da.- El presidente de Rusia, Vlad\u00edmir Putin, orden\u00f3 un alto el fuego temporal de tres d\u00edas en la l\u00ednea de contacto con Ucrania<\/strong>, inform\u00f3 este s\u00e1bado el portavoz del Kremlin, Dmitri Peskov.<\/p>\n\n\n\n<p class=\"wp-block-paragraph\">De acuerdo con el funcionario, las Fuerzas Armadas rusas recibieron instrucciones para suspender las acciones militares <strong>a partir de las 00:00 horas del 5 de septiembre, hora local<\/strong>, como parte de una medida vinculada con los esfuerzos diplom\u00e1ticos para avanzar hacia una soluci\u00f3n al conflicto.<\/p>\n\n\n\n<p class=\"wp-block-paragraph\">Peskov explic\u00f3 que la pausa coincide con los preparativos para la visita a Kiev de los enviados especiales del presidente de Estados Unidos, Donald Trump, <strong>Steve Witkoff y Jared Kushner<\/strong>, quienes tienen previsto trasladarse a la capital ucraniana despu\u00e9s de sus contactos en Mosc\u00fa.<\/p>\n\n\n\n<h3 class=\"wp-block-heading\">Enviados de Trump llevar\u00e1n una propuesta<\/h3>\n\n\n\n<p class=\"wp-block-paragraph\">La decisi\u00f3n de Mosc\u00fa se produce despu\u00e9s de que Trump anunciara el env\u00edo de Witkoff y Kushner para presentar una propuesta encaminada a poner fin al conflicto entre Rusia y Ucrania.<\/p>\n\n\n\n<p class=\"wp-block-paragraph\">El presidente estadounidense ha insistido en que busca alcanzar acuerdos para terminar con diferentes conflictos internacionales y expres\u00f3 su expectativa de que las negociaciones permitan avanzar hacia el fin de la guerra en Ucrania.<\/p>\n\n\n\n<p class=\"wp-block-paragraph\">Los contactos entre Washington y Mosc\u00fa se mantienen abiertos, incluso mediante canales de inteligencia, seg\u00fan ha reconocido el Kremlin.<\/p>\n\n\n\n<figure class=\"wp-block-image size-large\"><img loading=\"lazy\" decoding=\"async\" width=\"1024\" height=\"577\" src=\"https:\/\/reporterosdelsur.org\/diario\/wp-content\/uploads\/2026\/09\/Rusia-1-1024x577.jpg\" alt=\"\" class=\"wp-image-59079\" srcset=\"https:\/\/reporterosdelsur.org\/diario\/wp-content\/uploads\/2026\/09\/Rusia-1-1024x577.jpg 1024w, https:\/\/reporterosdelsur.org\/diario\/wp-content\/uploads\/2026\/09\/Rusia-1-300x169.jpg 300w, https:\/\/reporterosdelsur.org\/diario\/wp-content\/uploads\/2026\/09\/Rusia-1-768x433.jpg 768w, https:\/\/reporterosdelsur.org\/diario\/wp-content\/uploads\/2026\/09\/Rusia-1-465x262.jpg 465w, https:\/\/reporterosdelsur.org\/diario\/wp-content\/uploads\/2026\/09\/Rusia-1-695x392.jpg 695w, https:\/\/reporterosdelsur.org\/diario\/wp-content\/uploads\/2026\/09\/Rusia-1.jpg 1104w\" sizes=\"auto, (max-width: 1024px) 100vw, 1024px\" \/><\/figure>\n\n\n\n<h3 class=\"wp-block-heading\">Putin asegura que busca una paz duradera<\/h3>\n\n\n\n<p class=\"wp-block-paragraph\">El mandatario ruso ha reiterado que el objetivo de Mosc\u00fa no consiste \u00fanicamente en congelar las hostilidades, sino en alcanzar una soluci\u00f3n que permita establecer una <strong>&#8220;paz larga y absoluta&#8221;<\/strong> en Ucrania y Europa.<\/p>\n\n\n\n<p class=\"wp-block-paragraph\">Putin tambi\u00e9n ha manifestado su disposici\u00f3n a mantener conversaciones con representantes estadounidenses y ha se\u00f1alado que existen canales de comunicaci\u00f3n activos entre ambos gobiernos.<\/p>\n\n\n\n<p class=\"wp-block-paragraph\">El Kremlin considera que cualquier acuerdo deber\u00e1 abordar las causas que, desde su perspectiva, originaron el conflicto y ofrecer garant\u00edas para evitar una nueva escalada militar.<\/p>\n\n\n\n<h3 class=\"wp-block-heading\">Antecedentes de treguas<\/h3>\n\n\n\n<p class=\"wp-block-paragraph\">Durante el conflicto se han establecido distintos altos el fuego temporales, aunque las partes se han acusado mutuamente de incumplirlos.<\/p>\n\n\n\n<p class=\"wp-block-paragraph\">Uno de los episodios m\u00e1s recientes ocurri\u00f3 entre el 8 y el 10 de mayo, cuando Rusia y Ucrania acordaron una pausa de las hostilidades con motivo de las celebraciones del D\u00eda de la Victoria.<\/p>\n\n\n\n<p class=\"wp-block-paragraph\">En aquella ocasi\u00f3n, el Ministerio de Defensa ruso afirm\u00f3 que las fuerzas ucranianas hab\u00edan cometido miles de violaciones al cese temporal, aunque dichas acusaciones forman parte de las versiones enfrentadas que Mosc\u00fa y Kiev han presentado durante el conflicto.<\/p>\n\n\n\n<p class=\"wp-block-paragraph\">La nueva pausa de tres d\u00edas ser\u00e1 observada con especial atenci\u00f3n debido a su coincidencia con los contactos diplom\u00e1ticos impulsados por Washington y la pr\u00f3xima visita de los representantes de Trump a Kiev.<\/p>\n\n\n\n<p class=\"wp-block-paragraph\">Por ahora, <strong>la principal inc\u00f3gnita ser\u00e1 si el cese temporal puede convertirse en un punto de partida para nuevas negociaciones o si quedar\u00e1 limitado a una pausa vinculada con los actuales esfuerzos diplom\u00e1ticos<\/strong>.<\/p>\n","protected":false},"excerpt":{"rendered":"<p>El Kremlin inform\u00f3 que las fuerzas rusas recibieron la orden de suspender las operaciones militares durante tres d\u00edas, en coincidencia con la visita de enviados especiales del presidente Donald Trump a Kiev. La medida ocurre mientras Mosc\u00fa y Washington mantienen contactos para buscar una salida al conflicto en Ucrania. MOSC\u00da.-<span class=\"more-link theme-more-link\"><a href=\"https:\/\/reporterosdelsur.org\/diario\/2026\/09\/putin-ordena-una-pausa-de-tres-dias-en-los-ataques-contra-kiev\/\">Leer Nota Complete<\/a><\/span><\/p>\n","protected":false},"author":2,"featured_media":59079,"comment_status":"open","ping_status":"open","sticky":false,"template":"","format":"standard","meta":{"footnotes":"","jetpack_publicize_message":"","jetpack_publicize_feature_enabled":true,"jetpack_social_post_already_shared":true,"jetpack_social_options":{"image_generator_settings":{"template":"highway","default_image_id":0,"font":"","enabled":false},"version":2}},"categories":[4],"tags":[480,1346,146,481,101,1077,1114,1156,1358,1402,71,38,32,666,837,333,838],"class_list":["entry","author-guza0892gmail-com","post-59078","post","type-post","status-publish","format-standard","has-post-thumbnail","category-mundo","tag-economia","tag-energeticos","tag-eu","tag-finanzas","tag-gas","tag-gobiernos","tag-guerras","tag-internacionales","tag-irak","tag-medio-oriente","tag-mundo","tag-noticias","tag-petroleo","tag-politica-2","tag-rusia","tag-seguridad","tag-ucrania"],"jetpack_publicize_connections":[],"featured_image_urls":{"full":["https:\/\/reporterosdelsur.org\/diario\/wp-content\/uploads\/2026\/09\/Rusia-1.jpg",1104,622,false],"thumbnail":["https:\/\/reporterosdelsur.org\/diario\/wp-content\/uploads\/2026\/09\/Rusia-1-150x150.jpg",150,150,true],"medium":["https:\/\/reporterosdelsur.org\/diario\/wp-content\/uploads\/2026\/09\/Rusia-1-300x169.jpg",300,169,true],"medium_large":["https:\/\/reporterosdelsur.org\/diario\/wp-content\/uploads\/2026\/09\/Rusia-1-768x433.jpg",768,433,true],"large":["https:\/\/reporterosdelsur.org\/diario\/wp-content\/uploads\/2026\/09\/Rusia-1-1024x577.jpg",1024,577,true],"1536x1536":["https:\/\/reporterosdelsur.org\/diario\/wp-content\/uploads\/2026\/09\/Rusia-1.jpg",1104,622,false],"2048x2048":["https:\/\/reporterosdelsur.org\/diario\/wp-content\/uploads\/2026\/09\/Rusia-1.jpg",1104,622,false],"ultp_layout_landscape_large":["https:\/\/reporterosdelsur.org\/diario\/wp-content\/uploads\/2026\/09\/Rusia-1.jpg",1104,622,false],"ultp_layout_landscape":["https:\/\/reporterosdelsur.org\/diario\/wp-content\/uploads\/2026\/09\/Rusia-1-870x570.jpg",870,570,true],"ultp_layout_portrait":["https:\/\/reporterosdelsur.org\/diario\/wp-content\/uploads\/2026\/09\/Rusia-1-600x622.jpg",600,622,true],"ultp_layout_square":["https:\/\/reporterosdelsur.org\/diario\/wp-content\/uploads\/2026\/09\/Rusia-1-600x600.jpg",600,600,true],"hoot-medium-thumb":["https:\/\/reporterosdelsur.org\/diario\/wp-content\/uploads\/2026\/09\/Rusia-1-460x400.jpg",460,400,true],"hoot-preview":["https:\/\/reporterosdelsur.org\/diario\/wp-content\/uploads\/2026\/09\/Rusia-1-465x262.jpg",465,262,true],"hoot-preview-thumb":["https:\/\/reporterosdelsur.org\/diario\/wp-content\/uploads\/2026\/09\/Rusia-1-465x550.jpg",465,550,true],"hoot-large-thumb":["https:\/\/reporterosdelsur.org\/diario\/wp-content\/uploads\/2026\/09\/Rusia-1-690x550.jpg",690,550,true],"hoot-preview-large":["https:\/\/reporterosdelsur.org\/diario\/wp-content\/uploads\/2026\/09\/Rusia-1-695x392.jpg",695,392,true],"hoot-wide-thumb":["https:\/\/reporterosdelsur.org\/diario\/wp-content\/uploads\/2026\/09\/Rusia-1-920x425.jpg",920,425,true],"hoot-extra-wide-thumb":["https:\/\/reporterosdelsur.org\/diario\/wp-content\/uploads\/2026\/09\/Rusia-1-1035x425.jpg",1035,425,true]},"author_info":{"display_name":"Reporteros del Sur","author_link":"https:\/\/reporterosdelsur.org\/diario\/author\/guza0892gmail-com\/"},"category_info":"<a href=\"https:\/\/reporterosdelsur.org\/diario\/category\/mundo\/\" rel=\"category tag\">Mundo<\/a>","tag_info":"Mundo","comment_count":"0","_links":{"self":[{"href":"https:\/\/reporterosdelsur.org\/diario\/wp-json\/wp\/v2\/posts\/59078","targetHints":{"allow":["GET"]}}],"collection":[{"href":"https:\/\/reporterosdelsur.org\/diario\/wp-json\/wp\/v2\/posts"}],"about":[{"href":"https:\/\/reporterosdelsur.org\/diario\/wp-json\/wp\/v2\/types\/post"}],"author":[{"embeddable":true,"href":"https:\/\/reporterosdelsur.org\/diario\/wp-json\/wp\/v2\/users\/2"}],"replies":[{"embeddable":true,"href":"https:\/\/reporterosdelsur.org\/diario\/wp-json\/wp\/v2\/comments?post=59078"}],"version-history":[{"count":1,"href":"https:\/\/reporterosdelsur.org\/diario\/wp-json\/wp\/v2\/posts\/59078\/revisions"}],"predecessor-version":[{"id":59080,"href":"https:\/\/reporterosdelsur.org\/diario\/wp-json\/wp\/v2\/posts\/59078\/revisions\/59080"}],"wp:featuredmedia":[{"embeddable":true,"href":"https:\/\/reporterosdelsur.org\/diario\/wp-json\/wp\/v2\/media\/59079"}],"wp:attachment":[{"href":"https:\/\/reporterosdelsur.org\/diario\/wp-json\/wp\/v2\/media?parent=59078"}],"wp:term":[{"taxonomy":"category","embeddable":true,"href":"https:\/\/reporterosdelsur.org\/diario\/wp-json\/wp\/v2\/categories?post=59078"},{"taxonomy":"post_tag","embeddable":true,"href":"https:\/\/reporterosdelsur.org\/diario\/wp-json\/wp\/v2\/tags?post=59078"}],"curies":[{"name":"wp","href":"https:\/\/api.w.org\/{rel}","templated":true}]}}