{"id":59074,"date":"2026-09-05T06:45:09","date_gmt":"2026-09-05T12:45:09","guid":{"rendered":"https:\/\/reporterosdelsur.org\/diario\/?p=59074"},"modified":"2026-09-05T06:45:12","modified_gmt":"2026-09-05T12:45:12","slug":"detienen-a-dos-presuntos-implicados-en-multihomicidio-de-integrante-de-camilo-septimo","status":"publish","type":"post","link":"https:\/\/reporterosdelsur.org\/diario\/2026\/09\/detienen-a-dos-presuntos-implicados-en-multihomicidio-de-integrante-de-camilo-septimo\/","title":{"rendered":"Detienen a dos presuntos implicados en multihomicidio de integrante de Camilo S\u00e9ptimo"},"content":{"rendered":"\n<p class=\"wp-block-paragraph\"><strong>Diego Sebasti\u00e1n \u201cN\u201d y Gerardo \u201cN\u201d fueron ingresados al penal de Barrientos, en el Estado de M\u00e9xico, se\u00f1alados por su probable participaci\u00f3n en el asesinato de cuatro personas, entre ellas el tecladista de Camilo S\u00e9ptimo, su esposa embarazada, su hija de tres a\u00f1os y una trabajadora. La Fiscal\u00eda tambi\u00e9n los investiga por la muerte de una perrita.<\/strong><\/p>\n\n\n\n<p class=\"wp-block-paragraph\"><strong>ESTADO DE M\u00c9XICO.- La Fiscal\u00eda General de Justicia del Estado de M\u00e9xico (FGJEM) cumpliment\u00f3 \u00f3rdenes de aprehensi\u00f3n contra Diego Sebasti\u00e1n \u201cN\u201d y Gerardo \u201cN\u201d, se\u00f1alados por su probable participaci\u00f3n en el multihomicidio ocurrido en un departamento del fraccionamiento Grand Viure<\/strong>, donde fueron asesinados el m\u00fasico Jonathan Samuel Mel\u00e9ndez Ochoa, integrante de la banda Camilo S\u00e9ptimo; su esposa, embarazada de cuatro meses; la hija de ambos, de tres a\u00f1os, y una trabajadora de 21 a\u00f1os.<\/p>\n\n\n\n<p class=\"wp-block-paragraph\">Los dos detenidos fueron ingresados este viernes al Centro Penitenciario y de Reinserci\u00f3n Social de San Pedro Barrientos, en el municipio de Tlalnepantla. Ser\u00e1 este s\u00e1bado cuando se lleve a cabo la audiencia inicial, en la que el Ministerio P\u00fablico formular\u00e1 las imputaciones correspondientes.<\/p>\n\n\n\n<p class=\"wp-block-paragraph\">De acuerdo con la FGJEM, ambos son investigados por los delitos de <strong>homicidio calificado en agravio de cuatro personas, interrupci\u00f3n del embarazo y crueldad contra los seres sintientes<\/strong>, esta \u00faltima acusaci\u00f3n relacionada con la muerte de una perrita localizada dentro del inmueble.<\/p>\n\n\n\n<figure class=\"wp-block-image size-large\"><img loading=\"lazy\" decoding=\"async\" width=\"1024\" height=\"576\" src=\"https:\/\/reporterosdelsur.org\/diario\/wp-content\/uploads\/2026\/09\/Mx-2-1-1024x576.jpg\" alt=\"\" class=\"wp-image-59076\" srcset=\"https:\/\/reporterosdelsur.org\/diario\/wp-content\/uploads\/2026\/09\/Mx-2-1-1024x576.jpg 1024w, https:\/\/reporterosdelsur.org\/diario\/wp-content\/uploads\/2026\/09\/Mx-2-1-300x169.jpg 300w, https:\/\/reporterosdelsur.org\/diario\/wp-content\/uploads\/2026\/09\/Mx-2-1-768x432.jpg 768w, https:\/\/reporterosdelsur.org\/diario\/wp-content\/uploads\/2026\/09\/Mx-2-1-465x262.jpg 465w, https:\/\/reporterosdelsur.org\/diario\/wp-content\/uploads\/2026\/09\/Mx-2-1-695x391.jpg 695w, https:\/\/reporterosdelsur.org\/diario\/wp-content\/uploads\/2026\/09\/Mx-2-1.jpg 1280w\" sizes=\"auto, (max-width: 1024px) 100vw, 1024px\" \/><\/figure>\n\n\n\n<h3 class=\"wp-block-heading\">Presuntamente buscaban criptomonedas<\/h3>\n\n\n\n<p class=\"wp-block-paragraph\">Como una de las principales l\u00edneas de investigaci\u00f3n, la Fiscal\u00eda se\u00f1al\u00f3 que los ahora detenidos aparentemente cre\u00edan que las v\u00edctimas ten\u00edan acceso a una importante cantidad de dinero en criptomonedas.<\/p>\n\n\n\n<p class=\"wp-block-paragraph\">Seg\u00fan las indagatorias, Diego Sebasti\u00e1n \u201cN\u201d habr\u00eda acudido al departamento con la intenci\u00f3n de localizar una supuesta &#8220;caja fr\u00eda&#8221; que contendr\u00eda millones de d\u00f3lares en Bitcoin.<\/p>\n\n\n\n<p class=\"wp-block-paragraph\">La Fiscal\u00eda sostiene que, una vez obtenidos los recursos, Diego habr\u00eda ofrecido a Gerardo la cantidad de <strong>2 millones de pesos<\/strong> como pago por su participaci\u00f3n en los hechos.<\/p>\n\n\n\n<h3 class=\"wp-block-heading\">La llegada al departamento<\/h3>\n\n\n\n<p class=\"wp-block-paragraph\">Las investigaciones establecen que el pasado 1 de septiembre, alrededor de las 17:23 horas, Gerardo \u201cN\u201d y Diego Sebasti\u00e1n \u201cN\u201d arribaron al fraccionamiento Grand Viure a bordo de un autom\u00f3vil Kia.<\/p>\n\n\n\n<p class=\"wp-block-paragraph\">En ese momento, Jonathan y su familia todav\u00eda no se encontraban en el inmueble. La esposa del m\u00fasico habr\u00eda autorizado telef\u00f3nicamente el ingreso de Diego al departamento, donde \u00fanicamente se encontraba la trabajadora y dos mascotas.<\/p>\n\n\n\n<p class=\"wp-block-paragraph\">A las 17:42 horas, Ana Paula y sus hijos llegaron al fraccionamiento y subieron al departamento.<\/p>\n\n\n\n<p class=\"wp-block-paragraph\">De acuerdo con la declaraci\u00f3n de un amigo de Jonathan, la mujer le envi\u00f3 mensajes para pedirle que avisara a su esposo que Diego Sebasti\u00e1n se encontraba en el inmueble y que llevaba tiempo esper\u00e1ndolo.<\/p>\n\n\n\n<p class=\"wp-block-paragraph\">Posteriormente, alrededor de las 19:28 horas, Jonathan lleg\u00f3 al lugar acompa\u00f1ado de un amigo, a bordo de una camioneta Chevrolet Suburban blanca.<\/p>\n\n\n\n<p class=\"wp-block-paragraph\">El testigo declar\u00f3 ante el Ministerio P\u00fablico que Jonathan le pidi\u00f3 permanecer en el exterior del edificio y que, si no respond\u00eda, solicitara ayuda.<\/p>\n\n\n\n<p class=\"wp-block-paragraph\">El amigo se\u00f1al\u00f3 que percibi\u00f3 cierto temor en Jonathan, por lo que, al no recibir respuesta a sus mensajes, acudi\u00f3 a la caseta de vigilancia.<\/p>\n\n\n\n<figure class=\"wp-block-image size-large\"><img loading=\"lazy\" decoding=\"async\" width=\"1024\" height=\"888\" src=\"https:\/\/reporterosdelsur.org\/diario\/wp-content\/uploads\/2026\/09\/Mx-2-1024x888.jpg\" alt=\"\" class=\"wp-image-59075\" srcset=\"https:\/\/reporterosdelsur.org\/diario\/wp-content\/uploads\/2026\/09\/Mx-2-1024x888.jpg 1024w, https:\/\/reporterosdelsur.org\/diario\/wp-content\/uploads\/2026\/09\/Mx-2-300x260.jpg 300w, https:\/\/reporterosdelsur.org\/diario\/wp-content\/uploads\/2026\/09\/Mx-2-768x666.jpg 768w, https:\/\/reporterosdelsur.org\/diario\/wp-content\/uploads\/2026\/09\/Mx-2-460x400.jpg 460w, https:\/\/reporterosdelsur.org\/diario\/wp-content\/uploads\/2026\/09\/Mx-2-465x403.jpg 465w, https:\/\/reporterosdelsur.org\/diario\/wp-content\/uploads\/2026\/09\/Mx-2-577x500.jpg 577w, https:\/\/reporterosdelsur.org\/diario\/wp-content\/uploads\/2026\/09\/Mx-2.jpg 1280w\" sizes=\"auto, (max-width: 1024px) 100vw, 1024px\" \/><\/figure>\n\n\n\n<h3 class=\"wp-block-heading\">Sospechoso abandona el lugar<\/h3>\n\n\n\n<p class=\"wp-block-paragraph\">Seg\u00fan el testimonio incorporado a la investigaci\u00f3n, alrededor de las 19:41 horas, el amigo de Jonathan observ\u00f3 a Diego Sebasti\u00e1n salir del elevador, dirigirse al estacionamiento y retirarse junto con Gerardo a bordo del autom\u00f3vil Kia.<\/p>\n\n\n\n<p class=\"wp-block-paragraph\">La Fiscal\u00eda indic\u00f3 que Diego presuntamente se neg\u00f3 a que los guardias de seguridad revisaran el veh\u00edculo y habr\u00eda utilizado palabras altisonantes contra una trabajadora de vigilancia, adem\u00e1s de amenazar al testigo.<\/p>\n\n\n\n<p class=\"wp-block-paragraph\">Posteriormente, las autoridades localizaron el autom\u00f3vil utilizado por los sospechosos en el fraccionamiento H\u00e9roes Tec\u00e1mac, secci\u00f3n Bosques. La unidad contaba con placas de circulaci\u00f3n presuntamente sobrepuestas.<\/p>\n\n\n\n<h3 class=\"wp-block-heading\">Herramientas y objetos utilizados en el crimen<\/h3>\n\n\n\n<p class=\"wp-block-paragraph\">La FGJEM se\u00f1al\u00f3 que un d\u00eda antes del multihomicidio, Diego Sebasti\u00e1n habr\u00eda solicitado a Gerardo conseguir diversos objetos, entre ellos desarmadores, dispositivos electr\u00f3nicos, cinchos grandes, guantes negros, cubrebocas y cinta adhesiva industrial.<\/p>\n\n\n\n<p class=\"wp-block-paragraph\">De acuerdo con la investigaci\u00f3n, varios de estos objetos guardar\u00edan correspondencia con los utilizados para maniatar a las v\u00edctimas y con indicios localizados en el autom\u00f3vil Kia.<\/p>\n\n\n\n<p class=\"wp-block-paragraph\">La Fiscal\u00eda tambi\u00e9n inform\u00f3 que Diego habr\u00eda utilizado un arma de fuego equipada con silenciador. De acuerdo con su declaraci\u00f3n, posteriormente desarm\u00f3 el arma y la arroj\u00f3 a una barranca.<\/p>\n\n\n\n<h3 class=\"wp-block-heading\">As\u00ed fueron localizadas las v\u00edctimas<\/h3>\n\n\n\n<p class=\"wp-block-paragraph\">La FGJEM detall\u00f3 que Jonathan fue localizado en el segundo piso del departamento, dentro de la rec\u00e1mara principal. Se encontraba maniatado y amordazado con cinta adhesiva industrial, con una lesi\u00f3n producida por arma de fuego en la cabeza.<\/p>\n\n\n\n<p class=\"wp-block-paragraph\">En el \u00e1rea del ba\u00f1o de la misma habitaci\u00f3n fue localizada su esposa, quien ten\u00eda cuatro meses de embarazo. La mujer tambi\u00e9n estaba maniatada y amordazada, mientras que sobre sus piernas se encontraba su hija de tres a\u00f1os. Ambas presentaban lesiones producidas por arma de fuego.<\/p>\n\n\n\n<p class=\"wp-block-paragraph\">En el primer nivel del inmueble fue localizada la trabajadora, de 21 a\u00f1os, sobre una cama. Se encontraba maniatada y presentaba una lesi\u00f3n por arma de fuego en la parte superior de la espalda y en la base de la cabeza.<\/p>\n\n\n\n<p class=\"wp-block-paragraph\">En otro ba\u00f1o del mismo nivel fue localizada una perrita, cuyo hocico estaba cubierto con cinta adhesiva gris y que presentaba un disparo en la cabeza.<\/p>\n\n\n\n<h3 class=\"wp-block-heading\">Un menor sobrevivi\u00f3 al ataque<\/h3>\n\n\n\n<p class=\"wp-block-paragraph\">El hijo mayor de Jonathan y su esposa, un ni\u00f1o de seis a\u00f1os, sobrevivi\u00f3 a la agresi\u00f3n. Fue localizado por elementos de la Polic\u00eda Municipal de Atizap\u00e1n de Zaragoza y posteriormente entregado a familiares cercanos.<\/p>\n\n\n\n<p class=\"wp-block-paragraph\">La Fiscal\u00eda contin\u00faa con las investigaciones para esclarecer completamente el m\u00f3vil y la mec\u00e1nica de los hechos, as\u00ed como determinar el grado de participaci\u00f3n que habr\u00eda tenido cada uno de los detenidos.<\/p>\n\n\n\n<h3 class=\"wp-block-heading\">Este s\u00e1bado ser\u00e1 la audiencia inicial<\/h3>\n\n\n\n<p class=\"wp-block-paragraph\">La ma\u00f1ana de este s\u00e1bado se llevar\u00e1 a cabo la audiencia inicial de Diego Sebasti\u00e1n \u201cN\u201d y Gerardo \u201cN\u201d, en la que el Ministerio P\u00fablico realizar\u00e1 la imputaci\u00f3n formal por los delitos que les atribuye la Fiscal\u00eda mexiquense.<\/p>\n\n\n\n<p class=\"wp-block-paragraph\">Ser\u00e1 el juez de control quien determine la situaci\u00f3n jur\u00eddica de ambos imputados conforme avance el proceso.<\/p>\n\n\n\n<p class=\"wp-block-paragraph\">Mientras tanto, este viernes se realiz\u00f3 el cortejo f\u00fanebre de Jonathan Samuel, su esposa y su hija, que parti\u00f3 de la Agencia Gayosso Santa M\u00f3nica, en Tlalnepantla, hacia el pante\u00f3n Jardines del Tiempo-Los Cipreses, en el municipio de Naucalpan.<\/p>\n\n\n\n<p class=\"wp-block-paragraph\"><strong>Los detenidos son considerados presuntos responsables mientras no exista una sentencia que determine su culpabilidad.<\/strong><\/p>\n","protected":false},"excerpt":{"rendered":"<p>Diego Sebasti\u00e1n \u201cN\u201d y Gerardo \u201cN\u201d fueron ingresados al penal de Barrientos, en el Estado de M\u00e9xico, se\u00f1alados por su probable participaci\u00f3n en el asesinato de cuatro personas, entre ellas el tecladista de Camilo S\u00e9ptimo, su esposa embarazada, su hija de tres a\u00f1os y una trabajadora. La Fiscal\u00eda tambi\u00e9n los<span class=\"more-link theme-more-link\"><a href=\"https:\/\/reporterosdelsur.org\/diario\/2026\/09\/detienen-a-dos-presuntos-implicados-en-multihomicidio-de-integrante-de-camilo-septimo\/\">Leer Nota Complete<\/a><\/span><\/p>\n","protected":false},"author":1,"featured_media":59075,"comment_status":"open","ping_status":"open","sticky":false,"template":"","format":"standard","meta":{"footnotes":"","jetpack_publicize_message":"","jetpack_publicize_feature_enabled":true,"jetpack_social_post_already_shared":true,"jetpack_social_options":{"image_generator_settings":{"template":"highway","default_image_id":0,"font":"","enabled":false},"version":2}},"categories":[3],"tags":[553,416,588,335,1619,481,298,1380,507,491,1210,1379,38,555,372,390,459,333],"class_list":["entry","author-admin","post-59074","post","type-post","status-publish","format-standard","has-post-thumbnail","category-mexico","tag-cni","tag-corrupcion-2","tag-drogas","tag-fge","tag-fgr-mexico","tag-finanzas","tag-guardia-nacional","tag-homicidios-dolosos","tag-justicia","tag-marina","tag-nacionales","tag-narcotrafico-2","tag-noticias","tag-omar-garcia-harfuch","tag-operativos","tag-policias","tag-sedena","tag-seguridad"],"jetpack_publicize_connections":[],"featured_image_urls":{"full":["https:\/\/reporterosdelsur.org\/diario\/wp-content\/uploads\/2026\/09\/Mx-2.jpg",1280,1110,false],"thumbnail":["https:\/\/reporterosdelsur.org\/diario\/wp-content\/uploads\/2026\/09\/Mx-2-150x150.jpg",150,150,true],"medium":["https:\/\/reporterosdelsur.org\/diario\/wp-content\/uploads\/2026\/09\/Mx-2-300x260.jpg",300,260,true],"medium_large":["https:\/\/reporterosdelsur.org\/diario\/wp-content\/uploads\/2026\/09\/Mx-2-768x666.jpg",768,666,true],"large":["https:\/\/reporterosdelsur.org\/diario\/wp-content\/uploads\/2026\/09\/Mx-2-1024x888.jpg",1024,888,true],"1536x1536":["https:\/\/reporterosdelsur.org\/diario\/wp-content\/uploads\/2026\/09\/Mx-2.jpg",1280,1110,false],"2048x2048":["https:\/\/reporterosdelsur.org\/diario\/wp-content\/uploads\/2026\/09\/Mx-2.jpg",1280,1110,false],"ultp_layout_landscape_large":["https:\/\/reporterosdelsur.org\/diario\/wp-content\/uploads\/2026\/09\/Mx-2-1200x800.jpg",1200,800,true],"ultp_layout_landscape":["https:\/\/reporterosdelsur.org\/diario\/wp-content\/uploads\/2026\/09\/Mx-2-870x570.jpg",870,570,true],"ultp_layout_portrait":["https:\/\/reporterosdelsur.org\/diario\/wp-content\/uploads\/2026\/09\/Mx-2-600x900.jpg",600,900,true],"ultp_layout_square":["https:\/\/reporterosdelsur.org\/diario\/wp-content\/uploads\/2026\/09\/Mx-2-600x600.jpg",600,600,true],"hoot-medium-thumb":["https:\/\/reporterosdelsur.org\/diario\/wp-content\/uploads\/2026\/09\/Mx-2-460x400.jpg",460,400,true],"hoot-preview":["https:\/\/reporterosdelsur.org\/diario\/wp-content\/uploads\/2026\/09\/Mx-2-465x403.jpg",465,403,true],"hoot-preview-thumb":["https:\/\/reporterosdelsur.org\/diario\/wp-content\/uploads\/2026\/09\/Mx-2-465x550.jpg",465,550,true],"hoot-large-thumb":["https:\/\/reporterosdelsur.org\/diario\/wp-content\/uploads\/2026\/09\/Mx-2-690x550.jpg",690,550,true],"hoot-preview-large":["https:\/\/reporterosdelsur.org\/diario\/wp-content\/uploads\/2026\/09\/Mx-2-577x500.jpg",577,500,true],"hoot-wide-thumb":["https:\/\/reporterosdelsur.org\/diario\/wp-content\/uploads\/2026\/09\/Mx-2-920x425.jpg",920,425,true],"hoot-extra-wide-thumb":["https:\/\/reporterosdelsur.org\/diario\/wp-content\/uploads\/2026\/09\/Mx-2-1035x425.jpg",1035,425,true]},"author_info":{"display_name":"Reporteros del Sur","author_link":"https:\/\/reporterosdelsur.org\/diario\/author\/admin\/"},"category_info":"<a href=\"https:\/\/reporterosdelsur.org\/diario\/category\/mexico\/\" rel=\"category tag\">M\u00e9xico<\/a>","tag_info":"M\u00e9xico","comment_count":"0","_links":{"self":[{"href":"https:\/\/reporterosdelsur.org\/diario\/wp-json\/wp\/v2\/posts\/59074","targetHints":{"allow":["GET"]}}],"collection":[{"href":"https:\/\/reporterosdelsur.org\/diario\/wp-json\/wp\/v2\/posts"}],"about":[{"href":"https:\/\/reporterosdelsur.org\/diario\/wp-json\/wp\/v2\/types\/post"}],"author":[{"embeddable":true,"href":"https:\/\/reporterosdelsur.org\/diario\/wp-json\/wp\/v2\/users\/1"}],"replies":[{"embeddable":true,"href":"https:\/\/reporterosdelsur.org\/diario\/wp-json\/wp\/v2\/comments?post=59074"}],"version-history":[{"count":1,"href":"https:\/\/reporterosdelsur.org\/diario\/wp-json\/wp\/v2\/posts\/59074\/revisions"}],"predecessor-version":[{"id":59077,"href":"https:\/\/reporterosdelsur.org\/diario\/wp-json\/wp\/v2\/posts\/59074\/revisions\/59077"}],"wp:featuredmedia":[{"embeddable":true,"href":"https:\/\/reporterosdelsur.org\/diario\/wp-json\/wp\/v2\/media\/59075"}],"wp:attachment":[{"href":"https:\/\/reporterosdelsur.org\/diario\/wp-json\/wp\/v2\/media?parent=59074"}],"wp:term":[{"taxonomy":"category","embeddable":true,"href":"https:\/\/reporterosdelsur.org\/diario\/wp-json\/wp\/v2\/categories?post=59074"},{"taxonomy":"post_tag","embeddable":true,"href":"https:\/\/reporterosdelsur.org\/diario\/wp-json\/wp\/v2\/tags?post=59074"}],"curies":[{"name":"wp","href":"https:\/\/api.w.org\/{rel}","templated":true}]}}