{"id":59070,"date":"2026-09-05T06:37:59","date_gmt":"2026-09-05T12:37:59","guid":{"rendered":"https:\/\/reporterosdelsur.org\/diario\/?p=59070"},"modified":"2026-09-05T06:38:03","modified_gmt":"2026-09-05T12:38:03","slug":"trump-minimiza-relacion-comercial-con-mexico-y-afirma-que-solo-les-ofrece-tamales-picantes-y-tomates","status":"publish","type":"post","link":"https:\/\/reporterosdelsur.org\/diario\/2026\/09\/trump-minimiza-relacion-comercial-con-mexico-y-afirma-que-solo-les-ofrece-tamales-picantes-y-tomates\/","title":{"rendered":"Trump minimiza relaci\u00f3n comercial con M\u00e9xico y afirma que solo les ofrece \u201ctamales picantes y tomates\u201d"},"content":{"rendered":"\n<p class=\"wp-block-paragraph\"><strong>El presidente de Estados Unidos, Donald Trump, asegur\u00f3 que M\u00e9xico tiene poco que ofrecer a su pa\u00eds en materia comercial, aunque descart\u00f3 romper los v\u00ednculos econ\u00f3micos debido a la buena relaci\u00f3n que mantiene con la presidenta Claudia Sheinbaum. Sus declaraciones se producen en medio de un creciente d\u00e9ficit comercial estadounidense con M\u00e9xico.<\/strong><\/p>\n\n\n\n<p class=\"wp-block-paragraph\"><strong>WASHINGTON.- El presidente de Estados Unidos, Donald Trump, volvi\u00f3 a cuestionar la relaci\u00f3n comercial con M\u00e9xico y asegur\u00f3 que su vecino del sur tiene poco que ofrecer a la econom\u00eda estadounidense<\/strong>, m\u00e1s all\u00e1 de productos como &#8220;tamales picantes y tomates&#8221;.<\/p>\n\n\n\n<p class=\"wp-block-paragraph\">Durante declaraciones a medios de comunicaci\u00f3n desde el Despacho Oval de la Casa Blanca, Trump critic\u00f3 nuevamente el comercio de Estados Unidos con otros pa\u00edses y, al referirse a M\u00e9xico, sostuvo que su pa\u00eds no depende de los productos mexicanos.<\/p>\n\n\n\n<p class=\"wp-block-paragraph\">&#8220;Ellos no tienen nada que tengamos que tener. Es decir, tienen tamales picantes, tomates, un par de cosas, pero b\u00e1sicamente no tienen nada que nosotros necesitemos. Tenemos petr\u00f3leo, tenemos de todo&#8221;, afirm\u00f3.<\/p>\n\n\n\n<p class=\"wp-block-paragraph\">El mandatario estadounidense tambi\u00e9n asegur\u00f3 que Estados Unidos registra p\u00e9rdidas de alrededor de <strong>195 mil millones de d\u00f3lares anuales en su relaci\u00f3n comercial con M\u00e9xico<\/strong>, una cifra que utiliz\u00f3 para respaldar sus cr\u00edticas al d\u00e9ficit comercial.<\/p>\n\n\n\n<figure class=\"wp-block-image size-large\"><img loading=\"lazy\" decoding=\"async\" width=\"1024\" height=\"577\" src=\"https:\/\/reporterosdelsur.org\/diario\/wp-content\/uploads\/2026\/09\/Trump-1-1024x577.jpg\" alt=\"\" class=\"wp-image-59072\" srcset=\"https:\/\/reporterosdelsur.org\/diario\/wp-content\/uploads\/2026\/09\/Trump-1-1024x577.jpg 1024w, https:\/\/reporterosdelsur.org\/diario\/wp-content\/uploads\/2026\/09\/Trump-1-300x169.jpg 300w, https:\/\/reporterosdelsur.org\/diario\/wp-content\/uploads\/2026\/09\/Trump-1-768x433.jpg 768w, https:\/\/reporterosdelsur.org\/diario\/wp-content\/uploads\/2026\/09\/Trump-1-465x262.jpg 465w, https:\/\/reporterosdelsur.org\/diario\/wp-content\/uploads\/2026\/09\/Trump-1-695x392.jpg 695w, https:\/\/reporterosdelsur.org\/diario\/wp-content\/uploads\/2026\/09\/Trump-1.jpg 1104w\" sizes=\"auto, (max-width: 1024px) 100vw, 1024px\" \/><\/figure>\n\n\n\n<h3 class=\"wp-block-heading\">Descarta romper relaci\u00f3n comercial<\/h3>\n\n\n\n<p class=\"wp-block-paragraph\">Pese a sus declaraciones, Trump asegur\u00f3 que no tiene intenci\u00f3n de cortar los v\u00ednculos comerciales con M\u00e9xico, principalmente debido a la relaci\u00f3n que mantiene con la presidenta Claudia Sheinbaum.<\/p>\n\n\n\n<p class=\"wp-block-paragraph\">&#8220;No quiero hacer eso, porque nos llevamos muy bien con la presidenta. Nos cae bien la presidenta, la respetamos mucho&#8221;, afirm\u00f3.<\/p>\n\n\n\n<p class=\"wp-block-paragraph\">La declaraci\u00f3n ocurre en un contexto de tensi\u00f3n por las diferencias comerciales entre ambos pa\u00edses y mientras la relaci\u00f3n econ\u00f3mica bilateral contin\u00faa siendo una de las m\u00e1s importantes para ambas naciones.<\/p>\n\n\n\n<h3 class=\"wp-block-heading\">M\u00e9xico mantiene el mayor d\u00e9ficit comercial para EU<\/h3>\n\n\n\n<p class=\"wp-block-paragraph\">Datos recientes de las oficinas del Censo y de An\u00e1lisis Econ\u00f3mico del Departamento de Comercio de Estados Unidos colocaron a M\u00e9xico como el pa\u00eds con el que Washington registra el mayor d\u00e9ficit comercial a nivel mundial.<\/p>\n\n\n\n<p class=\"wp-block-paragraph\">De acuerdo con esas cifras, durante julio el d\u00e9ficit comercial estadounidense con M\u00e9xico aument\u00f3 en <strong>7 mil 200 millones de d\u00f3lares<\/strong>, hasta alcanzar aproximadamente <strong>27 mil 500 millones de d\u00f3lares<\/strong> en t\u00e9rminos interanuales, de acuerdo con el reporte citado.<\/p>\n\n\n\n<p class=\"wp-block-paragraph\">El saldo refleja la diferencia entre las mercanc\u00edas que Estados Unidos importa desde M\u00e9xico y aquellas que exporta hacia territorio mexicano.<\/p>\n\n\n\n<p class=\"wp-block-paragraph\">Trump ya hab\u00eda expresado una postura similar en junio pasado, cuando afirm\u00f3 que Estados Unidos no necesita los productos mexicanos, mientras que, desde su perspectiva, M\u00e9xico depende en mayor medida de los bienes estadounidenses.<\/p>\n\n\n\n<p class=\"wp-block-paragraph\">Las nuevas declaraciones del mandatario reavivan el debate sobre la relaci\u00f3n comercial entre ambos pa\u00edses, en momentos en que el intercambio bilateral contin\u00faa siendo un componente fundamental de las econom\u00edas de M\u00e9xico y Estados Unidos.<\/p>\n","protected":false},"excerpt":{"rendered":"<p>El presidente de Estados Unidos, Donald Trump, asegur\u00f3 que M\u00e9xico tiene poco que ofrecer a su pa\u00eds en materia comercial, aunque descart\u00f3 romper los v\u00ednculos econ\u00f3micos debido a la buena relaci\u00f3n que mantiene con la presidenta Claudia Sheinbaum. Sus declaraciones se producen en medio de un creciente d\u00e9ficit comercial estadounidense<span class=\"more-link theme-more-link\"><a href=\"https:\/\/reporterosdelsur.org\/diario\/2026\/09\/trump-minimiza-relacion-comercial-con-mexico-y-afirma-que-solo-les-ofrece-tamales-picantes-y-tomates\/\">Leer Nota Complete<\/a><\/span><\/p>\n","protected":false},"author":1,"featured_media":59071,"comment_status":"open","ping_status":"open","sticky":false,"template":"","format":"standard","meta":{"footnotes":"","jetpack_publicize_message":"","jetpack_publicize_feature_enabled":true,"jetpack_social_post_already_shared":true,"jetpack_social_options":{"image_generator_settings":{"template":"highway","default_image_id":0,"font":"","enabled":false},"version":2}},"categories":[4],"tags":[146,1156,29,71,38,333],"class_list":["entry","author-admin","post-59070","post","type-post","status-publish","format-standard","has-post-thumbnail","category-mundo","tag-eu","tag-internacionales","tag-mexico","tag-mundo","tag-noticias","tag-seguridad"],"jetpack_publicize_connections":[],"featured_image_urls":{"full":["https:\/\/reporterosdelsur.org\/diario\/wp-content\/uploads\/2026\/09\/Trump.jpg",1104,622,false],"thumbnail":["https:\/\/reporterosdelsur.org\/diario\/wp-content\/uploads\/2026\/09\/Trump-150x150.jpg",150,150,true],"medium":["https:\/\/reporterosdelsur.org\/diario\/wp-content\/uploads\/2026\/09\/Trump-300x169.jpg",300,169,true],"medium_large":["https:\/\/reporterosdelsur.org\/diario\/wp-content\/uploads\/2026\/09\/Trump-768x433.jpg",768,433,true],"large":["https:\/\/reporterosdelsur.org\/diario\/wp-content\/uploads\/2026\/09\/Trump-1024x577.jpg",1024,577,true],"1536x1536":["https:\/\/reporterosdelsur.org\/diario\/wp-content\/uploads\/2026\/09\/Trump.jpg",1104,622,false],"2048x2048":["https:\/\/reporterosdelsur.org\/diario\/wp-content\/uploads\/2026\/09\/Trump.jpg",1104,622,false],"ultp_layout_landscape_large":["https:\/\/reporterosdelsur.org\/diario\/wp-content\/uploads\/2026\/09\/Trump.jpg",1104,622,false],"ultp_layout_landscape":["https:\/\/reporterosdelsur.org\/diario\/wp-content\/uploads\/2026\/09\/Trump-870x570.jpg",870,570,true],"ultp_layout_portrait":["https:\/\/reporterosdelsur.org\/diario\/wp-content\/uploads\/2026\/09\/Trump-600x622.jpg",600,622,true],"ultp_layout_square":["https:\/\/reporterosdelsur.org\/diario\/wp-content\/uploads\/2026\/09\/Trump-600x600.jpg",600,600,true],"hoot-medium-thumb":["https:\/\/reporterosdelsur.org\/diario\/wp-content\/uploads\/2026\/09\/Trump-460x400.jpg",460,400,true],"hoot-preview":["https:\/\/reporterosdelsur.org\/diario\/wp-content\/uploads\/2026\/09\/Trump-465x262.jpg",465,262,true],"hoot-preview-thumb":["https:\/\/reporterosdelsur.org\/diario\/wp-content\/uploads\/2026\/09\/Trump-465x550.jpg",465,550,true],"hoot-large-thumb":["https:\/\/reporterosdelsur.org\/diario\/wp-content\/uploads\/2026\/09\/Trump-690x550.jpg",690,550,true],"hoot-preview-large":["https:\/\/reporterosdelsur.org\/diario\/wp-content\/uploads\/2026\/09\/Trump-695x392.jpg",695,392,true],"hoot-wide-thumb":["https:\/\/reporterosdelsur.org\/diario\/wp-content\/uploads\/2026\/09\/Trump-920x425.jpg",920,425,true],"hoot-extra-wide-thumb":["https:\/\/reporterosdelsur.org\/diario\/wp-content\/uploads\/2026\/09\/Trump-1035x425.jpg",1035,425,true]},"author_info":{"display_name":"Reporteros del Sur","author_link":"https:\/\/reporterosdelsur.org\/diario\/author\/admin\/"},"category_info":"<a href=\"https:\/\/reporterosdelsur.org\/diario\/category\/mundo\/\" rel=\"category tag\">Mundo<\/a>","tag_info":"Mundo","comment_count":"0","_links":{"self":[{"href":"https:\/\/reporterosdelsur.org\/diario\/wp-json\/wp\/v2\/posts\/59070","targetHints":{"allow":["GET"]}}],"collection":[{"href":"https:\/\/reporterosdelsur.org\/diario\/wp-json\/wp\/v2\/posts"}],"about":[{"href":"https:\/\/reporterosdelsur.org\/diario\/wp-json\/wp\/v2\/types\/post"}],"author":[{"embeddable":true,"href":"https:\/\/reporterosdelsur.org\/diario\/wp-json\/wp\/v2\/users\/1"}],"replies":[{"embeddable":true,"href":"https:\/\/reporterosdelsur.org\/diario\/wp-json\/wp\/v2\/comments?post=59070"}],"version-history":[{"count":1,"href":"https:\/\/reporterosdelsur.org\/diario\/wp-json\/wp\/v2\/posts\/59070\/revisions"}],"predecessor-version":[{"id":59073,"href":"https:\/\/reporterosdelsur.org\/diario\/wp-json\/wp\/v2\/posts\/59070\/revisions\/59073"}],"wp:featuredmedia":[{"embeddable":true,"href":"https:\/\/reporterosdelsur.org\/diario\/wp-json\/wp\/v2\/media\/59071"}],"wp:attachment":[{"href":"https:\/\/reporterosdelsur.org\/diario\/wp-json\/wp\/v2\/media?parent=59070"}],"wp:term":[{"taxonomy":"category","embeddable":true,"href":"https:\/\/reporterosdelsur.org\/diario\/wp-json\/wp\/v2\/categories?post=59070"},{"taxonomy":"post_tag","embeddable":true,"href":"https:\/\/reporterosdelsur.org\/diario\/wp-json\/wp\/v2\/tags?post=59070"}],"curies":[{"name":"wp","href":"https:\/\/api.w.org\/{rel}","templated":true}]}}