{"id":59067,"date":"2026-09-05T06:33:45","date_gmt":"2026-09-05T12:33:45","guid":{"rendered":"https:\/\/reporterosdelsur.org\/diario\/?p=59067"},"modified":"2026-09-05T06:33:48","modified_gmt":"2026-09-05T12:33:48","slug":"sheinbaum-defiende-soberania-de-mexico-y-programas-sociales-durante-informe-en-aguascalientes","status":"publish","type":"post","link":"https:\/\/reporterosdelsur.org\/diario\/2026\/09\/sheinbaum-defiende-soberania-de-mexico-y-programas-sociales-durante-informe-en-aguascalientes\/","title":{"rendered":"Sheinbaum defiende soberan\u00eda de M\u00e9xico y programas sociales durante informe en Aguascalientes"},"content":{"rendered":"\n<p class=\"wp-block-paragraph\"><strong>En su primera rendici\u00f3n de cuentas en un estado gobernado por la oposici\u00f3n, la presidenta Claudia Sheinbaum afirm\u00f3 que la designaci\u00f3n de grupos delictivos como terroristas por parte de Estados Unidos no puede utilizarse como argumento para una intervenci\u00f3n extranjera en M\u00e9xico. Tambi\u00e9n defendi\u00f3 los programas de bienestar como derechos sociales y destac\u00f3 la inversi\u00f3n destinada a la poblaci\u00f3n.<\/strong><\/p>\n\n\n\n<p class=\"wp-block-paragraph\"><strong>AGUASCALIENTES.- La presidenta Claudia Sheinbaum Pardo defendi\u00f3 la soberan\u00eda nacional y los programas de bienestar durante su primera rendici\u00f3n de cuentas en una entidad gobernada por la oposici\u00f3n<\/strong>, donde tambi\u00e9n pidi\u00f3 respeto hacia la gobernadora panista Teresa Jim\u00e9nez Esquivel, quien fue recibida entre rechiflas por parte de los asistentes.<\/p>\n\n\n\n<p class=\"wp-block-paragraph\">Durante su discurso, la mandataria federal destac\u00f3 como uno de los &#8220;cambios profundos&#8221; de su administraci\u00f3n el fortalecimiento constitucional de la soberan\u00eda de M\u00e9xico, particularmente frente a cualquier posibilidad de intervenci\u00f3n extranjera.<\/p>\n\n\n\n<p class=\"wp-block-paragraph\">Sheinbaum record\u00f3 que, despu\u00e9s de que Estados Unidos clasificara a organizaciones de la delincuencia organizada como grupos terroristas, su gobierno estableci\u00f3 una postura clara en defensa de la soberan\u00eda nacional.<\/p>\n\n\n\n<p class=\"wp-block-paragraph\">&#8220;Claro que luchamos contra la delincuencia organizada, pero eso no debe ser pretexto para una invasi\u00f3n de los Estados Unidos a M\u00e9xico&#8221;, sostuvo.<\/p>\n\n\n\n<p class=\"wp-block-paragraph\">La presidenta se\u00f1al\u00f3 que esta posici\u00f3n qued\u00f3 reforzada en el art\u00edculo 40 de la Constituci\u00f3n, donde, afirm\u00f3, se estableci\u00f3 que no debe existir injerencia o intervenci\u00f3n de ning\u00fan pa\u00eds extranjero en territorio mexicano.<\/p>\n\n\n\n<figure class=\"wp-block-image size-large\"><img loading=\"lazy\" decoding=\"async\" width=\"1024\" height=\"642\" src=\"https:\/\/reporterosdelsur.org\/diario\/wp-content\/uploads\/2026\/09\/Claudia-1-1024x642.jpg\" alt=\"\" class=\"wp-image-59068\" srcset=\"https:\/\/reporterosdelsur.org\/diario\/wp-content\/uploads\/2026\/09\/Claudia-1-1024x642.jpg 1024w, https:\/\/reporterosdelsur.org\/diario\/wp-content\/uploads\/2026\/09\/Claudia-1-300x188.jpg 300w, https:\/\/reporterosdelsur.org\/diario\/wp-content\/uploads\/2026\/09\/Claudia-1-768x481.jpg 768w, https:\/\/reporterosdelsur.org\/diario\/wp-content\/uploads\/2026\/09\/Claudia-1-465x291.jpg 465w, https:\/\/reporterosdelsur.org\/diario\/wp-content\/uploads\/2026\/09\/Claudia-1-695x436.jpg 695w, https:\/\/reporterosdelsur.org\/diario\/wp-content\/uploads\/2026\/09\/Claudia-1.jpg 1522w\" sizes=\"auto, (max-width: 1024px) 100vw, 1024px\" \/><\/figure>\n\n\n\n<h3 class=\"wp-block-heading\">Propone limitar candidaturas a personas con doble nacionalidad<\/h3>\n\n\n\n<p class=\"wp-block-paragraph\">Como parte de las reformas que impulsa su administraci\u00f3n, Sheinbaum tambi\u00e9n record\u00f3 que envi\u00f3 al Congreso de la Uni\u00f3n una iniciativa para impedir que personas con doble nacionalidad puedan ser candidatas a la Presidencia de la Rep\u00fablica, gubernaturas o a la Jefatura de Gobierno de la Ciudad de M\u00e9xico.<\/p>\n\n\n\n<p class=\"wp-block-paragraph\">La mandataria sostuvo que quienes aspiren a esos cargos deber\u00e1n ser exclusivamente mexicanos.<\/p>\n\n\n\n<h3 class=\"wp-block-heading\">Defiende programas de bienestar<\/h3>\n\n\n\n<p class=\"wp-block-paragraph\">Otro de los ejes de su discurso fueron los programas sociales, los cuales defendi\u00f3 ante las cr\u00edticas relacionadas con el gasto p\u00fablico.<\/p>\n\n\n\n<p class=\"wp-block-paragraph\">Sheinbaum afirm\u00f3 que los recursos destinados a adultos mayores, estudiantes, campesinos y otros sectores de la poblaci\u00f3n no representan un gasto, sino una inversi\u00f3n en las familias mexicanas.<\/p>\n\n\n\n<p class=\"wp-block-paragraph\">&#8220;Cuando se apoya a la gente, al que menos tiene, la econom\u00eda florece&#8221;, expres\u00f3.<\/p>\n\n\n\n<p class=\"wp-block-paragraph\">La presidenta sostuvo que las pensiones para adultos mayores permiten a las familias contar con recursos para cubrir necesidades b\u00e1sicas, mientras que las becas para estudiantes representan una inversi\u00f3n en educaci\u00f3n y los apoyos al campo contribuyen a mantener la producci\u00f3n de alimentos.<\/p>\n\n\n\n<p class=\"wp-block-paragraph\">De acuerdo con la mandataria, durante este a\u00f1o se destinan alrededor de <strong>un bill\u00f3n de pesos a los programas de bienestar<\/strong>, bajo una visi\u00f3n que calific\u00f3 como de solidaridad y fraternidad.<\/p>\n\n\n\n<p class=\"wp-block-paragraph\">&#8220;Por eso los programas hoy son derechos sociales&#8221;, afirm\u00f3.<\/p>\n\n\n\n<h3 class=\"wp-block-heading\">Rechiflas durante bienvenida de la gobernadora<\/h3>\n\n\n\n<p class=\"wp-block-paragraph\">El acto tambi\u00e9n estuvo marcado por las expresiones de rechazo de algunos asistentes hacia la gobernadora de Aguascalientes, Teresa Jim\u00e9nez, durante su intervenci\u00f3n de bienvenida.<\/p>\n\n\n\n<p class=\"wp-block-paragraph\">Ante las rechiflas, Sheinbaum hizo un llamado al respeto y pidi\u00f3 a los asistentes permitir que la mandataria estatal pronunciara su mensaje.<\/p>\n\n\n\n<p class=\"wp-block-paragraph\">&#8220;Vamos a respetarnos, porque hoy vengo en mi calidad de presidenta de la Rep\u00fablica a hacer un informe de rendici\u00f3n de cuentas y hay que respetar a la gobernadora&#8221;, expres\u00f3.<\/p>\n\n\n\n<p class=\"wp-block-paragraph\">La presidenta incluso someti\u00f3 a votaci\u00f3n entre los asistentes la posibilidad de que Jim\u00e9nez pudiera continuar con su participaci\u00f3n. La mayor\u00eda respald\u00f3 la petici\u00f3n.<\/p>\n\n\n\n<p class=\"wp-block-paragraph\">Pese a ello, las expresiones de rechazo continuaron hasta que concluy\u00f3 el mensaje de la gobernadora.<\/p>\n\n\n\n<p class=\"wp-block-paragraph\">Jim\u00e9nez se\u00f1al\u00f3 que Aguascalientes recib\u00eda a la presidenta con respeto y hospitalidad, y consider\u00f3 que su visita representaba una oportunidad para fortalecer el di\u00e1logo entre la Federaci\u00f3n y los estados.<\/p>\n\n\n\n<h3 class=\"wp-block-heading\">Destacan apoyos en Aguascalientes<\/h3>\n\n\n\n<p class=\"wp-block-paragraph\">Durante su intervenci\u00f3n, Sheinbaum inform\u00f3 que en Aguascalientes <strong>420 mil 952 personas reciben de manera directa alg\u00fan programa de bienestar<\/strong>, lo que representa, seg\u00fan sus cifras, una inversi\u00f3n de aproximadamente <strong>9 mil millones de pesos<\/strong>.<\/p>\n\n\n\n<p class=\"wp-block-paragraph\">Entre los beneficiarios mencion\u00f3 a <strong>137 mil 717 adultos mayores de 65 a\u00f1os y m\u00e1s<\/strong>, quienes reciben cada bimestre una pensi\u00f3n de 6 mil 400 pesos. A\u00f1adi\u00f3 que este apoyo continuar\u00e1 increment\u00e1ndose anualmente por encima de la inflaci\u00f3n.<\/p>\n\n\n\n<p class=\"wp-block-paragraph\">Tambi\u00e9n se\u00f1al\u00f3 que <strong>19 mil personas con discapacidad<\/strong> reciben una pensi\u00f3n, mientras que estudiantes de nivel medio superior cuentan con becas y ni\u00f1as y ni\u00f1os de escuelas p\u00fablicas reciben apoyos.<\/p>\n\n\n\n<p class=\"wp-block-paragraph\">Al cierre de su intervenci\u00f3n, la presidenta afirm\u00f3 que su administraci\u00f3n continuar\u00e1 trabajando diariamente en favor de la poblaci\u00f3n.<\/p>\n\n\n\n<p class=\"wp-block-paragraph\">&#8220;Somos un gobierno de la gente, somos un gobierno del pueblo orgullosamente, del mejor pueblo del mundo&#8221;, sostuvo Sheinbaum.<\/p>\n","protected":false},"excerpt":{"rendered":"<p>En su primera rendici\u00f3n de cuentas en un estado gobernado por la oposici\u00f3n, la presidenta Claudia Sheinbaum afirm\u00f3 que la designaci\u00f3n de grupos delictivos como terroristas por parte de Estados Unidos no puede utilizarse como argumento para una intervenci\u00f3n extranjera en M\u00e9xico. Tambi\u00e9n defendi\u00f3 los programas de bienestar como derechos<span class=\"more-link theme-more-link\"><a href=\"https:\/\/reporterosdelsur.org\/diario\/2026\/09\/sheinbaum-defiende-soberania-de-mexico-y-programas-sociales-durante-informe-en-aguascalientes\/\">Leer Nota Complete<\/a><\/span><\/p>\n","protected":false},"author":1,"featured_media":59068,"comment_status":"open","ping_status":"open","sticky":false,"template":"","format":"standard","meta":{"footnotes":"","jetpack_publicize_message":"","jetpack_publicize_feature_enabled":true,"jetpack_social_post_already_shared":true,"jetpack_social_options":{"image_generator_settings":{"template":"highway","default_image_id":0,"font":"","enabled":false},"version":2}},"categories":[3],"tags":[1381,480,481,2175,1156,1210,38,564,333,470,446],"class_list":["entry","author-admin","post-59067","post","type-post","status-publish","format-standard","has-post-thumbnail","category-mexico","tag-claudia-sheinbaum-pardo","tag-economia","tag-finanzas","tag-gobierno-de-mexico","tag-internacionales","tag-nacionales","tag-noticias","tag-programas-sociales","tag-seguridad","tag-turismo","tag-viviendas"],"jetpack_publicize_connections":[],"featured_image_urls":{"full":["https:\/\/reporterosdelsur.org\/diario\/wp-content\/uploads\/2026\/09\/Claudia-1.jpg",1522,954,false],"thumbnail":["https:\/\/reporterosdelsur.org\/diario\/wp-content\/uploads\/2026\/09\/Claudia-1-150x150.jpg",150,150,true],"medium":["https:\/\/reporterosdelsur.org\/diario\/wp-content\/uploads\/2026\/09\/Claudia-1-300x188.jpg",300,188,true],"medium_large":["https:\/\/reporterosdelsur.org\/diario\/wp-content\/uploads\/2026\/09\/Claudia-1-768x481.jpg",768,481,true],"large":["https:\/\/reporterosdelsur.org\/diario\/wp-content\/uploads\/2026\/09\/Claudia-1-1024x642.jpg",1024,642,true],"1536x1536":["https:\/\/reporterosdelsur.org\/diario\/wp-content\/uploads\/2026\/09\/Claudia-1.jpg",1522,954,false],"2048x2048":["https:\/\/reporterosdelsur.org\/diario\/wp-content\/uploads\/2026\/09\/Claudia-1.jpg",1522,954,false],"ultp_layout_landscape_large":["https:\/\/reporterosdelsur.org\/diario\/wp-content\/uploads\/2026\/09\/Claudia-1-1200x800.jpg",1200,800,true],"ultp_layout_landscape":["https:\/\/reporterosdelsur.org\/diario\/wp-content\/uploads\/2026\/09\/Claudia-1-870x570.jpg",870,570,true],"ultp_layout_portrait":["https:\/\/reporterosdelsur.org\/diario\/wp-content\/uploads\/2026\/09\/Claudia-1-600x900.jpg",600,900,true],"ultp_layout_square":["https:\/\/reporterosdelsur.org\/diario\/wp-content\/uploads\/2026\/09\/Claudia-1-600x600.jpg",600,600,true],"hoot-medium-thumb":["https:\/\/reporterosdelsur.org\/diario\/wp-content\/uploads\/2026\/09\/Claudia-1-460x400.jpg",460,400,true],"hoot-preview":["https:\/\/reporterosdelsur.org\/diario\/wp-content\/uploads\/2026\/09\/Claudia-1-465x291.jpg",465,291,true],"hoot-preview-thumb":["https:\/\/reporterosdelsur.org\/diario\/wp-content\/uploads\/2026\/09\/Claudia-1-465x550.jpg",465,550,true],"hoot-large-thumb":["https:\/\/reporterosdelsur.org\/diario\/wp-content\/uploads\/2026\/09\/Claudia-1-690x550.jpg",690,550,true],"hoot-preview-large":["https:\/\/reporterosdelsur.org\/diario\/wp-content\/uploads\/2026\/09\/Claudia-1-695x436.jpg",695,436,true],"hoot-wide-thumb":["https:\/\/reporterosdelsur.org\/diario\/wp-content\/uploads\/2026\/09\/Claudia-1-920x425.jpg",920,425,true],"hoot-extra-wide-thumb":["https:\/\/reporterosdelsur.org\/diario\/wp-content\/uploads\/2026\/09\/Claudia-1-1035x425.jpg",1035,425,true]},"author_info":{"display_name":"Reporteros del Sur","author_link":"https:\/\/reporterosdelsur.org\/diario\/author\/admin\/"},"category_info":"<a href=\"https:\/\/reporterosdelsur.org\/diario\/category\/mexico\/\" rel=\"category tag\">M\u00e9xico<\/a>","tag_info":"M\u00e9xico","comment_count":"0","_links":{"self":[{"href":"https:\/\/reporterosdelsur.org\/diario\/wp-json\/wp\/v2\/posts\/59067","targetHints":{"allow":["GET"]}}],"collection":[{"href":"https:\/\/reporterosdelsur.org\/diario\/wp-json\/wp\/v2\/posts"}],"about":[{"href":"https:\/\/reporterosdelsur.org\/diario\/wp-json\/wp\/v2\/types\/post"}],"author":[{"embeddable":true,"href":"https:\/\/reporterosdelsur.org\/diario\/wp-json\/wp\/v2\/users\/1"}],"replies":[{"embeddable":true,"href":"https:\/\/reporterosdelsur.org\/diario\/wp-json\/wp\/v2\/comments?post=59067"}],"version-history":[{"count":1,"href":"https:\/\/reporterosdelsur.org\/diario\/wp-json\/wp\/v2\/posts\/59067\/revisions"}],"predecessor-version":[{"id":59069,"href":"https:\/\/reporterosdelsur.org\/diario\/wp-json\/wp\/v2\/posts\/59067\/revisions\/59069"}],"wp:featuredmedia":[{"embeddable":true,"href":"https:\/\/reporterosdelsur.org\/diario\/wp-json\/wp\/v2\/media\/59068"}],"wp:attachment":[{"href":"https:\/\/reporterosdelsur.org\/diario\/wp-json\/wp\/v2\/media?parent=59067"}],"wp:term":[{"taxonomy":"category","embeddable":true,"href":"https:\/\/reporterosdelsur.org\/diario\/wp-json\/wp\/v2\/categories?post=59067"},{"taxonomy":"post_tag","embeddable":true,"href":"https:\/\/reporterosdelsur.org\/diario\/wp-json\/wp\/v2\/tags?post=59067"}],"curies":[{"name":"wp","href":"https:\/\/api.w.org\/{rel}","templated":true}]}}