{"id":59043,"date":"2026-09-04T22:31:25","date_gmt":"2026-09-05T04:31:25","guid":{"rendered":"https:\/\/reporterosdelsur.org\/diario\/?p=59043"},"modified":"2026-09-04T22:31:28","modified_gmt":"2026-09-05T04:31:28","slug":"gobierno-del-pueblo-invierte-mas-de-73-mdp-para-fortalecer-vias-de-comunicacion-en-tenosique-y-balancan","status":"publish","type":"post","link":"https:\/\/reporterosdelsur.org\/diario\/2026\/09\/gobierno-del-pueblo-invierte-mas-de-73-mdp-para-fortalecer-vias-de-comunicacion-en-tenosique-y-balancan\/","title":{"rendered":"Gobierno del Pueblo invierte m\u00e1s de 73 mdp para fortalecer v\u00edas de comunicaci\u00f3n en Tenosique y Balanc\u00e1n&#8230;"},"content":{"rendered":"\n<p class=\"has-large-font-size wp-block-paragraph\"><strong>El Gobernador Javier May abander\u00f3 el inicio de la segunda etapa de rehabilitaci\u00f3n de los caminos Tenosique-La Palma y Villa El Triunfo-El Pedregal, v\u00eda estrat\u00e9gica del Plan Balanc\u00e1n-Tenosique<\/strong><\/p>\n\n\n\n<p class=\"has-large-font-size wp-block-paragraph\">\u00a0<strong>&#8220;Estamos todos los d\u00edas en el territorio trabajando, atendiendo la demanda de las comunidades y del pueblo&#8221;, afirma el mandatario al reconocer que las acciones provienen de solicitudes hechas en sus recorridos permanentes por Tabasco<\/strong><\/p>\n\n\n\n<p class=\"has-text-align-center wp-block-paragraph\"><strong>BALANC\u00c1N\/TENOSIQUE, TAB<\/strong><\/p>\n\n\n\n<p class=\"wp-block-paragraph\">Con una inversi\u00f3n conjunta superior a 73 millones de pesos, el Gobierno del Pueblo fortalece las v\u00edas de comunicaci\u00f3n de Tenosique y Balanc\u00e1n, mediante el inicio de trabajos de rehabilitaci\u00f3n carretera que beneficiar\u00e1n directamente a m\u00e1s de 25 mil habitantes de ambos municipios, al mejorar la movilidad de las familias, facilitar el traslado de bienes y servicios, y contribuir al desarrollo de las comunidades de la regi\u00f3n de Los R\u00edos.<\/p>\n\n\n\n<figure class=\"wp-block-embed is-type-rich is-provider-x wp-block-embed-x\"><div class=\"wp-block-embed__wrapper\">\n<blockquote class=\"twitter-tweet\" data-width=\"550\" data-dnt=\"true\"><p lang=\"es\" dir=\"ltr\">Durante nuestra jornada de trabajo en la zona de Los R\u00edos, comenzamos la rehabilitaci\u00f3n de la segunda etapa del camino Tenosique \u2013 La Palma, para mejorar las v\u00edas de comunicaci\u00f3n en la regi\u00f3n; era un pendiente que ten\u00edamos y que estamos cumpliendo, la estamos haciendo con\u2026 <a href=\"https:\/\/t.co\/rqRpj4dTSb\">pic.twitter.com\/rqRpj4dTSb<\/a><\/p>&mdash; JAVIER MAY (@TabascoJavier) <a href=\"https:\/\/x.com\/TabascoJavier\/status\/2095961071370608844?ref_src=twsrc%5Etfw\">September 4, 2026<\/a><\/blockquote><script async src=\"https:\/\/platform.x.com\/widgets.js\" charset=\"utf-8\"><\/script>\n<\/div><\/figure>\n\n\n\n<p class=\"wp-block-paragraph\">Durante las primeras horas de este viernes, el Gobernador Javier May Rodr\u00edguez encabez\u00f3 el banderazo del inicio de la segunda etapa de la rehabilitaci\u00f3n del camino Tenosique-La Palma, acci\u00f3n a la que se destinaron 37.5 millones de pesos y que responde a una solicitud realizada por la comunidad en una audiencia p\u00fablica, por que la presencia permanente en territorio permite identificar de manera directa las necesidades de la poblaci\u00f3n.<\/p>\n\n\n\n<figure class=\"wp-block-embed is-type-video is-provider-youtube wp-block-embed-youtube wp-embed-aspect-16-9 wp-has-aspect-ratio\"><div class=\"wp-block-embed__wrapper\">\n<iframe loading=\"lazy\" title=\"Javier May en el Camino Tenosique \u2013 La Palma\" width=\"1440\" height=\"810\" src=\"https:\/\/www.youtube.com\/embed\/tQ6HCM-CRuw?feature=oembed\" frameborder=\"0\" allow=\"accelerometer; autoplay; clipboard-write; encrypted-media; gyroscope; picture-in-picture; web-share\" referrerpolicy=\"strict-origin-when-cross-origin\" allowfullscreen><\/iframe>\n<\/div><\/figure>\n\n\n\n<figure class=\"wp-block-image size-large\"><img loading=\"lazy\" decoding=\"async\" width=\"1024\" height=\"683\" src=\"https:\/\/reporterosdelsur.org\/diario\/wp-content\/uploads\/2026\/09\/06-triunfo-1024x683.jpeg\" alt=\"\" class=\"wp-image-59045\" srcset=\"https:\/\/reporterosdelsur.org\/diario\/wp-content\/uploads\/2026\/09\/06-triunfo-1024x683.jpeg 1024w, https:\/\/reporterosdelsur.org\/diario\/wp-content\/uploads\/2026\/09\/06-triunfo-300x200.jpeg 300w, https:\/\/reporterosdelsur.org\/diario\/wp-content\/uploads\/2026\/09\/06-triunfo-768x512.jpeg 768w, https:\/\/reporterosdelsur.org\/diario\/wp-content\/uploads\/2026\/09\/06-triunfo-1200x800.jpeg 1200w, https:\/\/reporterosdelsur.org\/diario\/wp-content\/uploads\/2026\/09\/06-triunfo-465x310.jpeg 465w, https:\/\/reporterosdelsur.org\/diario\/wp-content\/uploads\/2026\/09\/06-triunfo-695x464.jpeg 695w, https:\/\/reporterosdelsur.org\/diario\/wp-content\/uploads\/2026\/09\/06-triunfo.jpeg 1280w\" sizes=\"auto, (max-width: 1024px) 100vw, 1024px\" \/><\/figure>\n\n\n\n<figure class=\"wp-block-image size-large\"><img loading=\"lazy\" decoding=\"async\" width=\"1024\" height=\"682\" src=\"https:\/\/reporterosdelsur.org\/diario\/wp-content\/uploads\/2026\/09\/03-palma-1024x682.jpeg\" alt=\"\" class=\"wp-image-59047\" srcset=\"https:\/\/reporterosdelsur.org\/diario\/wp-content\/uploads\/2026\/09\/03-palma-1024x682.jpeg 1024w, https:\/\/reporterosdelsur.org\/diario\/wp-content\/uploads\/2026\/09\/03-palma-300x200.jpeg 300w, https:\/\/reporterosdelsur.org\/diario\/wp-content\/uploads\/2026\/09\/03-palma-768x512.jpeg 768w, https:\/\/reporterosdelsur.org\/diario\/wp-content\/uploads\/2026\/09\/03-palma-1200x800.jpeg 1200w, https:\/\/reporterosdelsur.org\/diario\/wp-content\/uploads\/2026\/09\/03-palma-465x310.jpeg 465w, https:\/\/reporterosdelsur.org\/diario\/wp-content\/uploads\/2026\/09\/03-palma-695x463.jpeg 695w, https:\/\/reporterosdelsur.org\/diario\/wp-content\/uploads\/2026\/09\/03-palma.jpeg 1280w\" sizes=\"auto, (max-width: 1024px) 100vw, 1024px\" \/><\/figure>\n\n\n\n<p class=\"wp-block-paragraph\">&#8220;Estamos todos los d\u00edas en el territorio trabajando, atendiendo la demanda de las comunidades y del pueblo. Vamos a rehabilitar este tramo, es una v\u00eda de comunicaci\u00f3n muy importante para todos estos centros integradores que est\u00e1n en muy mal estado&#8221;, afirm\u00f3 en compa\u00f1\u00eda de la alcaldesa de Tenosique, Sandra Beatriz Hern\u00e1ndez Jim\u00e9nez y de la secretaria de Ordenamiento Territorial y Obras P\u00fablicas (SOTOP), Victoria Ar\u00e9valo Zenteno.<\/p>\n\n\n\n<figure class=\"wp-block-image size-large\"><img loading=\"lazy\" decoding=\"async\" width=\"1024\" height=\"683\" src=\"https:\/\/reporterosdelsur.org\/diario\/wp-content\/uploads\/2026\/09\/04-triunfo-pedregal-1024x683.jpeg\" alt=\"\" class=\"wp-image-59048\" srcset=\"https:\/\/reporterosdelsur.org\/diario\/wp-content\/uploads\/2026\/09\/04-triunfo-pedregal-1024x683.jpeg 1024w, https:\/\/reporterosdelsur.org\/diario\/wp-content\/uploads\/2026\/09\/04-triunfo-pedregal-300x200.jpeg 300w, https:\/\/reporterosdelsur.org\/diario\/wp-content\/uploads\/2026\/09\/04-triunfo-pedregal-768x512.jpeg 768w, https:\/\/reporterosdelsur.org\/diario\/wp-content\/uploads\/2026\/09\/04-triunfo-pedregal-1200x800.jpeg 1200w, https:\/\/reporterosdelsur.org\/diario\/wp-content\/uploads\/2026\/09\/04-triunfo-pedregal-465x310.jpeg 465w, https:\/\/reporterosdelsur.org\/diario\/wp-content\/uploads\/2026\/09\/04-triunfo-pedregal-695x464.jpeg 695w, https:\/\/reporterosdelsur.org\/diario\/wp-content\/uploads\/2026\/09\/04-triunfo-pedregal.jpeg 1280w\" sizes=\"auto, (max-width: 1024px) 100vw, 1024px\" \/><\/figure>\n\n\n\n<figure class=\"wp-block-image size-large\"><img loading=\"lazy\" decoding=\"async\" width=\"1024\" height=\"682\" src=\"https:\/\/reporterosdelsur.org\/diario\/wp-content\/uploads\/2026\/09\/02-paslma-1024x682.jpeg\" alt=\"\" class=\"wp-image-59046\" srcset=\"https:\/\/reporterosdelsur.org\/diario\/wp-content\/uploads\/2026\/09\/02-paslma-1024x682.jpeg 1024w, https:\/\/reporterosdelsur.org\/diario\/wp-content\/uploads\/2026\/09\/02-paslma-300x200.jpeg 300w, https:\/\/reporterosdelsur.org\/diario\/wp-content\/uploads\/2026\/09\/02-paslma-768x512.jpeg 768w, https:\/\/reporterosdelsur.org\/diario\/wp-content\/uploads\/2026\/09\/02-paslma-1200x800.jpeg 1200w, https:\/\/reporterosdelsur.org\/diario\/wp-content\/uploads\/2026\/09\/02-paslma-465x310.jpeg 465w, https:\/\/reporterosdelsur.org\/diario\/wp-content\/uploads\/2026\/09\/02-paslma-695x463.jpeg 695w, https:\/\/reporterosdelsur.org\/diario\/wp-content\/uploads\/2026\/09\/02-paslma.jpeg 1280w\" sizes=\"auto, (max-width: 1024px) 100vw, 1024px\" \/><\/figure>\n\n\n\n<p class=\"wp-block-paragraph\">Posteriormente y bajo la premisa que en la historia de Balanc\u00e1n nunca un gobernante la hab\u00eda visitado tantas veces, el mandatario dio el banderazo de inicio de la rehabilitaci\u00f3n de 9.5 kil\u00f3metros del camino Villa El Triunfo-El Pedregal en tramos aislados, en la que se invierten m\u00e1s de 35.5 millones de pesos, en beneficio de 15 mil 219 balancanenses.<\/p>\n\n\n\n<figure class=\"wp-block-image size-large\"><img loading=\"lazy\" decoding=\"async\" width=\"1024\" height=\"576\" src=\"https:\/\/reporterosdelsur.org\/diario\/wp-content\/uploads\/2026\/09\/05-triunfo-1024x576.jpeg\" alt=\"\" class=\"wp-image-59049\" srcset=\"https:\/\/reporterosdelsur.org\/diario\/wp-content\/uploads\/2026\/09\/05-triunfo-1024x576.jpeg 1024w, https:\/\/reporterosdelsur.org\/diario\/wp-content\/uploads\/2026\/09\/05-triunfo-300x169.jpeg 300w, https:\/\/reporterosdelsur.org\/diario\/wp-content\/uploads\/2026\/09\/05-triunfo-768x432.jpeg 768w, https:\/\/reporterosdelsur.org\/diario\/wp-content\/uploads\/2026\/09\/05-triunfo-465x262.jpeg 465w, https:\/\/reporterosdelsur.org\/diario\/wp-content\/uploads\/2026\/09\/05-triunfo-695x391.jpeg 695w, https:\/\/reporterosdelsur.org\/diario\/wp-content\/uploads\/2026\/09\/05-triunfo.jpeg 1280w\" sizes=\"auto, (max-width: 1024px) 100vw, 1024px\" \/><\/figure>\n\n\n\n<figure class=\"wp-block-image size-large\"><img loading=\"lazy\" decoding=\"async\" width=\"1024\" height=\"683\" src=\"https:\/\/reporterosdelsur.org\/diario\/wp-content\/uploads\/2026\/09\/07-triunfo-1024x683.jpeg\" alt=\"\" class=\"wp-image-59050\" srcset=\"https:\/\/reporterosdelsur.org\/diario\/wp-content\/uploads\/2026\/09\/07-triunfo-1024x683.jpeg 1024w, https:\/\/reporterosdelsur.org\/diario\/wp-content\/uploads\/2026\/09\/07-triunfo-300x200.jpeg 300w, https:\/\/reporterosdelsur.org\/diario\/wp-content\/uploads\/2026\/09\/07-triunfo-768x512.jpeg 768w, https:\/\/reporterosdelsur.org\/diario\/wp-content\/uploads\/2026\/09\/07-triunfo-1200x800.jpeg 1200w, https:\/\/reporterosdelsur.org\/diario\/wp-content\/uploads\/2026\/09\/07-triunfo-465x310.jpeg 465w, https:\/\/reporterosdelsur.org\/diario\/wp-content\/uploads\/2026\/09\/07-triunfo-695x464.jpeg 695w, https:\/\/reporterosdelsur.org\/diario\/wp-content\/uploads\/2026\/09\/07-triunfo.jpeg 1280w\" sizes=\"auto, (max-width: 1024px) 100vw, 1024px\" \/><\/figure>\n\n\n\n<p class=\"wp-block-paragraph\">May Rodr\u00edguez resalt\u00f3 que esta v\u00eda de comunicaci\u00f3n es muy importante, porque es una arteria del Plan Balanc\u00e1n-Tenosique, y en la que sus productores movilizan sus mercanc\u00edas. &#8220;As\u00ed como este camino, estamos reparando la red de todo el estado, porque por muchos a\u00f1os se dej\u00f3 en el olvido y ya estaba en muy malas condiciones&#8221;, asegur\u00f3 junto a la presidenta municipal, Beatriz Casta\u00f1\u00f3n F\u00e9lix.<\/p>\n\n\n\n<figure class=\"wp-block-image size-large\"><img loading=\"lazy\" decoding=\"async\" width=\"1024\" height=\"683\" src=\"https:\/\/reporterosdelsur.org\/diario\/wp-content\/uploads\/2026\/09\/09-triunfo-1024x683.jpeg\" alt=\"\" class=\"wp-image-59051\" srcset=\"https:\/\/reporterosdelsur.org\/diario\/wp-content\/uploads\/2026\/09\/09-triunfo-1024x683.jpeg 1024w, https:\/\/reporterosdelsur.org\/diario\/wp-content\/uploads\/2026\/09\/09-triunfo-300x200.jpeg 300w, https:\/\/reporterosdelsur.org\/diario\/wp-content\/uploads\/2026\/09\/09-triunfo-768x512.jpeg 768w, https:\/\/reporterosdelsur.org\/diario\/wp-content\/uploads\/2026\/09\/09-triunfo-1200x800.jpeg 1200w, https:\/\/reporterosdelsur.org\/diario\/wp-content\/uploads\/2026\/09\/09-triunfo-465x310.jpeg 465w, https:\/\/reporterosdelsur.org\/diario\/wp-content\/uploads\/2026\/09\/09-triunfo-695x464.jpeg 695w, https:\/\/reporterosdelsur.org\/diario\/wp-content\/uploads\/2026\/09\/09-triunfo.jpeg 1280w\" sizes=\"auto, (max-width: 1024px) 100vw, 1024px\" \/><\/figure>\n\n\n\n<figure class=\"wp-block-image size-large\"><img loading=\"lazy\" decoding=\"async\" width=\"1024\" height=\"683\" src=\"https:\/\/reporterosdelsur.org\/diario\/wp-content\/uploads\/2026\/09\/08-apatzingan-1024x683.jpeg\" alt=\"\" class=\"wp-image-59052\" srcset=\"https:\/\/reporterosdelsur.org\/diario\/wp-content\/uploads\/2026\/09\/08-apatzingan-1024x683.jpeg 1024w, https:\/\/reporterosdelsur.org\/diario\/wp-content\/uploads\/2026\/09\/08-apatzingan-300x200.jpeg 300w, https:\/\/reporterosdelsur.org\/diario\/wp-content\/uploads\/2026\/09\/08-apatzingan-768x512.jpeg 768w, https:\/\/reporterosdelsur.org\/diario\/wp-content\/uploads\/2026\/09\/08-apatzingan-1200x800.jpeg 1200w, https:\/\/reporterosdelsur.org\/diario\/wp-content\/uploads\/2026\/09\/08-apatzingan-465x310.jpeg 465w, https:\/\/reporterosdelsur.org\/diario\/wp-content\/uploads\/2026\/09\/08-apatzingan-695x464.jpeg 695w, https:\/\/reporterosdelsur.org\/diario\/wp-content\/uploads\/2026\/09\/08-apatzingan.jpeg 1280w\" sizes=\"auto, (max-width: 1024px) 100vw, 1024px\" \/><\/figure>\n\n\n\n<p class=\"wp-block-paragraph\">Destac\u00f3 que, en este a\u00f1o, el Gobierno de Territorio invirti\u00f3 m\u00e1s de 132 millones de pesos en diversas obras sociales en todo Balanc\u00e1n, y anunci\u00f3 que para el pr\u00f3ximo buscar\u00e1 que ese monto supere los 150 millones a fin de que el municipio siga avanzando, se combata el rezago y mejoren las condiciones de vida de sus habitantes.<\/p>\n\n\n\n<figure class=\"wp-block-image size-large\"><img loading=\"lazy\" decoding=\"async\" width=\"1024\" height=\"682\" src=\"https:\/\/reporterosdelsur.org\/diario\/wp-content\/uploads\/2026\/09\/10-teno-1024x682.jpeg\" alt=\"\" class=\"wp-image-59053\" srcset=\"https:\/\/reporterosdelsur.org\/diario\/wp-content\/uploads\/2026\/09\/10-teno-1024x682.jpeg 1024w, https:\/\/reporterosdelsur.org\/diario\/wp-content\/uploads\/2026\/09\/10-teno-300x200.jpeg 300w, https:\/\/reporterosdelsur.org\/diario\/wp-content\/uploads\/2026\/09\/10-teno-768x512.jpeg 768w, https:\/\/reporterosdelsur.org\/diario\/wp-content\/uploads\/2026\/09\/10-teno-1200x800.jpeg 1200w, https:\/\/reporterosdelsur.org\/diario\/wp-content\/uploads\/2026\/09\/10-teno-465x310.jpeg 465w, https:\/\/reporterosdelsur.org\/diario\/wp-content\/uploads\/2026\/09\/10-teno-695x463.jpeg 695w, https:\/\/reporterosdelsur.org\/diario\/wp-content\/uploads\/2026\/09\/10-teno.jpeg 1280w\" sizes=\"auto, (max-width: 1024px) 100vw, 1024px\" \/><\/figure>\n\n\n\n<p class=\"wp-block-paragraph\">Al enumerar los apoyos que dirigen los Gobiernos de M\u00e9xico y de Tabasco, y que permiten que Balanc\u00e1n cuente con 12 mil beneficiarios en Sembrando Vida y los 18 programas de bienestar estatales, con hechos se acaba el viejo refr\u00e1n: &#8220;A Jonuta y Balanc\u00e1n d\u00e9jalos como est\u00e1n&#8221;, porque hoy en d\u00eda se les apoya como nunca.<\/p>\n","protected":false},"excerpt":{"rendered":"<p>El Gobernador Javier May abander\u00f3 el inicio de la segunda etapa de rehabilitaci\u00f3n de los caminos Tenosique-La Palma y Villa El Triunfo-El Pedregal, v\u00eda estrat\u00e9gica del Plan Balanc\u00e1n-Tenosique \u00a0&#8220;Estamos todos los d\u00edas en el territorio trabajando, atendiendo la demanda de las comunidades y del pueblo&#8221;, afirma el mandatario al reconocer<span class=\"more-link theme-more-link\"><a href=\"https:\/\/reporterosdelsur.org\/diario\/2026\/09\/gobierno-del-pueblo-invierte-mas-de-73-mdp-para-fortalecer-vias-de-comunicacion-en-tenosique-y-balancan\/\">Leer Nota Complete<\/a><\/span><\/p>\n","protected":false},"author":2,"featured_media":59044,"comment_status":"open","ping_status":"open","sticky":false,"template":"","format":"standard","meta":{"footnotes":"","jetpack_publicize_message":"","jetpack_publicize_feature_enabled":true,"jetpack_social_post_already_shared":true,"jetpack_social_options":{"image_generator_settings":{"template":"highway","default_image_id":0,"font":"","enabled":false},"version":2}},"categories":[6,2],"tags":[],"class_list":["entry","author-guza0892gmail-com","post-59043","post","type-post","status-publish","format-standard","has-post-thumbnail","category-destacado","category-tabasco"],"jetpack_publicize_connections":[],"featured_image_urls":{"full":["https:\/\/reporterosdelsur.org\/diario\/wp-content\/uploads\/2026\/09\/01-palma-tenosique.jpeg",1280,853,false],"thumbnail":["https:\/\/reporterosdelsur.org\/diario\/wp-content\/uploads\/2026\/09\/01-palma-tenosique-150x150.jpeg",150,150,true],"medium":["https:\/\/reporterosdelsur.org\/diario\/wp-content\/uploads\/2026\/09\/01-palma-tenosique-300x200.jpeg",300,200,true],"medium_large":["https:\/\/reporterosdelsur.org\/diario\/wp-content\/uploads\/2026\/09\/01-palma-tenosique-768x512.jpeg",768,512,true],"large":["https:\/\/reporterosdelsur.org\/diario\/wp-content\/uploads\/2026\/09\/01-palma-tenosique-1024x682.jpeg",1024,682,true],"1536x1536":["https:\/\/reporterosdelsur.org\/diario\/wp-content\/uploads\/2026\/09\/01-palma-tenosique.jpeg",1280,853,false],"2048x2048":["https:\/\/reporterosdelsur.org\/diario\/wp-content\/uploads\/2026\/09\/01-palma-tenosique.jpeg",1280,853,false],"ultp_layout_landscape_large":["https:\/\/reporterosdelsur.org\/diario\/wp-content\/uploads\/2026\/09\/01-palma-tenosique-1200x800.jpeg",1200,800,true],"ultp_layout_landscape":["https:\/\/reporterosdelsur.org\/diario\/wp-content\/uploads\/2026\/09\/01-palma-tenosique-870x570.jpeg",870,570,true],"ultp_layout_portrait":["https:\/\/reporterosdelsur.org\/diario\/wp-content\/uploads\/2026\/09\/01-palma-tenosique-600x853.jpeg",600,853,true],"ultp_layout_square":["https:\/\/reporterosdelsur.org\/diario\/wp-content\/uploads\/2026\/09\/01-palma-tenosique-600x600.jpeg",600,600,true],"hoot-medium-thumb":["https:\/\/reporterosdelsur.org\/diario\/wp-content\/uploads\/2026\/09\/01-palma-tenosique-460x400.jpeg",460,400,true],"hoot-preview":["https:\/\/reporterosdelsur.org\/diario\/wp-content\/uploads\/2026\/09\/01-palma-tenosique-465x310.jpeg",465,310,true],"hoot-preview-thumb":["https:\/\/reporterosdelsur.org\/diario\/wp-content\/uploads\/2026\/09\/01-palma-tenosique-465x550.jpeg",465,550,true],"hoot-large-thumb":["https:\/\/reporterosdelsur.org\/diario\/wp-content\/uploads\/2026\/09\/01-palma-tenosique-690x550.jpeg",690,550,true],"hoot-preview-large":["https:\/\/reporterosdelsur.org\/diario\/wp-content\/uploads\/2026\/09\/01-palma-tenosique-695x463.jpeg",695,463,true],"hoot-wide-thumb":["https:\/\/reporterosdelsur.org\/diario\/wp-content\/uploads\/2026\/09\/01-palma-tenosique-920x425.jpeg",920,425,true],"hoot-extra-wide-thumb":["https:\/\/reporterosdelsur.org\/diario\/wp-content\/uploads\/2026\/09\/01-palma-tenosique-1035x425.jpeg",1035,425,true]},"author_info":{"display_name":"Reporteros del Sur","author_link":"https:\/\/reporterosdelsur.org\/diario\/author\/guza0892gmail-com\/"},"category_info":"<a href=\"https:\/\/reporterosdelsur.org\/diario\/category\/destacado\/\" rel=\"category tag\">Destacado<\/a> <a href=\"https:\/\/reporterosdelsur.org\/diario\/category\/tabasco\/\" rel=\"category tag\">Tabasco<\/a>","tag_info":"Tabasco","comment_count":"0","_links":{"self":[{"href":"https:\/\/reporterosdelsur.org\/diario\/wp-json\/wp\/v2\/posts\/59043","targetHints":{"allow":["GET"]}}],"collection":[{"href":"https:\/\/reporterosdelsur.org\/diario\/wp-json\/wp\/v2\/posts"}],"about":[{"href":"https:\/\/reporterosdelsur.org\/diario\/wp-json\/wp\/v2\/types\/post"}],"author":[{"embeddable":true,"href":"https:\/\/reporterosdelsur.org\/diario\/wp-json\/wp\/v2\/users\/2"}],"replies":[{"embeddable":true,"href":"https:\/\/reporterosdelsur.org\/diario\/wp-json\/wp\/v2\/comments?post=59043"}],"version-history":[{"count":1,"href":"https:\/\/reporterosdelsur.org\/diario\/wp-json\/wp\/v2\/posts\/59043\/revisions"}],"predecessor-version":[{"id":59054,"href":"https:\/\/reporterosdelsur.org\/diario\/wp-json\/wp\/v2\/posts\/59043\/revisions\/59054"}],"wp:featuredmedia":[{"embeddable":true,"href":"https:\/\/reporterosdelsur.org\/diario\/wp-json\/wp\/v2\/media\/59044"}],"wp:attachment":[{"href":"https:\/\/reporterosdelsur.org\/diario\/wp-json\/wp\/v2\/media?parent=59043"}],"wp:term":[{"taxonomy":"category","embeddable":true,"href":"https:\/\/reporterosdelsur.org\/diario\/wp-json\/wp\/v2\/categories?post=59043"},{"taxonomy":"post_tag","embeddable":true,"href":"https:\/\/reporterosdelsur.org\/diario\/wp-json\/wp\/v2\/tags?post=59043"}],"curies":[{"name":"wp","href":"https:\/\/api.w.org\/{rel}","templated":true}]}}