{"id":59033,"date":"2026-09-04T20:20:51","date_gmt":"2026-09-05T02:20:51","guid":{"rendered":"https:\/\/reporterosdelsur.org\/diario\/?p=59033"},"modified":"2026-09-04T20:20:54","modified_gmt":"2026-09-05T02:20:54","slug":"entregan-autobus-al-tecnologico-superior-de-los-rios-para-fortalecer-la-movilidad-estudiantil","status":"publish","type":"post","link":"https:\/\/reporterosdelsur.org\/diario\/2026\/09\/entregan-autobus-al-tecnologico-superior-de-los-rios-para-fortalecer-la-movilidad-estudiantil\/","title":{"rendered":"Entregan autob\u00fas al Tecnol\u00f3gico Superior de Los R\u00edos para fortalecer la movilidad estudiantil"},"content":{"rendered":"\n<p class=\"wp-block-paragraph\"><strong>El gobernador Javier May Rodr\u00edguez destac\u00f3 que la nueva unidad beneficiar\u00e1 a m\u00e1s de 2 mil 400 estudiantes de Balanc\u00e1n y permitir\u00e1 realizar actividades acad\u00e9micas fuera del plantel con mayor seguridad y menores costos de traslado.<\/strong><\/p>\n\n\n\n<p class=\"wp-block-paragraph\"><strong>BALANC\u00c1N, TAB.\u2014<\/strong> Con el prop\u00f3sito de fortalecer la formaci\u00f3n profesional y facilitar la movilidad de los estudiantes, el gobernador Javier May Rodr\u00edguez entreg\u00f3 un nuevo autob\u00fas al Instituto Tecnol\u00f3gico Superior de Los R\u00edos, en Balanc\u00e1n, como parte del programa <strong>Movilidad Estudiantil<\/strong>.<\/p>\n\n\n\n<p class=\"wp-block-paragraph\">Durante su visita a esta instituci\u00f3n del Tecnol\u00f3gico Nacional de M\u00e9xico (TecNM), el mandatario estatal afirm\u00f3 que el Gobierno del Pueblo mantiene el compromiso de generar mejores condiciones para que las nuevas generaciones puedan desarrollar su potencial acad\u00e9mico y profesional.<\/p>\n\n\n\n<figure class=\"wp-block-image size-large\"><img loading=\"lazy\" decoding=\"async\" width=\"1024\" height=\"682\" src=\"https:\/\/reporterosdelsur.org\/diario\/wp-content\/uploads\/2026\/09\/Rios-6-1024x682.jpeg\" alt=\"\" class=\"wp-image-59035\" srcset=\"https:\/\/reporterosdelsur.org\/diario\/wp-content\/uploads\/2026\/09\/Rios-6-1024x682.jpeg 1024w, https:\/\/reporterosdelsur.org\/diario\/wp-content\/uploads\/2026\/09\/Rios-6-300x200.jpeg 300w, https:\/\/reporterosdelsur.org\/diario\/wp-content\/uploads\/2026\/09\/Rios-6-768x512.jpeg 768w, https:\/\/reporterosdelsur.org\/diario\/wp-content\/uploads\/2026\/09\/Rios-6-1200x800.jpeg 1200w, https:\/\/reporterosdelsur.org\/diario\/wp-content\/uploads\/2026\/09\/Rios-6-465x310.jpeg 465w, https:\/\/reporterosdelsur.org\/diario\/wp-content\/uploads\/2026\/09\/Rios-6-695x463.jpeg 695w, https:\/\/reporterosdelsur.org\/diario\/wp-content\/uploads\/2026\/09\/Rios-6.jpeg 1280w\" sizes=\"auto, (max-width: 1024px) 100vw, 1024px\" \/><\/figure>\n\n\n\n<p class=\"wp-block-paragraph\">\u201cHoy ponemos al servicio de esta instituci\u00f3n una nueva unidad de transporte, que se incorpora al servicio de esta comunidad educativa. Con ella ustedes podr\u00e1n realizar, en mejores condiciones, las actividades acad\u00e9micas que requieren movilidad fuera de las instalaciones\u201d, expres\u00f3.<\/p>\n\n\n\n<p class=\"wp-block-paragraph\">May Rodr\u00edguez destac\u00f3 que el autob\u00fas permitir\u00e1 reducir los gastos de traslado de los estudiantes y contribuir\u00e1 a brindarles mayor seguridad durante sus recorridos.<\/p>\n\n\n\n<p class=\"wp-block-paragraph\">Acompa\u00f1ado por la secretaria de Educaci\u00f3n, Patricia Iparrea S\u00e1nchez, el gobernador exhort\u00f3 a los m\u00e1s de <strong>2 mil 400 estudiantes<\/strong> del Tecnol\u00f3gico Superior de Los R\u00edos a utilizar de manera responsable la nueva unidad, destinada a respaldar las actividades de formaci\u00f3n profesional y fortalecer su vinculaci\u00f3n con las comunidades.<\/p>\n\n\n\n<figure class=\"wp-block-image size-large\"><img loading=\"lazy\" decoding=\"async\" width=\"1024\" height=\"682\" src=\"https:\/\/reporterosdelsur.org\/diario\/wp-content\/uploads\/2026\/09\/Rios-8-1024x682.jpeg\" alt=\"\" class=\"wp-image-59036\" srcset=\"https:\/\/reporterosdelsur.org\/diario\/wp-content\/uploads\/2026\/09\/Rios-8-1024x682.jpeg 1024w, https:\/\/reporterosdelsur.org\/diario\/wp-content\/uploads\/2026\/09\/Rios-8-300x200.jpeg 300w, https:\/\/reporterosdelsur.org\/diario\/wp-content\/uploads\/2026\/09\/Rios-8-768x511.jpeg 768w, https:\/\/reporterosdelsur.org\/diario\/wp-content\/uploads\/2026\/09\/Rios-8-1200x800.jpeg 1200w, https:\/\/reporterosdelsur.org\/diario\/wp-content\/uploads\/2026\/09\/Rios-8-465x310.jpeg 465w, https:\/\/reporterosdelsur.org\/diario\/wp-content\/uploads\/2026\/09\/Rios-8-695x463.jpeg 695w, https:\/\/reporterosdelsur.org\/diario\/wp-content\/uploads\/2026\/09\/Rios-8.jpeg 1280w\" sizes=\"auto, (max-width: 1024px) 100vw, 1024px\" \/><\/figure>\n\n\n\n<p class=\"wp-block-paragraph\">\u201cTabasco necesita de su conocimiento y del talento de sus juventudes para seguir avanzando. Por eso vamos a seguir trabajando juntas y juntos con ustedes, con nuestras instituciones educativas y atendiendo aquello que contribuye a impulsar el trabajo acad\u00e9mico de todos ustedes\u201d, enfatiz\u00f3.<\/p>\n\n\n\n<h3 class=\"wp-block-heading\">Supervisan mejoras en instalaciones<\/h3>\n\n\n\n<p class=\"wp-block-paragraph\">Durante su recorrido por el plantel, el gobernador tambi\u00e9n constat\u00f3 el equipamiento con nuevas unidades de aire acondicionado instaladas en los laboratorios de idiomas, con lo que se busca mejorar las condiciones en las que los estudiantes desarrollan sus actividades acad\u00e9micas.<\/p>\n\n\n\n<figure class=\"wp-block-image size-large\"><img loading=\"lazy\" decoding=\"async\" width=\"1024\" height=\"682\" src=\"https:\/\/reporterosdelsur.org\/diario\/wp-content\/uploads\/2026\/09\/Rios-7-1024x682.jpeg\" alt=\"\" class=\"wp-image-59037\" srcset=\"https:\/\/reporterosdelsur.org\/diario\/wp-content\/uploads\/2026\/09\/Rios-7-1024x682.jpeg 1024w, https:\/\/reporterosdelsur.org\/diario\/wp-content\/uploads\/2026\/09\/Rios-7-300x200.jpeg 300w, https:\/\/reporterosdelsur.org\/diario\/wp-content\/uploads\/2026\/09\/Rios-7-768x512.jpeg 768w, https:\/\/reporterosdelsur.org\/diario\/wp-content\/uploads\/2026\/09\/Rios-7-1200x800.jpeg 1200w, https:\/\/reporterosdelsur.org\/diario\/wp-content\/uploads\/2026\/09\/Rios-7-465x310.jpeg 465w, https:\/\/reporterosdelsur.org\/diario\/wp-content\/uploads\/2026\/09\/Rios-7-695x463.jpeg 695w, https:\/\/reporterosdelsur.org\/diario\/wp-content\/uploads\/2026\/09\/Rios-7.jpeg 1280w\" sizes=\"auto, (max-width: 1024px) 100vw, 1024px\" \/><\/figure>\n\n\n\n<p class=\"wp-block-paragraph\">Asimismo, May Rodr\u00edguez encabez\u00f3 el corte del list\u00f3n inaugural de una muestra de trabajos acad\u00e9micos correspondientes a la reci\u00e9n estrenada carrera de <strong>Gastronom\u00eda<\/strong>, que ampl\u00eda la oferta educativa de la instituci\u00f3n.<\/p>\n\n\n\n<p class=\"wp-block-paragraph\">La secretaria de Educaci\u00f3n, Patricia Iparrea S\u00e1nchez, se\u00f1al\u00f3 que la entrega del autob\u00fas representa una muestra de una nueva forma de gobernar, basada, dijo, en escuchar y atender las necesidades de las comunidades educativas y responder con hechos.<\/p>\n\n\n\n<p class=\"wp-block-paragraph\">Por su parte, la rectora del Tecnol\u00f3gico Superior de Los R\u00edos, Maricarmen Bravo Garc\u00eda, destac\u00f3 que a <strong>30 a\u00f1os de su fundaci\u00f3n<\/strong>, la instituci\u00f3n atraviesa una nueva etapa de crecimiento y consolidaci\u00f3n acad\u00e9mica.<\/p>\n\n\n\n<figure class=\"wp-block-image size-large\"><img loading=\"lazy\" decoding=\"async\" width=\"1024\" height=\"682\" src=\"https:\/\/reporterosdelsur.org\/diario\/wp-content\/uploads\/2026\/09\/Rios-2-1024x682.jpeg\" alt=\"\" class=\"wp-image-59038\" srcset=\"https:\/\/reporterosdelsur.org\/diario\/wp-content\/uploads\/2026\/09\/Rios-2-1024x682.jpeg 1024w, https:\/\/reporterosdelsur.org\/diario\/wp-content\/uploads\/2026\/09\/Rios-2-300x200.jpeg 300w, https:\/\/reporterosdelsur.org\/diario\/wp-content\/uploads\/2026\/09\/Rios-2-768x512.jpeg 768w, https:\/\/reporterosdelsur.org\/diario\/wp-content\/uploads\/2026\/09\/Rios-2-1200x800.jpeg 1200w, https:\/\/reporterosdelsur.org\/diario\/wp-content\/uploads\/2026\/09\/Rios-2-465x310.jpeg 465w, https:\/\/reporterosdelsur.org\/diario\/wp-content\/uploads\/2026\/09\/Rios-2-695x463.jpeg 695w, https:\/\/reporterosdelsur.org\/diario\/wp-content\/uploads\/2026\/09\/Rios-2.jpeg 1280w\" sizes=\"auto, (max-width: 1024px) 100vw, 1024px\" \/><\/figure>\n\n\n\n<p class=\"wp-block-paragraph\">Se\u00f1al\u00f3 que entre los avances recientes se encuentra la primera generaci\u00f3n de egresados de la carrera de Gastronom\u00eda, as\u00ed como la primera maestr\u00eda en Sistemas Computacionales.<\/p>\n\n\n\n<p class=\"wp-block-paragraph\">Bravo Garc\u00eda resalt\u00f3 adem\u00e1s que recientemente se realiz\u00f3 una graduaci\u00f3n in\u00e9dita, en la que los egresados recibieron sus t\u00edtulos y c\u00e9dulas profesionales en lugar de certificados, como parte de los avances alcanzados por la instituci\u00f3n.<\/p>\n\n\n\n<p class=\"wp-block-paragraph\">La rectora reconoci\u00f3 que estos resultados han sido posibles con el respaldo del Gobierno del Pueblo y refrend\u00f3 el compromiso de la comunidad acad\u00e9mica de continuar fortaleciendo la preparaci\u00f3n de los j\u00f3venes de la regi\u00f3n de Los R\u00edos.<\/p>\n","protected":false},"excerpt":{"rendered":"<p>El gobernador Javier May Rodr\u00edguez destac\u00f3 que la nueva unidad beneficiar\u00e1 a m\u00e1s de 2 mil 400 estudiantes de Balanc\u00e1n y permitir\u00e1 realizar actividades acad\u00e9micas fuera del plantel con mayor seguridad y menores costos de traslado. BALANC\u00c1N, TAB.\u2014 Con el prop\u00f3sito de fortalecer la formaci\u00f3n profesional y facilitar la movilidad<span class=\"more-link theme-more-link\"><a href=\"https:\/\/reporterosdelsur.org\/diario\/2026\/09\/entregan-autobus-al-tecnologico-superior-de-los-rios-para-fortalecer-la-movilidad-estudiantil\/\">Leer Nota Complete<\/a><\/span><\/p>\n","protected":false},"author":1,"featured_media":59034,"comment_status":"open","ping_status":"open","sticky":false,"template":"","format":"standard","meta":{"footnotes":"","jetpack_publicize_message":"","jetpack_publicize_feature_enabled":true,"jetpack_social_post_already_shared":true,"jetpack_social_options":{"image_generator_settings":{"template":"highway","default_image_id":0,"font":"","enabled":false},"version":2}},"categories":[2],"tags":[736,193,418,177,38,640,333],"class_list":["entry","author-admin","post-59033","post","type-post","status-publish","format-standard","has-post-thumbnail","category-tabasco","tag-audiencia-publica","tag-educacion","tag-gobierno-de-tabasco","tag-javier-may-rodriguez","tag-noticias","tag-obras-sociales","tag-seguridad"],"jetpack_publicize_connections":[],"featured_image_urls":{"full":["https:\/\/reporterosdelsur.org\/diario\/wp-content\/uploads\/2026\/09\/Rios-1.jpeg",1280,853,false],"thumbnail":["https:\/\/reporterosdelsur.org\/diario\/wp-content\/uploads\/2026\/09\/Rios-1-150x150.jpeg",150,150,true],"medium":["https:\/\/reporterosdelsur.org\/diario\/wp-content\/uploads\/2026\/09\/Rios-1-300x200.jpeg",300,200,true],"medium_large":["https:\/\/reporterosdelsur.org\/diario\/wp-content\/uploads\/2026\/09\/Rios-1-768x512.jpeg",768,512,true],"large":["https:\/\/reporterosdelsur.org\/diario\/wp-content\/uploads\/2026\/09\/Rios-1-1024x682.jpeg",1024,682,true],"1536x1536":["https:\/\/reporterosdelsur.org\/diario\/wp-content\/uploads\/2026\/09\/Rios-1.jpeg",1280,853,false],"2048x2048":["https:\/\/reporterosdelsur.org\/diario\/wp-content\/uploads\/2026\/09\/Rios-1.jpeg",1280,853,false],"ultp_layout_landscape_large":["https:\/\/reporterosdelsur.org\/diario\/wp-content\/uploads\/2026\/09\/Rios-1-1200x800.jpeg",1200,800,true],"ultp_layout_landscape":["https:\/\/reporterosdelsur.org\/diario\/wp-content\/uploads\/2026\/09\/Rios-1-870x570.jpeg",870,570,true],"ultp_layout_portrait":["https:\/\/reporterosdelsur.org\/diario\/wp-content\/uploads\/2026\/09\/Rios-1-600x853.jpeg",600,853,true],"ultp_layout_square":["https:\/\/reporterosdelsur.org\/diario\/wp-content\/uploads\/2026\/09\/Rios-1-600x600.jpeg",600,600,true],"hoot-medium-thumb":["https:\/\/reporterosdelsur.org\/diario\/wp-content\/uploads\/2026\/09\/Rios-1-460x400.jpeg",460,400,true],"hoot-preview":["https:\/\/reporterosdelsur.org\/diario\/wp-content\/uploads\/2026\/09\/Rios-1-465x310.jpeg",465,310,true],"hoot-preview-thumb":["https:\/\/reporterosdelsur.org\/diario\/wp-content\/uploads\/2026\/09\/Rios-1-465x550.jpeg",465,550,true],"hoot-large-thumb":["https:\/\/reporterosdelsur.org\/diario\/wp-content\/uploads\/2026\/09\/Rios-1-690x550.jpeg",690,550,true],"hoot-preview-large":["https:\/\/reporterosdelsur.org\/diario\/wp-content\/uploads\/2026\/09\/Rios-1-695x463.jpeg",695,463,true],"hoot-wide-thumb":["https:\/\/reporterosdelsur.org\/diario\/wp-content\/uploads\/2026\/09\/Rios-1-920x425.jpeg",920,425,true],"hoot-extra-wide-thumb":["https:\/\/reporterosdelsur.org\/diario\/wp-content\/uploads\/2026\/09\/Rios-1-1035x425.jpeg",1035,425,true]},"author_info":{"display_name":"Reporteros del Sur","author_link":"https:\/\/reporterosdelsur.org\/diario\/author\/admin\/"},"category_info":"<a href=\"https:\/\/reporterosdelsur.org\/diario\/category\/tabasco\/\" rel=\"category tag\">Tabasco<\/a>","tag_info":"Tabasco","comment_count":"0","_links":{"self":[{"href":"https:\/\/reporterosdelsur.org\/diario\/wp-json\/wp\/v2\/posts\/59033","targetHints":{"allow":["GET"]}}],"collection":[{"href":"https:\/\/reporterosdelsur.org\/diario\/wp-json\/wp\/v2\/posts"}],"about":[{"href":"https:\/\/reporterosdelsur.org\/diario\/wp-json\/wp\/v2\/types\/post"}],"author":[{"embeddable":true,"href":"https:\/\/reporterosdelsur.org\/diario\/wp-json\/wp\/v2\/users\/1"}],"replies":[{"embeddable":true,"href":"https:\/\/reporterosdelsur.org\/diario\/wp-json\/wp\/v2\/comments?post=59033"}],"version-history":[{"count":1,"href":"https:\/\/reporterosdelsur.org\/diario\/wp-json\/wp\/v2\/posts\/59033\/revisions"}],"predecessor-version":[{"id":59039,"href":"https:\/\/reporterosdelsur.org\/diario\/wp-json\/wp\/v2\/posts\/59033\/revisions\/59039"}],"wp:featuredmedia":[{"embeddable":true,"href":"https:\/\/reporterosdelsur.org\/diario\/wp-json\/wp\/v2\/media\/59034"}],"wp:attachment":[{"href":"https:\/\/reporterosdelsur.org\/diario\/wp-json\/wp\/v2\/media?parent=59033"}],"wp:term":[{"taxonomy":"category","embeddable":true,"href":"https:\/\/reporterosdelsur.org\/diario\/wp-json\/wp\/v2\/categories?post=59033"},{"taxonomy":"post_tag","embeddable":true,"href":"https:\/\/reporterosdelsur.org\/diario\/wp-json\/wp\/v2\/tags?post=59033"}],"curies":[{"name":"wp","href":"https:\/\/api.w.org\/{rel}","templated":true}]}}