{"id":59024,"date":"2026-09-04T20:09:24","date_gmt":"2026-09-05T02:09:24","guid":{"rendered":"https:\/\/reporterosdelsur.org\/diario\/?p=59024"},"modified":"2026-09-04T20:09:27","modified_gmt":"2026-09-05T02:09:27","slug":"tabasco-se-consolida-como-foro-petrolero-internacional-con-la-convencion-sos26","status":"publish","type":"post","link":"https:\/\/reporterosdelsur.org\/diario\/2026\/09\/tabasco-se-consolida-como-foro-petrolero-internacional-con-la-convencion-sos26\/","title":{"rendered":"Tabasco se consolida como foro petrolero internacional con la Convenci\u00f3n SOS26"},"content":{"rendered":"\n<p class=\"wp-block-paragraph\"><strong>Empresas nacionales e internacionales de la industria energ\u00e9tica participan en la primera Convenci\u00f3n Internacional de Sostenibilidad, Energ\u00eda y Medio Ambiente, que re\u00fane en Villahermosa a especialistas, empresarios, estudiantes y autoridades.<\/strong><\/p>\n\n\n\n<p class=\"wp-block-paragraph\"><strong>VILLAHERMOSA, TAB.\u2014<\/strong> Con la participaci\u00f3n de importantes empresas de la industria energ\u00e9tica nacional e internacional, este viernes fue inaugurada la primera <strong>Convenci\u00f3n Internacional de Sostenibilidad, Energ\u00eda y Medio Ambiente SOS26<\/strong>, encuentro que busca posicionar a Tabasco como un referente para el di\u00e1logo sobre el futuro del sector energ\u00e9tico y la protecci\u00f3n ambiental.<\/p>\n\n\n\n<p class=\"wp-block-paragraph\">La convenci\u00f3n, organizada por la Secretar\u00eda de Medio Ambiente y Desarrollo Sostenible (SEMADES), re\u00fane en el Centro de Convenciones a representantes de empresas como Repsol, Perenco, Eni M\u00e9xico, Grupo Carso y Petr\u00f3leos Mexicanos (Pemex), adem\u00e1s de firmas especializadas que tienen presencia en la entidad.<\/p>\n\n\n\n<p class=\"wp-block-paragraph\">Para Jaime Mart\u00ednez Leyva, ingeniero y gerente t\u00e9cnico de Ecopholia, la realizaci\u00f3n de este encuentro representa un motivo de orgullo para los tabasque\u00f1os y confirma la importancia de la entidad dentro de la industria petrolera.<\/p>\n\n\n\n<figure class=\"wp-block-image size-large\"><img loading=\"lazy\" decoding=\"async\" width=\"1024\" height=\"576\" src=\"https:\/\/reporterosdelsur.org\/diario\/wp-content\/uploads\/2026\/09\/Sos-4-1-1024x576.jpeg\" alt=\"\" class=\"wp-image-59026\" srcset=\"https:\/\/reporterosdelsur.org\/diario\/wp-content\/uploads\/2026\/09\/Sos-4-1-1024x576.jpeg 1024w, https:\/\/reporterosdelsur.org\/diario\/wp-content\/uploads\/2026\/09\/Sos-4-1-300x169.jpeg 300w, https:\/\/reporterosdelsur.org\/diario\/wp-content\/uploads\/2026\/09\/Sos-4-1-768x432.jpeg 768w, https:\/\/reporterosdelsur.org\/diario\/wp-content\/uploads\/2026\/09\/Sos-4-1-1536x864.jpeg 1536w, https:\/\/reporterosdelsur.org\/diario\/wp-content\/uploads\/2026\/09\/Sos-4-1-465x262.jpeg 465w, https:\/\/reporterosdelsur.org\/diario\/wp-content\/uploads\/2026\/09\/Sos-4-1-695x391.jpeg 695w, https:\/\/reporterosdelsur.org\/diario\/wp-content\/uploads\/2026\/09\/Sos-4-1.jpeg 1600w\" sizes=\"auto, (max-width: 1024px) 100vw, 1024px\" \/><\/figure>\n\n\n\n<p class=\"wp-block-paragraph\">\u201cDefinitivamente, Tabasco es un foro petrolero a nivel internacional y es un orgullo para todos los tabasque\u00f1os \u2014y mexicanos\u2014 que este tipo de convenciones internacionales se lleve a cabo de manera local\u201d, expres\u00f3 durante su participaci\u00f3n en los stands de la exposici\u00f3n.<\/p>\n\n\n\n<p class=\"wp-block-paragraph\">Acompa\u00f1ado por Mar\u00eda del Pilar Pe\u00f1a Ram\u00f3n, directora de Ecopholia, empresa dedicada a brindar servicios de seguridad industrial y protecci\u00f3n ambiental, Mart\u00ednez Leyva destac\u00f3 la importancia de generar espacios donde converjan las empresas y las autoridades.<\/p>\n\n\n\n<figure class=\"wp-block-image size-large\"><img loading=\"lazy\" decoding=\"async\" width=\"1024\" height=\"682\" src=\"https:\/\/reporterosdelsur.org\/diario\/wp-content\/uploads\/2026\/09\/Sos-3-1-1024x682.jpeg\" alt=\"\" class=\"wp-image-59027\" srcset=\"https:\/\/reporterosdelsur.org\/diario\/wp-content\/uploads\/2026\/09\/Sos-3-1-1024x682.jpeg 1024w, https:\/\/reporterosdelsur.org\/diario\/wp-content\/uploads\/2026\/09\/Sos-3-1-300x200.jpeg 300w, https:\/\/reporterosdelsur.org\/diario\/wp-content\/uploads\/2026\/09\/Sos-3-1-768x512.jpeg 768w, https:\/\/reporterosdelsur.org\/diario\/wp-content\/uploads\/2026\/09\/Sos-3-1-1200x800.jpeg 1200w, https:\/\/reporterosdelsur.org\/diario\/wp-content\/uploads\/2026\/09\/Sos-3-1-465x310.jpeg 465w, https:\/\/reporterosdelsur.org\/diario\/wp-content\/uploads\/2026\/09\/Sos-3-1-695x463.jpeg 695w, https:\/\/reporterosdelsur.org\/diario\/wp-content\/uploads\/2026\/09\/Sos-3-1.jpeg 1280w\" sizes=\"auto, (max-width: 1024px) 100vw, 1024px\" \/><\/figure>\n\n\n\n<p class=\"wp-block-paragraph\">\u201cEstamos muy contentos de participar en este evento, esto va a unir m\u00e1s al sector tanto a las empresas como el gobierno, lo cual habla muy bien del Gobernador\u201d, se\u00f1al\u00f3.<\/p>\n\n\n\n<h3 class=\"wp-block-heading\">Reconocen a estudiantes destacados<\/h3>\n\n\n\n<p class=\"wp-block-paragraph\">Durante la ceremonia inaugural, el gobernador Javier May Rodr\u00edguez declar\u00f3 formalmente inaugurada la convenci\u00f3n ante un Centro de Convenciones con una amplia asistencia.<\/p>\n\n\n\n<p class=\"wp-block-paragraph\">Previo al inicio de los trabajos, el mandatario entreg\u00f3 reconocimientos a los estudiantes Ren\u00e9 Ricuarte Ram\u00edrez Pancardo, del Instituto Tecnol\u00f3gico de Villahermosa, y Kareli Rub\u00ed Silv\u00e1n Feria, del Instituto Tecnol\u00f3gico Superior de Macuspana, por sus resultados sobresalientes en un curso promovido por la SEMADES.<\/p>\n\n\n\n<figure class=\"wp-block-image size-large\"><img loading=\"lazy\" decoding=\"async\" width=\"1024\" height=\"576\" src=\"https:\/\/reporterosdelsur.org\/diario\/wp-content\/uploads\/2026\/09\/Sos-2-1-1024x576.jpeg\" alt=\"\" class=\"wp-image-59028\" srcset=\"https:\/\/reporterosdelsur.org\/diario\/wp-content\/uploads\/2026\/09\/Sos-2-1-1024x576.jpeg 1024w, https:\/\/reporterosdelsur.org\/diario\/wp-content\/uploads\/2026\/09\/Sos-2-1-300x169.jpeg 300w, https:\/\/reporterosdelsur.org\/diario\/wp-content\/uploads\/2026\/09\/Sos-2-1-768x432.jpeg 768w, https:\/\/reporterosdelsur.org\/diario\/wp-content\/uploads\/2026\/09\/Sos-2-1-1536x864.jpeg 1536w, https:\/\/reporterosdelsur.org\/diario\/wp-content\/uploads\/2026\/09\/Sos-2-1-465x262.jpeg 465w, https:\/\/reporterosdelsur.org\/diario\/wp-content\/uploads\/2026\/09\/Sos-2-1-695x391.jpeg 695w, https:\/\/reporterosdelsur.org\/diario\/wp-content\/uploads\/2026\/09\/Sos-2-1.jpeg 1600w\" sizes=\"auto, (max-width: 1024px) 100vw, 1024px\" \/><\/figure>\n\n\n\n<p class=\"wp-block-paragraph\">Con diploma en mano, la estudiante Kareli Rub\u00ed Silv\u00e1n Feria recorri\u00f3 posteriormente los diferentes stands instalados en el recinto, donde tuvo la oportunidad de conocer de cerca a representantes de importantes compa\u00f1\u00edas de la industria energ\u00e9tica.<\/p>\n\n\n\n<p class=\"wp-block-paragraph\">\u201cEs una oportunidad genial, grand\u00edsima, ya que te abre las puertas de la industria petrolera. Much\u00edsimas gracias por tomarnos en cuenta\u201d, manifest\u00f3 la joven.<\/p>\n\n\n\n<h3 class=\"wp-block-heading\">Empresas destacan oportunidad para mostrar su trabajo<\/h3>\n\n\n\n<p class=\"wp-block-paragraph\">En el pabell\u00f3n de San Petrol, compa\u00f1\u00eda especializada en la medici\u00f3n de hidrocarburos, Iv\u00e1n Sol\u00eds explic\u00f3 a un grupo de j\u00f3venes la importancia de la participaci\u00f3n empresarial en este tipo de encuentros.<\/p>\n\n\n\n<p class=\"wp-block-paragraph\">Se\u00f1al\u00f3 que la convenci\u00f3n permite a las compa\u00f1\u00edas mostrar de manera directa los procesos bajo los cuales desarrollan sus actividades y contribuir a generar una visi\u00f3n m\u00e1s objetiva sobre la industria.<\/p>\n\n\n\n<p class=\"wp-block-paragraph\">\u201cNos sentimos orgullosos de participar y darnos a conocer. Como hay tantas noticias amarillistas nos parece favorable que el gobierno d\u00e9 a conocer que las empresas trabajamos de manera estable, regulada y bajo ciertas normativas. Y esto contribuye a tener un enfoque m\u00e1s objetivo\u201d, afirm\u00f3.<\/p>\n\n\n\n<figure class=\"wp-block-image size-large\"><img loading=\"lazy\" decoding=\"async\" width=\"1024\" height=\"682\" src=\"https:\/\/reporterosdelsur.org\/diario\/wp-content\/uploads\/2026\/09\/Sos-1-1-1024x682.jpeg\" alt=\"\" class=\"wp-image-59029\" srcset=\"https:\/\/reporterosdelsur.org\/diario\/wp-content\/uploads\/2026\/09\/Sos-1-1-1024x682.jpeg 1024w, https:\/\/reporterosdelsur.org\/diario\/wp-content\/uploads\/2026\/09\/Sos-1-1-300x200.jpeg 300w, https:\/\/reporterosdelsur.org\/diario\/wp-content\/uploads\/2026\/09\/Sos-1-1-768x512.jpeg 768w, https:\/\/reporterosdelsur.org\/diario\/wp-content\/uploads\/2026\/09\/Sos-1-1-1200x800.jpeg 1200w, https:\/\/reporterosdelsur.org\/diario\/wp-content\/uploads\/2026\/09\/Sos-1-1-465x310.jpeg 465w, https:\/\/reporterosdelsur.org\/diario\/wp-content\/uploads\/2026\/09\/Sos-1-1-695x463.jpeg 695w, https:\/\/reporterosdelsur.org\/diario\/wp-content\/uploads\/2026\/09\/Sos-1-1.jpeg 1280w\" sizes=\"auto, (max-width: 1024px) 100vw, 1024px\" \/><\/figure>\n\n\n\n<p class=\"wp-block-paragraph\">Tambi\u00e9n tuvo presencia <strong>Silca Oil and Gas<\/strong>, empresa de origen tabasque\u00f1o, cuyo representante, Salom\u00f3n Peralta Castro, resalt\u00f3 la importancia de aprovechar el encuentro para promover los servicios de las compa\u00f1\u00edas locales ante firmas de otras regiones.<\/p>\n\n\n\n<p class=\"wp-block-paragraph\">Adem\u00e1s, consider\u00f3 positivo que el evento incluya entre sus objetivos el impulso de pr\u00e1cticas orientadas a una mayor protecci\u00f3n del medio ambiente dentro del sector energ\u00e9tico.<\/p>\n\n\n\n<h3 class=\"wp-block-heading\">Tecnolog\u00eda y transici\u00f3n energ\u00e9tica<\/h3>\n\n\n\n<p class=\"wp-block-paragraph\">Durante su recorrido por la exposici\u00f3n, el gobernador Javier May Rodr\u00edguez tambi\u00e9n conoci\u00f3 algunas de las alternativas tecnol\u00f3gicas que forman parte del encuentro.<\/p>\n\n\n\n<p class=\"wp-block-paragraph\">Entre ellas destac\u00f3 un autom\u00f3vil el\u00e9ctrico exhibido por la agencia Futura. Adriana Bautista, representante de la empresa, explic\u00f3 al mandatario algunas de las caracter\u00edsticas de la unidad, entre ellas que el veh\u00edculo no puede ponerse en marcha hasta que sus puertas se encuentran completamente cerradas.<\/p>\n\n\n\n<p class=\"wp-block-paragraph\">El autom\u00f3vil cuenta con una autonom\u00eda aproximada de <strong>205 kil\u00f3metros<\/strong> y llam\u00f3 la atenci\u00f3n del gobernador, quien, de acuerdo con la representante de la agencia, calific\u00f3 al veh\u00edculo como \u201chermoso\u201d.<\/p>\n\n\n\n<p class=\"wp-block-paragraph\">La presencia de este tipo de tecnolog\u00eda forma parte de la tem\u00e1tica central de SOS26, donde durante dos d\u00edas se abordar\u00e1n los retos relacionados con la innovaci\u00f3n tecnol\u00f3gica, la sostenibilidad y la transici\u00f3n energ\u00e9tica.<\/p>\n\n\n\n<p class=\"wp-block-paragraph\">A trav\u00e9s de conferencias, paneles y talleres, especialistas, empresarios, estudiantes y representantes gubernamentales analizar\u00e1n alternativas para enfrentar los desaf\u00edos ambientales y energ\u00e9ticos de los pr\u00f3ximos a\u00f1os.<\/p>\n\n\n\n<p class=\"wp-block-paragraph\">Sheila Cadena Nieto, titular de la SEMADES, resumi\u00f3 el esp\u00edritu del encuentro como una invitaci\u00f3n a <strong>\u201cpensar desde hoy el mundo en que queremos vivir\u201d<\/strong>, en lo que representa uno de los primeros grandes encuentros internacionales dedicados a estos temas en Tabasco, entidad considerada uno de los principales referentes energ\u00e9ticos de M\u00e9xico.<\/p>\n","protected":false},"excerpt":{"rendered":"<p>Empresas nacionales e internacionales de la industria energ\u00e9tica participan en la primera Convenci\u00f3n Internacional de Sostenibilidad, Energ\u00eda y Medio Ambiente, que re\u00fane en Villahermosa a especialistas, empresarios, estudiantes y autoridades. VILLAHERMOSA, TAB.\u2014 Con la participaci\u00f3n de importantes empresas de la industria energ\u00e9tica nacional e internacional, este viernes fue inaugurada la<span class=\"more-link theme-more-link\"><a href=\"https:\/\/reporterosdelsur.org\/diario\/2026\/09\/tabasco-se-consolida-como-foro-petrolero-internacional-con-la-convencion-sos26\/\">Leer Nota Complete<\/a><\/span><\/p>\n","protected":false},"author":1,"featured_media":59025,"comment_status":"open","ping_status":"open","sticky":false,"template":"","format":"standard","meta":{"footnotes":"","jetpack_publicize_message":"","jetpack_publicize_feature_enabled":true,"jetpack_social_post_already_shared":true,"jetpack_social_options":{"image_generator_settings":{"template":"highway","default_image_id":0,"font":"","enabled":false},"version":2}},"categories":[2],"tags":[736,418,177,38,640,333],"class_list":["entry","author-admin","post-59024","post","type-post","status-publish","format-standard","has-post-thumbnail","category-tabasco","tag-audiencia-publica","tag-gobierno-de-tabasco","tag-javier-may-rodriguez","tag-noticias","tag-obras-sociales","tag-seguridad"],"jetpack_publicize_connections":[],"featured_image_urls":{"full":["https:\/\/reporterosdelsur.org\/diario\/wp-content\/uploads\/2026\/09\/Sos-5.jpeg",1280,853,false],"thumbnail":["https:\/\/reporterosdelsur.org\/diario\/wp-content\/uploads\/2026\/09\/Sos-5-150x150.jpeg",150,150,true],"medium":["https:\/\/reporterosdelsur.org\/diario\/wp-content\/uploads\/2026\/09\/Sos-5-300x200.jpeg",300,200,true],"medium_large":["https:\/\/reporterosdelsur.org\/diario\/wp-content\/uploads\/2026\/09\/Sos-5-768x512.jpeg",768,512,true],"large":["https:\/\/reporterosdelsur.org\/diario\/wp-content\/uploads\/2026\/09\/Sos-5-1024x682.jpeg",1024,682,true],"1536x1536":["https:\/\/reporterosdelsur.org\/diario\/wp-content\/uploads\/2026\/09\/Sos-5.jpeg",1280,853,false],"2048x2048":["https:\/\/reporterosdelsur.org\/diario\/wp-content\/uploads\/2026\/09\/Sos-5.jpeg",1280,853,false],"ultp_layout_landscape_large":["https:\/\/reporterosdelsur.org\/diario\/wp-content\/uploads\/2026\/09\/Sos-5-1200x800.jpeg",1200,800,true],"ultp_layout_landscape":["https:\/\/reporterosdelsur.org\/diario\/wp-content\/uploads\/2026\/09\/Sos-5-870x570.jpeg",870,570,true],"ultp_layout_portrait":["https:\/\/reporterosdelsur.org\/diario\/wp-content\/uploads\/2026\/09\/Sos-5-600x853.jpeg",600,853,true],"ultp_layout_square":["https:\/\/reporterosdelsur.org\/diario\/wp-content\/uploads\/2026\/09\/Sos-5-600x600.jpeg",600,600,true],"hoot-medium-thumb":["https:\/\/reporterosdelsur.org\/diario\/wp-content\/uploads\/2026\/09\/Sos-5-460x400.jpeg",460,400,true],"hoot-preview":["https:\/\/reporterosdelsur.org\/diario\/wp-content\/uploads\/2026\/09\/Sos-5-465x310.jpeg",465,310,true],"hoot-preview-thumb":["https:\/\/reporterosdelsur.org\/diario\/wp-content\/uploads\/2026\/09\/Sos-5-465x550.jpeg",465,550,true],"hoot-large-thumb":["https:\/\/reporterosdelsur.org\/diario\/wp-content\/uploads\/2026\/09\/Sos-5-690x550.jpeg",690,550,true],"hoot-preview-large":["https:\/\/reporterosdelsur.org\/diario\/wp-content\/uploads\/2026\/09\/Sos-5-695x463.jpeg",695,463,true],"hoot-wide-thumb":["https:\/\/reporterosdelsur.org\/diario\/wp-content\/uploads\/2026\/09\/Sos-5-920x425.jpeg",920,425,true],"hoot-extra-wide-thumb":["https:\/\/reporterosdelsur.org\/diario\/wp-content\/uploads\/2026\/09\/Sos-5-1035x425.jpeg",1035,425,true]},"author_info":{"display_name":"Reporteros del Sur","author_link":"https:\/\/reporterosdelsur.org\/diario\/author\/admin\/"},"category_info":"<a href=\"https:\/\/reporterosdelsur.org\/diario\/category\/tabasco\/\" rel=\"category tag\">Tabasco<\/a>","tag_info":"Tabasco","comment_count":"0","_links":{"self":[{"href":"https:\/\/reporterosdelsur.org\/diario\/wp-json\/wp\/v2\/posts\/59024","targetHints":{"allow":["GET"]}}],"collection":[{"href":"https:\/\/reporterosdelsur.org\/diario\/wp-json\/wp\/v2\/posts"}],"about":[{"href":"https:\/\/reporterosdelsur.org\/diario\/wp-json\/wp\/v2\/types\/post"}],"author":[{"embeddable":true,"href":"https:\/\/reporterosdelsur.org\/diario\/wp-json\/wp\/v2\/users\/1"}],"replies":[{"embeddable":true,"href":"https:\/\/reporterosdelsur.org\/diario\/wp-json\/wp\/v2\/comments?post=59024"}],"version-history":[{"count":1,"href":"https:\/\/reporterosdelsur.org\/diario\/wp-json\/wp\/v2\/posts\/59024\/revisions"}],"predecessor-version":[{"id":59030,"href":"https:\/\/reporterosdelsur.org\/diario\/wp-json\/wp\/v2\/posts\/59024\/revisions\/59030"}],"wp:featuredmedia":[{"embeddable":true,"href":"https:\/\/reporterosdelsur.org\/diario\/wp-json\/wp\/v2\/media\/59025"}],"wp:attachment":[{"href":"https:\/\/reporterosdelsur.org\/diario\/wp-json\/wp\/v2\/media?parent=59024"}],"wp:term":[{"taxonomy":"category","embeddable":true,"href":"https:\/\/reporterosdelsur.org\/diario\/wp-json\/wp\/v2\/categories?post=59024"},{"taxonomy":"post_tag","embeddable":true,"href":"https:\/\/reporterosdelsur.org\/diario\/wp-json\/wp\/v2\/tags?post=59024"}],"curies":[{"name":"wp","href":"https:\/\/api.w.org\/{rel}","templated":true}]}}