{"id":59008,"date":"2026-09-04T19:56:01","date_gmt":"2026-09-05T01:56:01","guid":{"rendered":"https:\/\/reporterosdelsur.org\/diario\/?p=59008"},"modified":"2026-09-04T19:56:04","modified_gmt":"2026-09-05T01:56:04","slug":"bloquean-carretera-villahermosa-frontera-por-falta-de-agua-en-la-zona-yokotan","status":"publish","type":"post","link":"https:\/\/reporterosdelsur.org\/diario\/2026\/09\/bloquean-carretera-villahermosa-frontera-por-falta-de-agua-en-la-zona-yokotan\/","title":{"rendered":"Bloquean carretera Villahermosa-Frontera por falta de agua en la zona Yokot\u2019an"},"content":{"rendered":"\n<p class=\"wp-block-paragraph\"><strong>Habitantes de la Villa Tamult\u00e9 de las Sabanas y comunidades de la zona Yokot\u2019an bloquearon la carretera federal Villahermosa-Frontera para exigir una soluci\u00f3n definitiva al desabasto de agua potable y a las fallas en el suministro el\u00e9ctrico.<\/strong><\/p>\n\n\n\n<p class=\"wp-block-paragraph\"><strong>CENTRO, TAB.\u2014<\/strong> La tarde de este mi\u00e9rcoles, habitantes de la Villa Tamult\u00e9 de las Sabanas y de diversas comunidades de la zona Yokot\u2019an bloquearon de manera indefinida la carretera federal Villahermosa-Frontera, a la altura del entronque de esta regi\u00f3n, como medida de presi\u00f3n ante la falta de agua potable que afecta a la poblaci\u00f3n desde hace aproximadamente dos meses.<\/p>\n\n\n\n<p class=\"wp-block-paragraph\">Los habitantes tambi\u00e9n denunciaron problemas de bajas tensiones en las l\u00edneas el\u00e9ctricas, principalmente durante las noches, situaci\u00f3n que, aseguran, afecta el funcionamiento de los equipos utilizados para el suministro de agua. Ademas afectando a los electrodom\u00e9sticos. <\/p>\n\n\n\n<figure class=\"wp-block-image size-large\"><img loading=\"lazy\" decoding=\"async\" width=\"1024\" height=\"461\" src=\"https:\/\/reporterosdelsur.org\/diario\/wp-content\/uploads\/2026\/09\/Bloqueo-4-1-1024x461.jpg\" alt=\"\" class=\"wp-image-59010\" srcset=\"https:\/\/reporterosdelsur.org\/diario\/wp-content\/uploads\/2026\/09\/Bloqueo-4-1-1024x461.jpg 1024w, https:\/\/reporterosdelsur.org\/diario\/wp-content\/uploads\/2026\/09\/Bloqueo-4-1-300x135.jpg 300w, https:\/\/reporterosdelsur.org\/diario\/wp-content\/uploads\/2026\/09\/Bloqueo-4-1-768x346.jpg 768w, https:\/\/reporterosdelsur.org\/diario\/wp-content\/uploads\/2026\/09\/Bloqueo-4-1-1536x692.jpg 1536w, https:\/\/reporterosdelsur.org\/diario\/wp-content\/uploads\/2026\/09\/Bloqueo-4-1-2048x922.jpg 2048w, https:\/\/reporterosdelsur.org\/diario\/wp-content\/uploads\/2026\/09\/Bloqueo-4-1-465x209.jpg 465w, https:\/\/reporterosdelsur.org\/diario\/wp-content\/uploads\/2026\/09\/Bloqueo-4-1-695x313.jpg 695w\" sizes=\"auto, (max-width: 1024px) 100vw, 1024px\" \/><figcaption class=\"wp-element-caption\">oplus_0<\/figcaption><\/figure>\n\n\n\n<p class=\"wp-block-paragraph\">Previo al bloqueo, alrededor de las 14:00 horas se llev\u00f3 a cabo una reuni\u00f3n en la biblioteca p\u00fablica \u201cJos\u00e9 G. Asmitia\u201d, donde funcionarios de la Secretar\u00eda de Gobierno, representantes de la Comisi\u00f3n Estatal de Agua y Saneamiento (CEAS), del Sistema de Agua y Saneamiento (SAS) y del Ayuntamiento de Centro sostuvieron un encuentro con delegados municipales de comunidades como Miramar, La Ceiba, La Loma, Tocoal, Aniceto y Jolochero, entre otras.<\/p>\n\n\n\n<p class=\"wp-block-paragraph\">Durante la reuni\u00f3n se present\u00f3 una minuta de acuerdos en la que se inform\u00f3 que, para garantizar la continuidad del servicio de agua potable en la zona Yokot\u2019an, la Comisi\u00f3n Federal de Electricidad (CFE) fortalecer\u00e1 la infraestructura el\u00e9ctrica del sector.<\/p>\n\n\n\n<figure class=\"wp-block-image size-large\"><img loading=\"lazy\" decoding=\"async\" width=\"807\" height=\"1024\" src=\"https:\/\/reporterosdelsur.org\/diario\/wp-content\/uploads\/2026\/09\/Acuerdo-807x1024.jpg\" alt=\"\" class=\"wp-image-59011\" srcset=\"https:\/\/reporterosdelsur.org\/diario\/wp-content\/uploads\/2026\/09\/Acuerdo-807x1024.jpg 807w, https:\/\/reporterosdelsur.org\/diario\/wp-content\/uploads\/2026\/09\/Acuerdo-236x300.jpg 236w, https:\/\/reporterosdelsur.org\/diario\/wp-content\/uploads\/2026\/09\/Acuerdo-768x975.jpg 768w, https:\/\/reporterosdelsur.org\/diario\/wp-content\/uploads\/2026\/09\/Acuerdo-1210x1536.jpg 1210w, https:\/\/reporterosdelsur.org\/diario\/wp-content\/uploads\/2026\/09\/Acuerdo-1613x2048.jpg 1613w, https:\/\/reporterosdelsur.org\/diario\/wp-content\/uploads\/2026\/09\/Acuerdo-433x550.jpg 433w, https:\/\/reporterosdelsur.org\/diario\/wp-content\/uploads\/2026\/09\/Acuerdo-394x500.jpg 394w, https:\/\/reporterosdelsur.org\/diario\/wp-content\/uploads\/2026\/09\/Acuerdo.jpg 1844w\" sizes=\"auto, (max-width: 807px) 100vw, 807px\" \/><figcaption class=\"wp-element-caption\">oplus_32<\/figcaption><\/figure>\n\n\n\n<p class=\"wp-block-paragraph\">De acuerdo con lo informado por las autoridades, estas acciones permitir\u00edan no solamente mejorar el suministro el\u00e9ctrico en los hogares, sino tambi\u00e9n garantizar la operaci\u00f3n continua de la Planta Potabilizadora Chilapa, administrada por la CEAS.<\/p>\n\n\n\n<p class=\"wp-block-paragraph\">Entre las acciones inmediatas anunciadas por la CFE se encuentra la instalaci\u00f3n de un generador de energ\u00eda el\u00e9ctrica para este 4 de septiembre, con el objetivo de estabilizar el suministro, as\u00ed como la colocaci\u00f3n de bancos de regulaci\u00f3n para mantener de manera permanente el voltaje requerido por la planta potabilizadora.<\/p>\n\n\n\n<figure class=\"wp-block-image size-large\"><img loading=\"lazy\" decoding=\"async\" width=\"1024\" height=\"461\" src=\"https:\/\/reporterosdelsur.org\/diario\/wp-content\/uploads\/2026\/09\/Bloqueo-2-1-1024x461.jpg\" alt=\"\" class=\"wp-image-59012\" srcset=\"https:\/\/reporterosdelsur.org\/diario\/wp-content\/uploads\/2026\/09\/Bloqueo-2-1-1024x461.jpg 1024w, https:\/\/reporterosdelsur.org\/diario\/wp-content\/uploads\/2026\/09\/Bloqueo-2-1-300x135.jpg 300w, https:\/\/reporterosdelsur.org\/diario\/wp-content\/uploads\/2026\/09\/Bloqueo-2-1-768x346.jpg 768w, https:\/\/reporterosdelsur.org\/diario\/wp-content\/uploads\/2026\/09\/Bloqueo-2-1-1536x692.jpg 1536w, https:\/\/reporterosdelsur.org\/diario\/wp-content\/uploads\/2026\/09\/Bloqueo-2-1-2048x922.jpg 2048w, https:\/\/reporterosdelsur.org\/diario\/wp-content\/uploads\/2026\/09\/Bloqueo-2-1-465x209.jpg 465w, https:\/\/reporterosdelsur.org\/diario\/wp-content\/uploads\/2026\/09\/Bloqueo-2-1-695x313.jpg 695w\" sizes=\"auto, (max-width: 1024px) 100vw, 1024px\" \/><figcaption class=\"wp-element-caption\">oplus_0<\/figcaption><\/figure>\n\n\n\n<p class=\"wp-block-paragraph\">Asimismo, se inform\u00f3 que personal del SAS ingres\u00f3 los d\u00edas 31 de agosto y 1 de septiembre a la Planta Chilapa para realizar mediciones del caudal que se entrega a la red municipal. Seg\u00fan las autoridades, los resultados confirmaron que la capacidad de suministro de la planta es suficiente para prestar el servicio.<\/p>\n\n\n\n<p class=\"wp-block-paragraph\">Mientras concluyen los trabajos de infraestructura el\u00e9ctrica, el Gobierno del Estado y el Ayuntamiento de Centro se\u00f1alaron que mantendr\u00e1n coordinaci\u00f3n con las autoridades delegacionales para proporcionar agua mediante pipas a las comunidades afectadas.<\/p>\n\n\n\n<figure class=\"wp-block-image size-large\"><img loading=\"lazy\" decoding=\"async\" width=\"1024\" height=\"461\" src=\"https:\/\/reporterosdelsur.org\/diario\/wp-content\/uploads\/2026\/09\/Fun-2-1024x461.jpg\" alt=\"\" class=\"wp-image-59016\" srcset=\"https:\/\/reporterosdelsur.org\/diario\/wp-content\/uploads\/2026\/09\/Fun-2-1024x461.jpg 1024w, https:\/\/reporterosdelsur.org\/diario\/wp-content\/uploads\/2026\/09\/Fun-2-300x135.jpg 300w, https:\/\/reporterosdelsur.org\/diario\/wp-content\/uploads\/2026\/09\/Fun-2-768x346.jpg 768w, https:\/\/reporterosdelsur.org\/diario\/wp-content\/uploads\/2026\/09\/Fun-2-1536x692.jpg 1536w, https:\/\/reporterosdelsur.org\/diario\/wp-content\/uploads\/2026\/09\/Fun-2-2048x922.jpg 2048w, https:\/\/reporterosdelsur.org\/diario\/wp-content\/uploads\/2026\/09\/Fun-2-465x209.jpg 465w, https:\/\/reporterosdelsur.org\/diario\/wp-content\/uploads\/2026\/09\/Fun-2-695x313.jpg 695w\" sizes=\"auto, (max-width: 1024px) 100vw, 1024px\" \/><figcaption class=\"wp-element-caption\">oplus_0<\/figcaption><\/figure>\n\n\n\n<h3 class=\"wp-block-heading\">Rechazan pobladores los acuerdos<\/h3>\n\n\n\n<p class=\"wp-block-paragraph\">Sin embargo, los habitantes rechazaron la minuta presentada por las autoridades, al argumentar que en ocasiones anteriores se han firmado acuerdos similares que, seg\u00fan denunciaron, finalmente no se cumplen.<\/p>\n\n\n\n<p class=\"wp-block-paragraph\">Ante la inconformidad, los pobladores tomaron medidas de presi\u00f3n y mantuvieron retenidos durante varias horas a los funcionarios que se encontraban en la biblioteca. Para ello, colocaron cadenas en el port\u00f3n de acceso al inmueble.<\/p>\n\n\n\n<figure class=\"wp-block-image size-large\"><img loading=\"lazy\" decoding=\"async\" width=\"1024\" height=\"461\" src=\"https:\/\/reporterosdelsur.org\/diario\/wp-content\/uploads\/2026\/09\/Bloqueo-2-2-1024x461.jpg\" alt=\"\" class=\"wp-image-59013\" srcset=\"https:\/\/reporterosdelsur.org\/diario\/wp-content\/uploads\/2026\/09\/Bloqueo-2-2-1024x461.jpg 1024w, https:\/\/reporterosdelsur.org\/diario\/wp-content\/uploads\/2026\/09\/Bloqueo-2-2-300x135.jpg 300w, https:\/\/reporterosdelsur.org\/diario\/wp-content\/uploads\/2026\/09\/Bloqueo-2-2-768x346.jpg 768w, https:\/\/reporterosdelsur.org\/diario\/wp-content\/uploads\/2026\/09\/Bloqueo-2-2-1536x692.jpg 1536w, https:\/\/reporterosdelsur.org\/diario\/wp-content\/uploads\/2026\/09\/Bloqueo-2-2-2048x922.jpg 2048w, https:\/\/reporterosdelsur.org\/diario\/wp-content\/uploads\/2026\/09\/Bloqueo-2-2-465x209.jpg 465w, https:\/\/reporterosdelsur.org\/diario\/wp-content\/uploads\/2026\/09\/Bloqueo-2-2-695x313.jpg 695w\" sizes=\"auto, (max-width: 1024px) 100vw, 1024px\" \/><figcaption class=\"wp-element-caption\">oplus_0<\/figcaption><\/figure>\n\n\n\n<p class=\"wp-block-paragraph\">Los funcionarios permanecieron en el lugar hasta aproximadamente las 16:00 horas, cuando finalmente fueron liberados.<\/p>\n\n\n\n<p class=\"wp-block-paragraph\">Media hora despu\u00e9s, cerca de las 16:30 horas, los habitantes trasladaron su protesta a la carretera federal Villahermosa-Frontera, donde colocaron ramas de \u00e1rboles, piedras y otros objetos para impedir el paso de veh\u00edculos.<\/p>\n\n\n\n<p class=\"wp-block-paragraph\">La protesta provoc\u00f3 que numerosos automovilistas quedaran varados en ambos sentidos de la v\u00eda. Algunos conductores intentaron avanzar pese al bloqueo, pero los manifestantes reforzaron las barricadas con llantas, algunas de las cuales posteriormente fueron incendiadas.<\/p>\n\n\n\n<figure class=\"wp-block-image size-large\"><img loading=\"lazy\" decoding=\"async\" width=\"1024\" height=\"461\" src=\"https:\/\/reporterosdelsur.org\/diario\/wp-content\/uploads\/2026\/09\/Bloqueo-1024x461.jpg\" alt=\"\" class=\"wp-image-59014\" srcset=\"https:\/\/reporterosdelsur.org\/diario\/wp-content\/uploads\/2026\/09\/Bloqueo-1024x461.jpg 1024w, https:\/\/reporterosdelsur.org\/diario\/wp-content\/uploads\/2026\/09\/Bloqueo-300x135.jpg 300w, https:\/\/reporterosdelsur.org\/diario\/wp-content\/uploads\/2026\/09\/Bloqueo-768x346.jpg 768w, https:\/\/reporterosdelsur.org\/diario\/wp-content\/uploads\/2026\/09\/Bloqueo-1536x692.jpg 1536w, https:\/\/reporterosdelsur.org\/diario\/wp-content\/uploads\/2026\/09\/Bloqueo-2048x922.jpg 2048w, https:\/\/reporterosdelsur.org\/diario\/wp-content\/uploads\/2026\/09\/Bloqueo-465x209.jpg 465w, https:\/\/reporterosdelsur.org\/diario\/wp-content\/uploads\/2026\/09\/Bloqueo-695x313.jpg 695w\" sizes=\"auto, (max-width: 1024px) 100vw, 1024px\" \/><figcaption class=\"wp-element-caption\">oplus_0<\/figcaption><\/figure>\n\n\n\n<p class=\"wp-block-paragraph\">Con estas acciones, los pobladores buscan presionar a las autoridades estatales y municipales para que atiendan de manera definitiva sus demandas y garanticen el suministro de agua potable en las comunidades de la zona Yokot\u2019an.<\/p>\n\n\n\n<p class=\"wp-block-paragraph\">Hasta el cierre de esta edici\u00f3n, no se hab\u00eda presentado en el punto del bloqueo ning\u00fan funcionario del Gobierno del Estado para establecer un nuevo di\u00e1logo con los manifestantes y buscar una soluci\u00f3n al conflicto.<\/p>\n\n\n\n<figure class=\"wp-block-image size-large\"><img loading=\"lazy\" decoding=\"async\" width=\"1024\" height=\"461\" src=\"https:\/\/reporterosdelsur.org\/diario\/wp-content\/uploads\/2026\/09\/Fun-1-1024x461.jpg\" alt=\"\" class=\"wp-image-59015\" srcset=\"https:\/\/reporterosdelsur.org\/diario\/wp-content\/uploads\/2026\/09\/Fun-1-1024x461.jpg 1024w, https:\/\/reporterosdelsur.org\/diario\/wp-content\/uploads\/2026\/09\/Fun-1-300x135.jpg 300w, https:\/\/reporterosdelsur.org\/diario\/wp-content\/uploads\/2026\/09\/Fun-1-768x346.jpg 768w, https:\/\/reporterosdelsur.org\/diario\/wp-content\/uploads\/2026\/09\/Fun-1-1536x692.jpg 1536w, https:\/\/reporterosdelsur.org\/diario\/wp-content\/uploads\/2026\/09\/Fun-1-2048x922.jpg 2048w, https:\/\/reporterosdelsur.org\/diario\/wp-content\/uploads\/2026\/09\/Fun-1-465x209.jpg 465w, https:\/\/reporterosdelsur.org\/diario\/wp-content\/uploads\/2026\/09\/Fun-1-695x313.jpg 695w\" sizes=\"auto, (max-width: 1024px) 100vw, 1024px\" \/><figcaption class=\"wp-element-caption\">oplus_0<\/figcaption><\/figure>\n\n\n\n<p class=\"wp-block-paragraph\">Los habitantes permanec\u00edan en el lugar y advirtieron que mantendr\u00edan la protesta hasta obtener una respuesta que consideren satisfactoria. Incluso, trascendi\u00f3 que los manifestantes ten\u00edan previsto permanecer durante la noche en el sitio, donde organizar\u00edan alimentos para quienes participan en el bloqueo.<\/p>\n","protected":false},"excerpt":{"rendered":"<p>Habitantes de la Villa Tamult\u00e9 de las Sabanas y comunidades de la zona Yokot\u2019an bloquearon la carretera federal Villahermosa-Frontera para exigir una soluci\u00f3n definitiva al desabasto de agua potable y a las fallas en el suministro el\u00e9ctrico. CENTRO, TAB.\u2014 La tarde de este mi\u00e9rcoles, habitantes de la Villa Tamult\u00e9 de<span class=\"more-link theme-more-link\"><a href=\"https:\/\/reporterosdelsur.org\/diario\/2026\/09\/bloquean-carretera-villahermosa-frontera-por-falta-de-agua-en-la-zona-yokotan\/\">Leer Nota Complete<\/a><\/span><\/p>\n","protected":false},"author":2,"featured_media":59009,"comment_status":"open","ping_status":"open","sticky":false,"template":"","format":"standard","meta":{"footnotes":"","jetpack_publicize_message":"","jetpack_publicize_feature_enabled":true,"jetpack_social_post_already_shared":true,"jetpack_social_options":{"image_generator_settings":{"template":"highway","default_image_id":0,"font":"","enabled":false},"version":2}},"categories":[2],"tags":[1596,523,1088,509,202,1594,1387,1607,38,1608,2398,333,35],"class_list":["entry","author-guza0892gmail-com","post-59008","post","type-post","status-publish","format-standard","has-post-thumbnail","category-tabasco","tag-baja-tension","tag-bloqueos","tag-calor","tag-ceas","tag-cfe","tag-fallas-electricas","tag-inconformidades","tag-manifestacion-2","tag-noticias","tag-recibos-de-luz","tag-sas","tag-seguridad","tag-tabasco"],"jetpack_publicize_connections":[],"featured_image_urls":{"full":["https:\/\/reporterosdelsur.org\/diario\/wp-content\/uploads\/2026\/09\/Bloqueo-3-1-scaled.jpg",2560,1153,false],"thumbnail":["https:\/\/reporterosdelsur.org\/diario\/wp-content\/uploads\/2026\/09\/Bloqueo-3-1-150x150.jpg",150,150,true],"medium":["https:\/\/reporterosdelsur.org\/diario\/wp-content\/uploads\/2026\/09\/Bloqueo-3-1-300x135.jpg",300,135,true],"medium_large":["https:\/\/reporterosdelsur.org\/diario\/wp-content\/uploads\/2026\/09\/Bloqueo-3-1-768x346.jpg",768,346,true],"large":["https:\/\/reporterosdelsur.org\/diario\/wp-content\/uploads\/2026\/09\/Bloqueo-3-1-1024x461.jpg",1024,461,true],"1536x1536":["https:\/\/reporterosdelsur.org\/diario\/wp-content\/uploads\/2026\/09\/Bloqueo-3-1-1536x692.jpg",1536,692,true],"2048x2048":["https:\/\/reporterosdelsur.org\/diario\/wp-content\/uploads\/2026\/09\/Bloqueo-3-1-2048x922.jpg",2048,922,true],"ultp_layout_landscape_large":["https:\/\/reporterosdelsur.org\/diario\/wp-content\/uploads\/2026\/09\/Bloqueo-3-1-1200x800.jpg",1200,800,true],"ultp_layout_landscape":["https:\/\/reporterosdelsur.org\/diario\/wp-content\/uploads\/2026\/09\/Bloqueo-3-1-870x570.jpg",870,570,true],"ultp_layout_portrait":["https:\/\/reporterosdelsur.org\/diario\/wp-content\/uploads\/2026\/09\/Bloqueo-3-1-600x900.jpg",600,900,true],"ultp_layout_square":["https:\/\/reporterosdelsur.org\/diario\/wp-content\/uploads\/2026\/09\/Bloqueo-3-1-600x600.jpg",600,600,true],"hoot-medium-thumb":["https:\/\/reporterosdelsur.org\/diario\/wp-content\/uploads\/2026\/09\/Bloqueo-3-1-460x400.jpg",460,400,true],"hoot-preview":["https:\/\/reporterosdelsur.org\/diario\/wp-content\/uploads\/2026\/09\/Bloqueo-3-1-465x209.jpg",465,209,true],"hoot-preview-thumb":["https:\/\/reporterosdelsur.org\/diario\/wp-content\/uploads\/2026\/09\/Bloqueo-3-1-465x550.jpg",465,550,true],"hoot-large-thumb":["https:\/\/reporterosdelsur.org\/diario\/wp-content\/uploads\/2026\/09\/Bloqueo-3-1-690x550.jpg",690,550,true],"hoot-preview-large":["https:\/\/reporterosdelsur.org\/diario\/wp-content\/uploads\/2026\/09\/Bloqueo-3-1-695x313.jpg",695,313,true],"hoot-wide-thumb":["https:\/\/reporterosdelsur.org\/diario\/wp-content\/uploads\/2026\/09\/Bloqueo-3-1-920x425.jpg",920,425,true],"hoot-extra-wide-thumb":["https:\/\/reporterosdelsur.org\/diario\/wp-content\/uploads\/2026\/09\/Bloqueo-3-1-1035x425.jpg",1035,425,true]},"author_info":{"display_name":"Reporteros del Sur","author_link":"https:\/\/reporterosdelsur.org\/diario\/author\/guza0892gmail-com\/"},"category_info":"<a href=\"https:\/\/reporterosdelsur.org\/diario\/category\/tabasco\/\" rel=\"category tag\">Tabasco<\/a>","tag_info":"Tabasco","comment_count":"0","_links":{"self":[{"href":"https:\/\/reporterosdelsur.org\/diario\/wp-json\/wp\/v2\/posts\/59008","targetHints":{"allow":["GET"]}}],"collection":[{"href":"https:\/\/reporterosdelsur.org\/diario\/wp-json\/wp\/v2\/posts"}],"about":[{"href":"https:\/\/reporterosdelsur.org\/diario\/wp-json\/wp\/v2\/types\/post"}],"author":[{"embeddable":true,"href":"https:\/\/reporterosdelsur.org\/diario\/wp-json\/wp\/v2\/users\/2"}],"replies":[{"embeddable":true,"href":"https:\/\/reporterosdelsur.org\/diario\/wp-json\/wp\/v2\/comments?post=59008"}],"version-history":[{"count":1,"href":"https:\/\/reporterosdelsur.org\/diario\/wp-json\/wp\/v2\/posts\/59008\/revisions"}],"predecessor-version":[{"id":59017,"href":"https:\/\/reporterosdelsur.org\/diario\/wp-json\/wp\/v2\/posts\/59008\/revisions\/59017"}],"wp:featuredmedia":[{"embeddable":true,"href":"https:\/\/reporterosdelsur.org\/diario\/wp-json\/wp\/v2\/media\/59009"}],"wp:attachment":[{"href":"https:\/\/reporterosdelsur.org\/diario\/wp-json\/wp\/v2\/media?parent=59008"}],"wp:term":[{"taxonomy":"category","embeddable":true,"href":"https:\/\/reporterosdelsur.org\/diario\/wp-json\/wp\/v2\/categories?post=59008"},{"taxonomy":"post_tag","embeddable":true,"href":"https:\/\/reporterosdelsur.org\/diario\/wp-json\/wp\/v2\/tags?post=59008"}],"curies":[{"name":"wp","href":"https:\/\/api.w.org\/{rel}","templated":true}]}}