{"id":58999,"date":"2026-09-04T11:57:50","date_gmt":"2026-09-04T17:57:50","guid":{"rendered":"https:\/\/reporterosdelsur.org\/diario\/?p=58999"},"modified":"2026-09-04T11:57:53","modified_gmt":"2026-09-04T17:57:53","slug":"andres-granier-revela-que-la-hermandad-policiaca-de-manuel-andrade-lo-amenazo-con-no-dejarlo-asumir-la-gubernatura","status":"publish","type":"post","link":"https:\/\/reporterosdelsur.org\/diario\/2026\/09\/andres-granier-revela-que-la-hermandad-policiaca-de-manuel-andrade-lo-amenazo-con-no-dejarlo-asumir-la-gubernatura\/","title":{"rendered":"Andr\u00e9s Granier revela que la &#8220;hermandad policiaca&#8221; de Manuel Andrade, lo amenaz\u00f3 con no dejarlo asumir la gubernatura&#8230;"},"content":{"rendered":"\n<p class=\"has-text-align-center has-large-font-size wp-block-paragraph\"><strong> REPORTEROS DEL SUR  <\/strong><\/p>\n\n\n\n<p class=\"wp-block-paragraph\">A 20 a\u00f1os de distancia, el ex gobernador Andr\u00e9s Granier Melo revela que el grupo criminal la \u201chermandad policiaca\u201d, fundada Juan Cano Torres, \u00a0Secretario de Seguridad P\u00fablica de Manuel Andrade D\u00edaz, lo amenaz\u00f3 con impedirle asumir el cargo de gobernador en diciembre de 2006, inconformes con el cambio de mando en la corporaci\u00f3n policiaca que pretend\u00edan seguir controlando para proteger a la delincuencia organizada.<\/p>\n\n\n\n<figure class=\"wp-block-image size-large\"><img loading=\"lazy\" decoding=\"async\" width=\"1024\" height=\"733\" src=\"https:\/\/reporterosdelsur.org\/diario\/wp-content\/uploads\/2026\/09\/quimico10-1024x733.jpeg\" alt=\"\" class=\"wp-image-59002\" srcset=\"https:\/\/reporterosdelsur.org\/diario\/wp-content\/uploads\/2026\/09\/quimico10-1024x733.jpeg 1024w, https:\/\/reporterosdelsur.org\/diario\/wp-content\/uploads\/2026\/09\/quimico10-300x215.jpeg 300w, https:\/\/reporterosdelsur.org\/diario\/wp-content\/uploads\/2026\/09\/quimico10-768x550.jpeg 768w, https:\/\/reporterosdelsur.org\/diario\/wp-content\/uploads\/2026\/09\/quimico10-465x333.jpeg 465w, https:\/\/reporterosdelsur.org\/diario\/wp-content\/uploads\/2026\/09\/quimico10-695x497.jpeg 695w, https:\/\/reporterosdelsur.org\/diario\/wp-content\/uploads\/2026\/09\/quimico10.jpeg 1337w\" sizes=\"auto, (max-width: 1024px) 100vw, 1024px\" \/><\/figure>\n\n\n\n<p class=\"wp-block-paragraph\">En entrevista de radio con el comunicador y notario, Gerardo L\u00f3pezconde, el \u201cQu\u00edmico\u201d Granier Melo record\u00f3 que Andrade D\u00edaz le dijo que sus mandos policiacos eran \u201cbuenos elementos\u201d, sin embargo, Tabasco enfrentaba la peor ola de secuestros y asesinatos, entre ellos, el del entonces alcalde perredista de Huimanguillo Walter Herrera.<\/p>\n\n\n\n<figure class=\"wp-block-embed is-type-rich is-provider-x wp-block-embed-x\"><div class=\"wp-block-embed__wrapper\">\n<blockquote class=\"twitter-tweet\" data-width=\"550\" data-dnt=\"true\"><p lang=\"es\" dir=\"ltr\">Est\u00e1 ma\u00f1ana platiqu\u00e9 con el exgobernador Andr\u00e9s Granier Melo , importantes revelaciones <a href=\"https:\/\/x.com\/XEVATabasco?ref_src=twsrc%5Etfw\">@XEVATabasco<\/a> <a href=\"https:\/\/x.com\/GranierMeloOf?ref_src=twsrc%5Etfw\">@GranierMeloOf<\/a> <a href=\"https:\/\/t.co\/nMftJCom2r\">pic.twitter.com\/nMftJCom2r<\/a><\/p>&mdash; GERARDO LOPEZCONDE (@LOPEZCONDE17) <a href=\"https:\/\/x.com\/LOPEZCONDE17\/status\/2095704785940828434?ref_src=twsrc%5Etfw\">September 4, 2026<\/a><\/blockquote><script async src=\"https:\/\/platform.x.com\/widgets.js\" charset=\"utf-8\"><\/script>\n<\/div><\/figure>\n\n\n\n<p class=\"wp-block-paragraph\">Juan Cano Torres fue designado secretario de Seguridad P\u00fablica por Manuel Andrade, cargo que ocup\u00f3 durante los cinco a\u00f1os de su gobierno (2002- 2006).<\/p>\n\n\n\n<p class=\"wp-block-paragraph\">\u00a0\u00a0\u00a0\u00a0\u00a0\u00a0 Desde ah\u00ed, Cano Torres fund\u00f3 la \u201chermandad policiaca\u201d que sembr\u00f3 el terror en Tabasco con \u00a0secuestros, extorsiones, asesinatos y tr\u00e1fico de drogas que nunca \u201cvio\u201d su jefe Manuel Andrade.<\/p>\n\n\n\n<p class=\"wp-block-paragraph\">&nbsp;En marzo de 2007 -tres meses despu\u00e9s de dejar el cargo- Cano Torres fue detenido, acusado de atentar contra la vida del general y nuevo secretario de Seguridad P\u00fablica, Francisco Fern\u00e1ndez Sol\u00eds, designado por el entrante gobernador Andr\u00e9s Granier, quien, el 31 de diciembre de 2006, hab\u00eda asumido el cargo.<\/p>\n\n\n\n<figure class=\"wp-block-image size-large\"><img loading=\"lazy\" decoding=\"async\" width=\"1024\" height=\"733\" src=\"https:\/\/reporterosdelsur.org\/diario\/wp-content\/uploads\/2026\/09\/quimico-250-1024x733.jpeg\" alt=\"\" class=\"wp-image-59003\" srcset=\"https:\/\/reporterosdelsur.org\/diario\/wp-content\/uploads\/2026\/09\/quimico-250-1024x733.jpeg 1024w, https:\/\/reporterosdelsur.org\/diario\/wp-content\/uploads\/2026\/09\/quimico-250-300x215.jpeg 300w, https:\/\/reporterosdelsur.org\/diario\/wp-content\/uploads\/2026\/09\/quimico-250-768x550.jpeg 768w, https:\/\/reporterosdelsur.org\/diario\/wp-content\/uploads\/2026\/09\/quimico-250-465x333.jpeg 465w, https:\/\/reporterosdelsur.org\/diario\/wp-content\/uploads\/2026\/09\/quimico-250-695x498.jpeg 695w, https:\/\/reporterosdelsur.org\/diario\/wp-content\/uploads\/2026\/09\/quimico-250.jpeg 1268w\" sizes=\"auto, (max-width: 1024px) 100vw, 1024px\" \/><\/figure>\n\n\n\n<p class=\"wp-block-paragraph\">La ma\u00f1ana del 6 de marzo, el general Fern\u00e1ndez Sol\u00eds fue atacado por un grupo de sicarios cuando sal\u00eda del hotel Calinda Viva de Villahermosa.<\/p>\n\n\n\n<p class=\"wp-block-paragraph\">Al militar s\u00f3lo se le incrustaron esquirlas en un ojo y salv\u00f3 la vida, pero muri\u00f3 su chofer Jos\u00e9 de la Luz P\u00e9rez Mayo y result\u00f3 herido Leobardo Eugenio Acosta Guti\u00e9rrez, auxiliar del general.<\/p>\n\n\n\n<p class=\"wp-block-paragraph\">Dos semanas despu\u00e9s del atentado, Cano Torres capturado en el municipio de Centla, con cuatro m\u00e1s de sus colaboradores en Seguridad P\u00fablica, operadores de la \u201chermandad policiaca\u201d, bajo cargos de enriquecimiento il\u00edcito, delincuencia organizada e instigaci\u00f3n a homicidio calificado.<\/p>\n\n\n\n<p class=\"wp-block-paragraph\">Cano Torres fue encarcelado en el penal de Puente Grande, Jalisco y luego en el Centro Federal de Readaptaci\u00f3n Social n\u00famero 6 del municipio de Huianguillo, donde permaneci\u00f3 8 a\u00f1os y tres meses.<\/p>\n\n\n\n<p class=\"wp-block-paragraph\">&nbsp;&nbsp;&nbsp;&nbsp;&nbsp;&nbsp;&nbsp; &nbsp;&nbsp;&nbsp;&nbsp;&nbsp; La \u201chermandad policiaca\u201d fue embri\u00f3n para formaci\u00f3n de \u201cLa Barredora\u201d, bajo mando de Hern\u00e1n Berm\u00fadez Requena que nunca \u201cvieron\u201d los &nbsp;gobernadores Ad\u00e1n Augusto y el \u201cCapit\u00e1n\u201d Carlos Manuel Merino.<\/p>\n\n\n\n<p class=\"wp-block-paragraph\"><strong>NOTA RELACIONADA <\/strong><\/p>\n\n\n\n<p class=\"wp-block-paragraph\"><a href=\"https:\/\/www.sinembargo.mx\/4679506\/la-barredora-de-hernan-bermudez-tuvo-un-embrion-criminal-en-tabasco-la-hermandad\">https:\/\/www.sinembargo.mx\/4679506\/la-barredora-de-hernan-bermudez-tuvo-un-embrion-criminal-en-tabasco-la-hermandad<\/a><\/p>\n","protected":false},"excerpt":{"rendered":"<p>REPORTEROS DEL SUR A 20 a\u00f1os de distancia, el ex gobernador Andr\u00e9s Granier Melo revela que el grupo criminal la \u201chermandad policiaca\u201d, fundada Juan Cano Torres, \u00a0Secretario de Seguridad P\u00fablica de Manuel Andrade D\u00edaz, lo amenaz\u00f3 con impedirle asumir el cargo de gobernador en diciembre de 2006, inconformes con el<span class=\"more-link theme-more-link\"><a href=\"https:\/\/reporterosdelsur.org\/diario\/2026\/09\/andres-granier-revela-que-la-hermandad-policiaca-de-manuel-andrade-lo-amenazo-con-no-dejarlo-asumir-la-gubernatura\/\">Leer Nota Complete<\/a><\/span><\/p>\n","protected":false},"author":2,"featured_media":59000,"comment_status":"open","ping_status":"open","sticky":false,"template":"","format":"standard","meta":{"footnotes":"","jetpack_publicize_message":"","jetpack_publicize_feature_enabled":true,"jetpack_social_post_already_shared":true,"jetpack_social_options":{"image_generator_settings":{"template":"highway","default_image_id":0,"font":"","enabled":false},"version":2}},"categories":[6,2],"tags":[],"class_list":["entry","author-guza0892gmail-com","post-58999","post","type-post","status-publish","format-standard","has-post-thumbnail","category-destacado","category-tabasco"],"jetpack_publicize_connections":[],"featured_image_urls":{"full":["https:\/\/reporterosdelsur.org\/diario\/wp-content\/uploads\/2026\/09\/PILLOS.jpeg",706,434,false],"thumbnail":["https:\/\/reporterosdelsur.org\/diario\/wp-content\/uploads\/2026\/09\/PILLOS-150x150.jpeg",150,150,true],"medium":["https:\/\/reporterosdelsur.org\/diario\/wp-content\/uploads\/2026\/09\/PILLOS-300x184.jpeg",300,184,true],"medium_large":["https:\/\/reporterosdelsur.org\/diario\/wp-content\/uploads\/2026\/09\/PILLOS.jpeg",706,434,false],"large":["https:\/\/reporterosdelsur.org\/diario\/wp-content\/uploads\/2026\/09\/PILLOS.jpeg",706,434,false],"1536x1536":["https:\/\/reporterosdelsur.org\/diario\/wp-content\/uploads\/2026\/09\/PILLOS.jpeg",706,434,false],"2048x2048":["https:\/\/reporterosdelsur.org\/diario\/wp-content\/uploads\/2026\/09\/PILLOS.jpeg",706,434,false],"ultp_layout_landscape_large":["https:\/\/reporterosdelsur.org\/diario\/wp-content\/uploads\/2026\/09\/PILLOS.jpeg",706,434,false],"ultp_layout_landscape":["https:\/\/reporterosdelsur.org\/diario\/wp-content\/uploads\/2026\/09\/PILLOS.jpeg",706,434,false],"ultp_layout_portrait":["https:\/\/reporterosdelsur.org\/diario\/wp-content\/uploads\/2026\/09\/PILLOS-600x434.jpeg",600,434,true],"ultp_layout_square":["https:\/\/reporterosdelsur.org\/diario\/wp-content\/uploads\/2026\/09\/PILLOS-600x434.jpeg",600,434,true],"hoot-medium-thumb":["https:\/\/reporterosdelsur.org\/diario\/wp-content\/uploads\/2026\/09\/PILLOS-460x400.jpeg",460,400,true],"hoot-preview":["https:\/\/reporterosdelsur.org\/diario\/wp-content\/uploads\/2026\/09\/PILLOS-465x286.jpeg",465,286,true],"hoot-preview-thumb":["https:\/\/reporterosdelsur.org\/diario\/wp-content\/uploads\/2026\/09\/PILLOS-465x434.jpeg",465,434,true],"hoot-large-thumb":["https:\/\/reporterosdelsur.org\/diario\/wp-content\/uploads\/2026\/09\/PILLOS-690x434.jpeg",690,434,true],"hoot-preview-large":["https:\/\/reporterosdelsur.org\/diario\/wp-content\/uploads\/2026\/09\/PILLOS-695x427.jpeg",695,427,true],"hoot-wide-thumb":["https:\/\/reporterosdelsur.org\/diario\/wp-content\/uploads\/2026\/09\/PILLOS-706x425.jpeg",706,425,true],"hoot-extra-wide-thumb":["https:\/\/reporterosdelsur.org\/diario\/wp-content\/uploads\/2026\/09\/PILLOS-706x425.jpeg",706,425,true]},"author_info":{"display_name":"Reporteros del Sur","author_link":"https:\/\/reporterosdelsur.org\/diario\/author\/guza0892gmail-com\/"},"category_info":"<a href=\"https:\/\/reporterosdelsur.org\/diario\/category\/destacado\/\" rel=\"category tag\">Destacado<\/a> <a href=\"https:\/\/reporterosdelsur.org\/diario\/category\/tabasco\/\" rel=\"category tag\">Tabasco<\/a>","tag_info":"Tabasco","comment_count":"0","_links":{"self":[{"href":"https:\/\/reporterosdelsur.org\/diario\/wp-json\/wp\/v2\/posts\/58999","targetHints":{"allow":["GET"]}}],"collection":[{"href":"https:\/\/reporterosdelsur.org\/diario\/wp-json\/wp\/v2\/posts"}],"about":[{"href":"https:\/\/reporterosdelsur.org\/diario\/wp-json\/wp\/v2\/types\/post"}],"author":[{"embeddable":true,"href":"https:\/\/reporterosdelsur.org\/diario\/wp-json\/wp\/v2\/users\/2"}],"replies":[{"embeddable":true,"href":"https:\/\/reporterosdelsur.org\/diario\/wp-json\/wp\/v2\/comments?post=58999"}],"version-history":[{"count":1,"href":"https:\/\/reporterosdelsur.org\/diario\/wp-json\/wp\/v2\/posts\/58999\/revisions"}],"predecessor-version":[{"id":59004,"href":"https:\/\/reporterosdelsur.org\/diario\/wp-json\/wp\/v2\/posts\/58999\/revisions\/59004"}],"wp:featuredmedia":[{"embeddable":true,"href":"https:\/\/reporterosdelsur.org\/diario\/wp-json\/wp\/v2\/media\/59000"}],"wp:attachment":[{"href":"https:\/\/reporterosdelsur.org\/diario\/wp-json\/wp\/v2\/media?parent=58999"}],"wp:term":[{"taxonomy":"category","embeddable":true,"href":"https:\/\/reporterosdelsur.org\/diario\/wp-json\/wp\/v2\/categories?post=58999"},{"taxonomy":"post_tag","embeddable":true,"href":"https:\/\/reporterosdelsur.org\/diario\/wp-json\/wp\/v2\/tags?post=58999"}],"curies":[{"name":"wp","href":"https:\/\/api.w.org\/{rel}","templated":true}]}}