{"id":58992,"date":"2026-09-04T06:59:59","date_gmt":"2026-09-04T12:59:59","guid":{"rendered":"https:\/\/reporterosdelsur.org\/diario\/?p=58992"},"modified":"2026-09-04T07:00:03","modified_gmt":"2026-09-04T13:00:03","slug":"fgr-obtiene-dos-sentencias-y-vincula-a-proceso-a-tres-personas-por-delitos-relacionados-con-armas-en-tabasco","status":"publish","type":"post","link":"https:\/\/reporterosdelsur.org\/diario\/2026\/09\/fgr-obtiene-dos-sentencias-y-vincula-a-proceso-a-tres-personas-por-delitos-relacionados-con-armas-en-tabasco\/","title":{"rendered":"FGR obtiene dos sentencias y vincula a proceso a tres personas por delitos relacionados con armas en Tabasco"},"content":{"rendered":"\n<p class=\"wp-block-paragraph\"><strong>Israel \u201cN\u201d recibi\u00f3 dos a\u00f1os y seis meses de prisi\u00f3n, mientras que Rogelio \u201cN\u201d fue condenado a cuatro a\u00f1os; en otro caso, V\u00edctor \u201cN\u201d qued\u00f3 sujeto a proceso por portar una pistola abastecida.<\/strong><\/p>\n\n\n\n<p class=\"wp-block-paragraph\"><strong>VILLAHERMOSA, TAB.-<\/strong> La Fiscal\u00eda General de la Rep\u00fablica (FGR) en Tabasco obtuvo <strong>dos sentencias condenatorias y una vinculaci\u00f3n a proceso<\/strong> contra tres personas involucradas en delitos relacionados con la portaci\u00f3n de armas de fuego en distintos hechos registrados en el estado.<\/p>\n\n\n\n<p class=\"wp-block-paragraph\">En el primer caso, la FGR obtuvo una sentencia de <strong>dos a\u00f1os y seis meses de prisi\u00f3n contra Israel \u201cN\u201d<\/strong>, luego de acreditar su responsabilidad penal en el delito de portaci\u00f3n de arma de fuego sin licencia.<\/p>\n\n\n\n<p class=\"wp-block-paragraph\">Durante una audiencia de procedimiento abreviado, la autoridad judicial dict\u00f3 sentencia condenatoria, orden\u00f3 el decomiso del arma y los cartuchos asegurados, adem\u00e1s de suspender los derechos civiles y pol\u00edticos del sentenciado durante el tiempo que dure la pena.<\/p>\n\n\n\n<p class=\"wp-block-paragraph\">La investigaci\u00f3n, a cargo de la Fiscal\u00eda Especializada de Control Regional (FECOR), comenz\u00f3 despu\u00e9s de que elementos de la Secretar\u00eda de Seguridad y Protecci\u00f3n Ciudadana atendieran un reporte sobre una persona presuntamente amenazada por un individuo que portaba una escopeta y hab\u00eda realizado una detonaci\u00f3n.<\/p>\n\n\n\n<p class=\"wp-block-paragraph\">Los hechos ocurrieron en un rancho ubicado en <strong>Boquer\u00f3n, municipio de Centro<\/strong>.<\/p>\n\n\n\n<p class=\"wp-block-paragraph\">Al llegar al lugar, los agentes localizaron a una persona que coincid\u00eda con las caracter\u00edsticas proporcionadas, por lo que iniciaron una persecuci\u00f3n. Durante el operativo aseguraron una escopeta y <strong>dos cartuchos \u00fatiles<\/strong>.<\/p>\n\n\n\n<p class=\"wp-block-paragraph\">Debido a que Israel \u201cN\u201d no contaba con la documentaci\u00f3n que acreditara la autorizaci\u00f3n para portar el arma, fue detenido y puesto a disposici\u00f3n de la FGR en Tabasco.<\/p>\n\n\n\n<figure class=\"wp-block-image size-full\"><img loading=\"lazy\" decoding=\"async\" width=\"530\" height=\"353\" src=\"https:\/\/reporterosdelsur.org\/diario\/wp-content\/uploads\/2026\/09\/FGR.jpg\" alt=\"\" class=\"wp-image-58993\" srcset=\"https:\/\/reporterosdelsur.org\/diario\/wp-content\/uploads\/2026\/09\/FGR.jpg 530w, https:\/\/reporterosdelsur.org\/diario\/wp-content\/uploads\/2026\/09\/FGR-300x200.jpg 300w, https:\/\/reporterosdelsur.org\/diario\/wp-content\/uploads\/2026\/09\/FGR-465x310.jpg 465w\" sizes=\"auto, (max-width: 530px) 100vw, 530px\" \/><\/figure>\n\n\n\n<h3 class=\"wp-block-heading\">Cuatro a\u00f1os de prisi\u00f3n por arma de uso exclusivo<\/h3>\n\n\n\n<p class=\"wp-block-paragraph\">En un segundo caso, mediante un procedimiento abreviado, la FGR obtuvo una sentencia condenatoria de <strong>cuatro a\u00f1os de prisi\u00f3n contra Rogelio \u201cN\u201d<\/strong>, por el delito de portaci\u00f3n de arma de fuego de uso exclusivo de las Fuerzas Armadas.<\/p>\n\n\n\n<p class=\"wp-block-paragraph\">El juez de Control tambi\u00e9n le impuso una multa de <strong>80 Unidades de Medida y Actualizaci\u00f3n (UMA)<\/strong>, adem\u00e1s de establecer que la pena de prisi\u00f3n ser\u00e1 cumplida en el Centro Penitenciario n\u00famero 1, ubicado en Centro, Tabasco.<\/p>\n\n\n\n<p class=\"wp-block-paragraph\">La investigaci\u00f3n inici\u00f3 luego de que elementos de la Polic\u00eda Estatal pusieran a disposici\u00f3n de la FGR a una persona detenida en las inmediaciones de la <strong>colonia Selva Nacajuca<\/strong>, quien se encontraba en posesi\u00f3n de artefactos considerados de uso exclusivo de las Fuerzas Armadas.<\/p>\n\n\n\n<p class=\"wp-block-paragraph\">La FECOR llev\u00f3 a cabo las diligencias correspondientes y, durante la etapa intermedia ante el \u00f3rgano jurisdiccional, formul\u00f3 la acusaci\u00f3n.<\/p>\n\n\n\n<p class=\"wp-block-paragraph\">En ese momento, Rogelio \u201cN\u201d manifest\u00f3 su voluntad de resolver su situaci\u00f3n jur\u00eddica mediante un procedimiento abreviado, lo que deriv\u00f3 en la sentencia condenatoria.<\/p>\n\n\n\n<h3 class=\"wp-block-heading\">Vinculan a proceso a otro detenido<\/h3>\n\n\n\n<p class=\"wp-block-paragraph\">En un tercer caso, la FGR obtuvo <strong>auto de vinculaci\u00f3n a proceso contra V\u00edctor \u201cN\u201d<\/strong>, por su probable participaci\u00f3n en el delito de portaci\u00f3n de arma de fuego sin licencia.<\/p>\n\n\n\n<p class=\"wp-block-paragraph\">De acuerdo con la investigaci\u00f3n, elementos de la Polic\u00eda Municipal de Huimanguillo aseguraron al imputado un <strong>arma de fuego tipo pistola, un cargador y cinco cartuchos \u00fatiles<\/strong>.<\/p>\n\n\n\n<p class=\"wp-block-paragraph\">Durante la audiencia inicial, la FECOR logr\u00f3 que la autoridad judicial calificara de legal la detenci\u00f3n y dictara el auto de vinculaci\u00f3n a proceso por el delito se\u00f1alado.<\/p>\n\n\n\n<p class=\"wp-block-paragraph\">El juez concedi\u00f3 un plazo de <strong>seis meses para el cierre de la investigaci\u00f3n complementaria<\/strong>, periodo durante el cual el Ministerio P\u00fablico de la Federaci\u00f3n continuar\u00e1 con las diligencias necesarias para esclarecer los hechos y determinar las responsabilidades correspondientes.<\/p>\n\n\n\n<p class=\"wp-block-paragraph\">Con estas acciones, la FGR en Tabasco mantiene investigaciones y procesos judiciales relacionados con la portaci\u00f3n ilegal de armas de fuego, tanto de uso permitido como de uso exclusivo de las Fuerzas Armadas.<\/p>\n","protected":false},"excerpt":{"rendered":"<p>Israel \u201cN\u201d recibi\u00f3 dos a\u00f1os y seis meses de prisi\u00f3n, mientras que Rogelio \u201cN\u201d fue condenado a cuatro a\u00f1os; en otro caso, V\u00edctor \u201cN\u201d qued\u00f3 sujeto a proceso por portar una pistola abastecida. VILLAHERMOSA, TAB.- La Fiscal\u00eda General de la Rep\u00fablica (FGR) en Tabasco obtuvo dos sentencias condenatorias y una<span class=\"more-link theme-more-link\"><a href=\"https:\/\/reporterosdelsur.org\/diario\/2026\/09\/fgr-obtiene-dos-sentencias-y-vincula-a-proceso-a-tres-personas-por-delitos-relacionados-con-armas-en-tabasco\/\">Leer Nota Complete<\/a><\/span><\/p>\n","protected":false},"author":1,"featured_media":58993,"comment_status":"open","ping_status":"open","sticky":false,"template":"","format":"standard","meta":{"footnotes":"","jetpack_publicize_message":"","jetpack_publicize_feature_enabled":true,"jetpack_social_post_already_shared":true,"jetpack_social_options":{"image_generator_settings":{"template":"highway","default_image_id":0,"font":"","enabled":false},"version":2}},"categories":[2],"tags":[694,982,371,1355,491,38,372,132,459,333,34],"class_list":["entry","author-admin","post-58992","post","type-post","status-publish","format-standard","has-post-thumbnail","category-tabasco","tag-extorsion","tag-fgr-tabasco","tag-gn","tag-llamadas-telefonicas","tag-marina","tag-noticias","tag-operativos","tag-secuestro","tag-sedena","tag-seguridad","tag-villahermosa"],"jetpack_publicize_connections":[],"featured_image_urls":{"full":["https:\/\/reporterosdelsur.org\/diario\/wp-content\/uploads\/2026\/09\/FGR.jpg",530,353,false],"thumbnail":["https:\/\/reporterosdelsur.org\/diario\/wp-content\/uploads\/2026\/09\/FGR-150x150.jpg",150,150,true],"medium":["https:\/\/reporterosdelsur.org\/diario\/wp-content\/uploads\/2026\/09\/FGR-300x200.jpg",300,200,true],"medium_large":["https:\/\/reporterosdelsur.org\/diario\/wp-content\/uploads\/2026\/09\/FGR.jpg",530,353,false],"large":["https:\/\/reporterosdelsur.org\/diario\/wp-content\/uploads\/2026\/09\/FGR.jpg",530,353,false],"1536x1536":["https:\/\/reporterosdelsur.org\/diario\/wp-content\/uploads\/2026\/09\/FGR.jpg",530,353,false],"2048x2048":["https:\/\/reporterosdelsur.org\/diario\/wp-content\/uploads\/2026\/09\/FGR.jpg",530,353,false],"ultp_layout_landscape_large":["https:\/\/reporterosdelsur.org\/diario\/wp-content\/uploads\/2026\/09\/FGR.jpg",530,353,false],"ultp_layout_landscape":["https:\/\/reporterosdelsur.org\/diario\/wp-content\/uploads\/2026\/09\/FGR.jpg",530,353,false],"ultp_layout_portrait":["https:\/\/reporterosdelsur.org\/diario\/wp-content\/uploads\/2026\/09\/FGR.jpg",530,353,false],"ultp_layout_square":["https:\/\/reporterosdelsur.org\/diario\/wp-content\/uploads\/2026\/09\/FGR.jpg",530,353,false],"hoot-medium-thumb":["https:\/\/reporterosdelsur.org\/diario\/wp-content\/uploads\/2026\/09\/FGR-460x353.jpg",460,353,true],"hoot-preview":["https:\/\/reporterosdelsur.org\/diario\/wp-content\/uploads\/2026\/09\/FGR-465x310.jpg",465,310,true],"hoot-preview-thumb":["https:\/\/reporterosdelsur.org\/diario\/wp-content\/uploads\/2026\/09\/FGR-465x353.jpg",465,353,true],"hoot-large-thumb":["https:\/\/reporterosdelsur.org\/diario\/wp-content\/uploads\/2026\/09\/FGR.jpg",530,353,false],"hoot-preview-large":["https:\/\/reporterosdelsur.org\/diario\/wp-content\/uploads\/2026\/09\/FGR.jpg",530,353,false],"hoot-wide-thumb":["https:\/\/reporterosdelsur.org\/diario\/wp-content\/uploads\/2026\/09\/FGR.jpg",530,353,false],"hoot-extra-wide-thumb":["https:\/\/reporterosdelsur.org\/diario\/wp-content\/uploads\/2026\/09\/FGR.jpg",530,353,false]},"author_info":{"display_name":"Reporteros del Sur","author_link":"https:\/\/reporterosdelsur.org\/diario\/author\/admin\/"},"category_info":"<a href=\"https:\/\/reporterosdelsur.org\/diario\/category\/tabasco\/\" rel=\"category tag\">Tabasco<\/a>","tag_info":"Tabasco","comment_count":"0","_links":{"self":[{"href":"https:\/\/reporterosdelsur.org\/diario\/wp-json\/wp\/v2\/posts\/58992","targetHints":{"allow":["GET"]}}],"collection":[{"href":"https:\/\/reporterosdelsur.org\/diario\/wp-json\/wp\/v2\/posts"}],"about":[{"href":"https:\/\/reporterosdelsur.org\/diario\/wp-json\/wp\/v2\/types\/post"}],"author":[{"embeddable":true,"href":"https:\/\/reporterosdelsur.org\/diario\/wp-json\/wp\/v2\/users\/1"}],"replies":[{"embeddable":true,"href":"https:\/\/reporterosdelsur.org\/diario\/wp-json\/wp\/v2\/comments?post=58992"}],"version-history":[{"count":1,"href":"https:\/\/reporterosdelsur.org\/diario\/wp-json\/wp\/v2\/posts\/58992\/revisions"}],"predecessor-version":[{"id":58994,"href":"https:\/\/reporterosdelsur.org\/diario\/wp-json\/wp\/v2\/posts\/58992\/revisions\/58994"}],"wp:featuredmedia":[{"embeddable":true,"href":"https:\/\/reporterosdelsur.org\/diario\/wp-json\/wp\/v2\/media\/58993"}],"wp:attachment":[{"href":"https:\/\/reporterosdelsur.org\/diario\/wp-json\/wp\/v2\/media?parent=58992"}],"wp:term":[{"taxonomy":"category","embeddable":true,"href":"https:\/\/reporterosdelsur.org\/diario\/wp-json\/wp\/v2\/categories?post=58992"},{"taxonomy":"post_tag","embeddable":true,"href":"https:\/\/reporterosdelsur.org\/diario\/wp-json\/wp\/v2\/tags?post=58992"}],"curies":[{"name":"wp","href":"https:\/\/api.w.org\/{rel}","templated":true}]}}