{"id":58985,"date":"2026-09-04T06:51:58","date_gmt":"2026-09-04T12:51:58","guid":{"rendered":"https:\/\/reporterosdelsur.org\/diario\/?p=58985"},"modified":"2026-09-04T06:55:31","modified_gmt":"2026-09-04T12:55:31","slug":"concluye-con-exito-primer-dia-de-la-convencion-internacional-de-sostenibilidad-sos26","status":"publish","type":"post","link":"https:\/\/reporterosdelsur.org\/diario\/2026\/09\/concluye-con-exito-primer-dia-de-la-convencion-internacional-de-sostenibilidad-sos26\/","title":{"rendered":"Concluye con \u00e9xito primer d\u00eda de la Convenci\u00f3n Internacional de Sostenibilidad SOS26"},"content":{"rendered":"\n<p class=\"wp-block-paragraph\"><strong>Cerca de mil 500 asistentes participaron en la primera jornada del encuentro, que reuni\u00f3 a especialistas, acad\u00e9micos, estudiantes, autoridades y representantes del sector energ\u00e9tico y ambiental para analizar los retos de la sostenibilidad en M\u00e9xico.<\/strong><\/p>\n\n\n\n<p class=\"wp-block-paragraph\"><strong>VILLAHERMOSA, TAB.-<\/strong> Con la participaci\u00f3n de cerca de <strong>mil 500 asistentes nacionales e internacionales<\/strong>, concluy\u00f3 con \u00e9xito el primer d\u00eda de actividades de la Convenci\u00f3n Internacional de Sostenibilidad: Energ\u00eda y Medio Ambiente <strong>\u201cSOS26\u201d<\/strong>, inaugurada por el gobernador Javier May Rodr\u00edguez y la titular de la Secretar\u00eda de Medio Ambiente y Desarrollo Sostenible (SEMADES), Sheila Guadalupe Cadena Nieto.<\/p>\n\n\n\n<p class=\"wp-block-paragraph\">Durante la primera jornada, estudiantes, acad\u00e9micos, investigadores, directivos, funcionarios y representantes de los sectores p\u00fablico y privado participaron en conferencias, paneles y actividades de exposici\u00f3n, generando un espacio de intercambio de conocimientos y an\u00e1lisis sobre los principales desaf\u00edos de la industria energ\u00e9tica y la protecci\u00f3n ambiental.<\/p>\n\n\n\n<p class=\"wp-block-paragraph\">Las actividades iniciaron con la conferencia <strong>\u201cExploraci\u00f3n y producci\u00f3n en M\u00e9xico\u201d<\/strong>, impartida por Merlin Cochran, presidente de la Asociaci\u00f3n Mexicana de Empresas de Hidrocarburos (AMEXHI), quien abord\u00f3 las perspectivas operativas y las oportunidades de innovaci\u00f3n tecnol\u00f3gica para avanzar hacia una extracci\u00f3n responsable de los recursos.<\/p>\n\n\n\n<figure class=\"wp-block-image size-large\"><img loading=\"lazy\" decoding=\"async\" width=\"1024\" height=\"683\" src=\"https:\/\/reporterosdelsur.org\/diario\/wp-content\/uploads\/2026\/09\/SOS26-5-1024x683.jpeg\" alt=\"\" class=\"wp-image-58986\" srcset=\"https:\/\/reporterosdelsur.org\/diario\/wp-content\/uploads\/2026\/09\/SOS26-5-1024x683.jpeg 1024w, https:\/\/reporterosdelsur.org\/diario\/wp-content\/uploads\/2026\/09\/SOS26-5-300x200.jpeg 300w, https:\/\/reporterosdelsur.org\/diario\/wp-content\/uploads\/2026\/09\/SOS26-5-768x512.jpeg 768w, https:\/\/reporterosdelsur.org\/diario\/wp-content\/uploads\/2026\/09\/SOS26-5-1200x800.jpeg 1200w, https:\/\/reporterosdelsur.org\/diario\/wp-content\/uploads\/2026\/09\/SOS26-5-465x310.jpeg 465w, https:\/\/reporterosdelsur.org\/diario\/wp-content\/uploads\/2026\/09\/SOS26-5-695x464.jpeg 695w, https:\/\/reporterosdelsur.org\/diario\/wp-content\/uploads\/2026\/09\/SOS26-5.jpeg 1280w\" sizes=\"auto, (max-width: 1024px) 100vw, 1024px\" \/><\/figure>\n\n\n\n<p class=\"wp-block-paragraph\">Posteriormente, Rafael Enrique Fonseca Ch\u00e1vez, director general de Impacto Social de la Secretar\u00eda de Energ\u00eda (SENER), present\u00f3 la conferencia <strong>\u201cSostenibilidad e impacto social en el desarrollo de proyectos\u201d<\/strong>, donde destac\u00f3 la relevancia de las consultas previas y la participaci\u00f3n de las comunidades para garantizar la viabilidad y aceptaci\u00f3n de las inversiones.<\/p>\n\n\n\n<h3 class=\"wp-block-heading\">Analizan retos de la industria energ\u00e9tica<\/h3>\n\n\n\n<p class=\"wp-block-paragraph\">En materia de seguridad industrial, Esa\u00fa Sol\u00eds D\u00edaz, subdirector de Seguridad, Salud, Gesti\u00f3n Ambiental, Energ\u00e9tica y Confiabilidad de Pemex, imparti\u00f3 la ponencia <strong>\u201cSeguridad energ\u00e9tica\u201d<\/strong>, en la que resalt\u00f3 la importancia de fortalecer la prevenci\u00f3n de riesgos, la confiabilidad de las operaciones y la protecci\u00f3n del medio ambiente.<\/p>\n\n\n\n<figure class=\"wp-block-image size-large\"><img loading=\"lazy\" decoding=\"async\" width=\"1024\" height=\"683\" src=\"https:\/\/reporterosdelsur.org\/diario\/wp-content\/uploads\/2026\/09\/SOS26-4-1-1024x683.jpeg\" alt=\"\" class=\"wp-image-58987\" srcset=\"https:\/\/reporterosdelsur.org\/diario\/wp-content\/uploads\/2026\/09\/SOS26-4-1-1024x683.jpeg 1024w, https:\/\/reporterosdelsur.org\/diario\/wp-content\/uploads\/2026\/09\/SOS26-4-1-300x200.jpeg 300w, https:\/\/reporterosdelsur.org\/diario\/wp-content\/uploads\/2026\/09\/SOS26-4-1-768x512.jpeg 768w, https:\/\/reporterosdelsur.org\/diario\/wp-content\/uploads\/2026\/09\/SOS26-4-1-1200x800.jpeg 1200w, https:\/\/reporterosdelsur.org\/diario\/wp-content\/uploads\/2026\/09\/SOS26-4-1-465x310.jpeg 465w, https:\/\/reporterosdelsur.org\/diario\/wp-content\/uploads\/2026\/09\/SOS26-4-1-695x464.jpeg 695w, https:\/\/reporterosdelsur.org\/diario\/wp-content\/uploads\/2026\/09\/SOS26-4-1.jpeg 1280w\" sizes=\"auto, (max-width: 1024px) 100vw, 1024px\" \/><\/figure>\n\n\n\n<p class=\"wp-block-paragraph\">Uno de los principales espacios de discusi\u00f3n fue el panel <strong>\u201cAlianzas estrat\u00e9gicas para el desarrollo de campos en la industria energ\u00e9tica\u201d<\/strong>, moderado por Edna Osuna Mart\u00ednez, l\u00edder de Asuntos Externos y Sociales de Harbour Energy.<\/p>\n\n\n\n<p class=\"wp-block-paragraph\">En este encuentro participaron Julien Gras, director general de Perenco; Stephan Albrecht, vicepresidente de Ogarrio Harbour; Andr\u00e9s Mart\u00ednez Navarro, director comercial y de Negocios de ENI M\u00e9xico; Jorge Gustavo Miguel Milathianakis, director general de Repsol Exploraci\u00f3n M\u00e9xico, y Freire D\u00edaz Reyes, general manager de GSM-Bronco de Grupo Carso.<\/p>\n\n\n\n<p class=\"wp-block-paragraph\">Los especialistas coincidieron en que la <strong>coinversi\u00f3n, la transferencia tecnol\u00f3gica y la sostenibilidad<\/strong> son elementos fundamentales para fortalecer la competitividad y generar nuevas oportunidades de desarrollo en la regi\u00f3n.<\/p>\n\n\n\n<figure class=\"wp-block-image size-large\"><img loading=\"lazy\" decoding=\"async\" width=\"1024\" height=\"683\" src=\"https:\/\/reporterosdelsur.org\/diario\/wp-content\/uploads\/2026\/09\/SOS26-3-1-1024x683.jpeg\" alt=\"\" class=\"wp-image-58988\" srcset=\"https:\/\/reporterosdelsur.org\/diario\/wp-content\/uploads\/2026\/09\/SOS26-3-1-1024x683.jpeg 1024w, https:\/\/reporterosdelsur.org\/diario\/wp-content\/uploads\/2026\/09\/SOS26-3-1-300x200.jpeg 300w, https:\/\/reporterosdelsur.org\/diario\/wp-content\/uploads\/2026\/09\/SOS26-3-1-768x512.jpeg 768w, https:\/\/reporterosdelsur.org\/diario\/wp-content\/uploads\/2026\/09\/SOS26-3-1-1200x800.jpeg 1200w, https:\/\/reporterosdelsur.org\/diario\/wp-content\/uploads\/2026\/09\/SOS26-3-1-465x310.jpeg 465w, https:\/\/reporterosdelsur.org\/diario\/wp-content\/uploads\/2026\/09\/SOS26-3-1-695x464.jpeg 695w, https:\/\/reporterosdelsur.org\/diario\/wp-content\/uploads\/2026\/09\/SOS26-3-1.jpeg 1280w\" sizes=\"auto, (max-width: 1024px) 100vw, 1024px\" \/><\/figure>\n\n\n\n<h3 class=\"wp-block-heading\">Cambio clim\u00e1tico y gas natural<\/h3>\n\n\n\n<p class=\"wp-block-paragraph\">Durante la tarde se desarroll\u00f3 el panel <strong>\u201cEmergencia clim\u00e1tica\u201d<\/strong>, con la participaci\u00f3n de Sina\u00ed Casillas Cano, subsecretario de Pol\u00edtica Ambiental y Energ\u00edas Renovables de Oaxaca, y la doctora Lilia Mar\u00eda Gama Campillo, profesora e investigadora de la Universidad Ju\u00e1rez Aut\u00f3noma de Tabasco (UJAT), bajo la moderaci\u00f3n del doctor Rodimiro Ramos Reyes, secretario acad\u00e9mico de la Universidad Popular de la Chontalpa (UPCH).<\/p>\n\n\n\n<p class=\"wp-block-paragraph\">Los participantes destacaron la necesidad de fortalecer la coordinaci\u00f3n entre instituciones y gobiernos para enfrentar los efectos del cambio clim\u00e1tico, particularmente en el sureste mexicano.<\/p>\n\n\n\n<p class=\"wp-block-paragraph\">Asimismo, especialistas analizaron el papel del gas natural durante el panel <strong>\u201cExperiencia y perspectiva en el sector del gas natural\u201d<\/strong>, donde Fluvio C\u00e9sar Ruiz Alarc\u00f3n, Santiago Villag\u00f3mez, Rafael Garc\u00eda C\u00f3rdova y \u00c1ngel Rossette Rodr\u00edguez intercambiaron puntos de vista sobre las oportunidades y desaf\u00edos de este energ\u00e9tico.<\/p>\n\n\n\n<p class=\"wp-block-paragraph\">Los expertos se\u00f1alaron el papel del gas natural como <strong>combustible de transici\u00f3n y factor estrat\u00e9gico para el desarrollo industrial<\/strong>, en un escenario marcado por la transformaci\u00f3n de los sistemas energ\u00e9ticos.<\/p>\n\n\n\n<figure class=\"wp-block-image size-large\"><img loading=\"lazy\" decoding=\"async\" width=\"1024\" height=\"682\" src=\"https:\/\/reporterosdelsur.org\/diario\/wp-content\/uploads\/2026\/09\/SOS26-2-1-1024x682.jpeg\" alt=\"\" class=\"wp-image-58989\" srcset=\"https:\/\/reporterosdelsur.org\/diario\/wp-content\/uploads\/2026\/09\/SOS26-2-1-1024x682.jpeg 1024w, https:\/\/reporterosdelsur.org\/diario\/wp-content\/uploads\/2026\/09\/SOS26-2-1-300x200.jpeg 300w, https:\/\/reporterosdelsur.org\/diario\/wp-content\/uploads\/2026\/09\/SOS26-2-1-768x512.jpeg 768w, https:\/\/reporterosdelsur.org\/diario\/wp-content\/uploads\/2026\/09\/SOS26-2-1-1200x800.jpeg 1200w, https:\/\/reporterosdelsur.org\/diario\/wp-content\/uploads\/2026\/09\/SOS26-2-1-465x310.jpeg 465w, https:\/\/reporterosdelsur.org\/diario\/wp-content\/uploads\/2026\/09\/SOS26-2-1-695x463.jpeg 695w, https:\/\/reporterosdelsur.org\/diario\/wp-content\/uploads\/2026\/09\/SOS26-2-1.jpeg 1280w\" sizes=\"auto, (max-width: 1024px) 100vw, 1024px\" \/><\/figure>\n\n\n\n<h3 class=\"wp-block-heading\">Innovaci\u00f3n tecnol\u00f3gica para una industria m\u00e1s sostenible<\/h3>\n\n\n\n<p class=\"wp-block-paragraph\">El cierre de la primera jornada estuvo a cargo de la doctora Elizabeth Mar Ju\u00e1rez, directora general del Instituto Mexicano del Petr\u00f3leo (IMP), quien ofreci\u00f3 la conferencia magistral <strong>\u201cInnovaci\u00f3n tecnol\u00f3gica en la industria petrolera\u201d<\/strong>.<\/p>\n\n\n\n<p class=\"wp-block-paragraph\">Durante su participaci\u00f3n, present\u00f3 avances y soluciones cient\u00edficas desarrolladas en M\u00e9xico para mejorar la eficiencia de los procesos de producci\u00f3n y refinaci\u00f3n, as\u00ed como para reducir su impacto ambiental.<\/p>\n\n\n\n<p class=\"wp-block-paragraph\">La Convenci\u00f3n Internacional de Sostenibilidad <strong>SOS26<\/strong> continuar\u00e1 este viernes 4 de septiembre a partir de las <strong>10:00 horas<\/strong>, con nuevas conferencias, paneles y espacios de networking enfocados en la transici\u00f3n energ\u00e9tica y la gesti\u00f3n integral del agua.<\/p>\n\n\n\n<p class=\"wp-block-paragraph\">El encuentro busca consolidarse como un espacio de intercambio entre autoridades, especialistas, empresas, instituciones educativas y sociedad civil para impulsar estrategias de desarrollo sostenible en Tabasco y el sureste mexicano.<\/p>\n","protected":false},"excerpt":{"rendered":"<p>Cerca de mil 500 asistentes participaron en la primera jornada del encuentro, que reuni\u00f3 a especialistas, acad\u00e9micos, estudiantes, autoridades y representantes del sector energ\u00e9tico y ambiental para analizar los retos de la sostenibilidad en M\u00e9xico. VILLAHERMOSA, TAB.- Con la participaci\u00f3n de cerca de mil 500 asistentes nacionales e internacionales, concluy\u00f3<span class=\"more-link theme-more-link\"><a href=\"https:\/\/reporterosdelsur.org\/diario\/2026\/09\/concluye-con-exito-primer-dia-de-la-convencion-internacional-de-sostenibilidad-sos26\/\">Leer Nota Complete<\/a><\/span><\/p>\n","protected":false},"author":2,"featured_media":58991,"comment_status":"open","ping_status":"open","sticky":false,"template":"","format":"standard","meta":{"footnotes":"","jetpack_publicize_message":"","jetpack_publicize_feature_enabled":true,"jetpack_social_post_already_shared":true,"jetpack_social_options":{"image_generator_settings":{"template":"highway","default_image_id":0,"font":"","enabled":false},"version":2}},"categories":[2],"tags":[736,418,177,714,38,640,333,2329],"class_list":["entry","author-guza0892gmail-com","post-58985","post","type-post","status-publish","format-standard","has-post-thumbnail","category-tabasco","tag-audiencia-publica","tag-gobierno-de-tabasco","tag-javier-may-rodriguez","tag-medio-ambiente","tag-noticias","tag-obras-sociales","tag-seguridad","tag-sos26"],"jetpack_publicize_connections":[],"featured_image_urls":{"full":["https:\/\/reporterosdelsur.org\/diario\/wp-content\/uploads\/2026\/09\/SOS26-1-1.jpeg",1280,854,false],"thumbnail":["https:\/\/reporterosdelsur.org\/diario\/wp-content\/uploads\/2026\/09\/SOS26-1-1-150x150.jpeg",150,150,true],"medium":["https:\/\/reporterosdelsur.org\/diario\/wp-content\/uploads\/2026\/09\/SOS26-1-1-300x200.jpeg",300,200,true],"medium_large":["https:\/\/reporterosdelsur.org\/diario\/wp-content\/uploads\/2026\/09\/SOS26-1-1-768x512.jpeg",768,512,true],"large":["https:\/\/reporterosdelsur.org\/diario\/wp-content\/uploads\/2026\/09\/SOS26-1-1-1024x683.jpeg",1024,683,true],"1536x1536":["https:\/\/reporterosdelsur.org\/diario\/wp-content\/uploads\/2026\/09\/SOS26-1-1.jpeg",1280,854,false],"2048x2048":["https:\/\/reporterosdelsur.org\/diario\/wp-content\/uploads\/2026\/09\/SOS26-1-1.jpeg",1280,854,false],"ultp_layout_landscape_large":["https:\/\/reporterosdelsur.org\/diario\/wp-content\/uploads\/2026\/09\/SOS26-1-1-1200x800.jpeg",1200,800,true],"ultp_layout_landscape":["https:\/\/reporterosdelsur.org\/diario\/wp-content\/uploads\/2026\/09\/SOS26-1-1-870x570.jpeg",870,570,true],"ultp_layout_portrait":["https:\/\/reporterosdelsur.org\/diario\/wp-content\/uploads\/2026\/09\/SOS26-1-1-600x854.jpeg",600,854,true],"ultp_layout_square":["https:\/\/reporterosdelsur.org\/diario\/wp-content\/uploads\/2026\/09\/SOS26-1-1-600x600.jpeg",600,600,true],"hoot-medium-thumb":["https:\/\/reporterosdelsur.org\/diario\/wp-content\/uploads\/2026\/09\/SOS26-1-1-460x400.jpeg",460,400,true],"hoot-preview":["https:\/\/reporterosdelsur.org\/diario\/wp-content\/uploads\/2026\/09\/SOS26-1-1-465x310.jpeg",465,310,true],"hoot-preview-thumb":["https:\/\/reporterosdelsur.org\/diario\/wp-content\/uploads\/2026\/09\/SOS26-1-1-465x550.jpeg",465,550,true],"hoot-large-thumb":["https:\/\/reporterosdelsur.org\/diario\/wp-content\/uploads\/2026\/09\/SOS26-1-1-690x550.jpeg",690,550,true],"hoot-preview-large":["https:\/\/reporterosdelsur.org\/diario\/wp-content\/uploads\/2026\/09\/SOS26-1-1-695x464.jpeg",695,464,true],"hoot-wide-thumb":["https:\/\/reporterosdelsur.org\/diario\/wp-content\/uploads\/2026\/09\/SOS26-1-1-920x425.jpeg",920,425,true],"hoot-extra-wide-thumb":["https:\/\/reporterosdelsur.org\/diario\/wp-content\/uploads\/2026\/09\/SOS26-1-1-1035x425.jpeg",1035,425,true]},"author_info":{"display_name":"Reporteros del Sur","author_link":"https:\/\/reporterosdelsur.org\/diario\/author\/guza0892gmail-com\/"},"category_info":"<a href=\"https:\/\/reporterosdelsur.org\/diario\/category\/tabasco\/\" rel=\"category tag\">Tabasco<\/a>","tag_info":"Tabasco","comment_count":"0","_links":{"self":[{"href":"https:\/\/reporterosdelsur.org\/diario\/wp-json\/wp\/v2\/posts\/58985","targetHints":{"allow":["GET"]}}],"collection":[{"href":"https:\/\/reporterosdelsur.org\/diario\/wp-json\/wp\/v2\/posts"}],"about":[{"href":"https:\/\/reporterosdelsur.org\/diario\/wp-json\/wp\/v2\/types\/post"}],"author":[{"embeddable":true,"href":"https:\/\/reporterosdelsur.org\/diario\/wp-json\/wp\/v2\/users\/2"}],"replies":[{"embeddable":true,"href":"https:\/\/reporterosdelsur.org\/diario\/wp-json\/wp\/v2\/comments?post=58985"}],"version-history":[{"count":1,"href":"https:\/\/reporterosdelsur.org\/diario\/wp-json\/wp\/v2\/posts\/58985\/revisions"}],"predecessor-version":[{"id":58990,"href":"https:\/\/reporterosdelsur.org\/diario\/wp-json\/wp\/v2\/posts\/58985\/revisions\/58990"}],"wp:featuredmedia":[{"embeddable":true,"href":"https:\/\/reporterosdelsur.org\/diario\/wp-json\/wp\/v2\/media\/58991"}],"wp:attachment":[{"href":"https:\/\/reporterosdelsur.org\/diario\/wp-json\/wp\/v2\/media?parent=58985"}],"wp:term":[{"taxonomy":"category","embeddable":true,"href":"https:\/\/reporterosdelsur.org\/diario\/wp-json\/wp\/v2\/categories?post=58985"},{"taxonomy":"post_tag","embeddable":true,"href":"https:\/\/reporterosdelsur.org\/diario\/wp-json\/wp\/v2\/tags?post=58985"}],"curies":[{"name":"wp","href":"https:\/\/api.w.org\/{rel}","templated":true}]}}