{"id":58979,"date":"2026-09-04T06:38:30","date_gmt":"2026-09-04T12:38:30","guid":{"rendered":"https:\/\/reporterosdelsur.org\/diario\/?p=58979"},"modified":"2026-09-04T06:38:33","modified_gmt":"2026-09-04T12:38:33","slug":"volkswagen-anuncia-recorte-de-50-mil-empleos-a-nivel-mundial-como-parte-de-su-plan-de-futuro-2030","status":"publish","type":"post","link":"https:\/\/reporterosdelsur.org\/diario\/2026\/09\/volkswagen-anuncia-recorte-de-50-mil-empleos-a-nivel-mundial-como-parte-de-su-plan-de-futuro-2030\/","title":{"rendered":"Volkswagen anuncia recorte de 50 mil empleos a nivel mundial como parte de su Plan de Futuro 2030"},"content":{"rendered":"\n<p class=\"wp-block-paragraph\"><strong>El gigante automotriz alem\u00e1n busca reducir costos y capacidad productiva ante la creciente competencia global, la transformaci\u00f3n tecnol\u00f3gica y la ca\u00edda del mercado europeo.<\/strong><\/p>\n\n\n\n<p class=\"wp-block-paragraph\"><strong>BERL\u00cdN.-<\/strong> El Grupo Volkswagen, propietario de marcas como Volkswagen, Audi, Porsche y Seat\/Cupra, anunci\u00f3 este jueves su denominado <strong>Plan de Futuro 2030<\/strong>, que contempla la eliminaci\u00f3n de <strong>50 mil puestos de trabajo a nivel mundial<\/strong> durante los pr\u00f3ximos a\u00f1os, como parte de una estrategia para reducir costos y enfrentar la transformaci\u00f3n de la industria automotriz.<\/p>\n\n\n\n<p class=\"wp-block-paragraph\">La compa\u00f1\u00eda justific\u00f3 el ajuste ante el incremento de la competencia internacional, los cambios en la demanda y la transformaci\u00f3n tecnol\u00f3gica del sector.<\/p>\n\n\n\n<p class=\"wp-block-paragraph\">\u201cResulta imprescindible adaptar de forma consecuente las capacidades de personal a la realidad econ\u00f3mica\u201d, se\u00f1al\u00f3 el conglomerado alem\u00e1n al presentar su nuevo plan.<\/p>\n\n\n\n<p class=\"wp-block-paragraph\">Volkswagen explic\u00f3 que actualmente existe una <strong>sobrecapacidad de producci\u00f3n de aproximadamente 500 mil veh\u00edculos en Europa<\/strong>, situaci\u00f3n que obliga a replantear su estructura industrial y la utilizaci\u00f3n de sus plantas.<\/p>\n\n\n\n<h3 class=\"wp-block-heading\">Reducir\u00e1n modelos y complejidad<\/h3>\n\n\n\n<p class=\"wp-block-paragraph\">Como parte del Plan de Futuro 2030, el grupo prev\u00e9 <strong>reducir aproximadamente a la mitad su gama de modelos para 2035<\/strong> y disminuir en 75 por ciento la complejidad de su oferta.<\/p>\n\n\n\n<p class=\"wp-block-paragraph\">La empresa tambi\u00e9n advirti\u00f3 que no puede garantizarse la continuidad, entre 2031 y 2034, de las plantas alemanas de <strong>Emden, Zwickau, Hannover y Neckarsulm<\/strong>, lo que mantiene la incertidumbre sobre el futuro de miles de trabajadores.<\/p>\n\n\n\n<p class=\"wp-block-paragraph\">Volkswagen asegur\u00f3 que las medidas pretenden sentar las bases para lograr un crecimiento sostenible a largo plazo en un contexto que calific\u00f3 como de transformaci\u00f3n sin precedentes para la industria automotriz y sus mercados.<\/p>\n\n\n\n<figure class=\"wp-block-image size-large\"><img loading=\"lazy\" decoding=\"async\" width=\"1024\" height=\"577\" src=\"https:\/\/reporterosdelsur.org\/diario\/wp-content\/uploads\/2026\/09\/Automovil-1024x577.jpg\" alt=\"\" class=\"wp-image-58980\" srcset=\"https:\/\/reporterosdelsur.org\/diario\/wp-content\/uploads\/2026\/09\/Automovil-1024x577.jpg 1024w, https:\/\/reporterosdelsur.org\/diario\/wp-content\/uploads\/2026\/09\/Automovil-300x169.jpg 300w, https:\/\/reporterosdelsur.org\/diario\/wp-content\/uploads\/2026\/09\/Automovil-768x433.jpg 768w, https:\/\/reporterosdelsur.org\/diario\/wp-content\/uploads\/2026\/09\/Automovil-465x262.jpg 465w, https:\/\/reporterosdelsur.org\/diario\/wp-content\/uploads\/2026\/09\/Automovil-695x392.jpg 695w, https:\/\/reporterosdelsur.org\/diario\/wp-content\/uploads\/2026\/09\/Automovil.jpg 1104w\" sizes=\"auto, (max-width: 1024px) 100vw, 1024px\" \/><\/figure>\n\n\n\n<p class=\"wp-block-paragraph\">El anuncio se produjo el mismo d\u00eda en que medios alemanes difundieron que el grupo analiza <strong>dejar de producir veh\u00edculos de la marca espa\u00f1ola Seat<\/strong>, como parte de su programa de reducci\u00f3n de costos y simplificaci\u00f3n de operaciones.<\/p>\n\n\n\n<h3 class=\"wp-block-heading\">Industria automotriz alemana, bajo presi\u00f3n<\/h3>\n\n\n\n<p class=\"wp-block-paragraph\">El ajuste de Volkswagen ocurre en medio de una fuerte crisis para la industria automotriz alemana, uno de los principales pilares de la econom\u00eda del pa\u00eds.<\/p>\n\n\n\n<p class=\"wp-block-paragraph\">Al cierre del primer semestre de 2026, el sector registraba <strong>42 mil 300 trabajadores menos<\/strong> que un a\u00f1o antes, lo que representa una disminuci\u00f3n de 5.8 por ciento.<\/p>\n\n\n\n<p class=\"wp-block-paragraph\">Se trata del mayor retroceso en t\u00e9rminos de empleo entre los principales sectores industriales de Alemania. Actualmente, la industria automotriz emplea alrededor de <strong>691 mil 500 personas<\/strong>, su nivel m\u00e1s bajo desde 2005.<\/p>\n\n\n\n<p class=\"wp-block-paragraph\">Entre los principales factores que han presionado al sector se encuentran el avance de los fabricantes chinos, la transformaci\u00f3n de la demanda hacia los veh\u00edculos el\u00e9ctricos y los elevados costos energ\u00e9ticos que enfrenta la industria europea.<\/p>\n\n\n\n<p class=\"wp-block-paragraph\">La combinaci\u00f3n de menor demanda, mayor competencia internacional y la necesidad de acelerar la transici\u00f3n tecnol\u00f3gica ha obligado a los grandes fabricantes alemanes a implementar programas de reducci\u00f3n de costos y reorganizaci\u00f3n de sus operaciones.<\/p>\n\n\n\n<p class=\"wp-block-paragraph\">Con el nuevo plan, Volkswagen busca adaptar su estructura productiva y laboral a las condiciones actuales del mercado, aunque las medidas anunciadas anticipan un fuerte impacto en el empleo y mantienen abierta la incertidumbre sobre el futuro de varias de sus plantas en Alemania.<\/p>\n","protected":false},"excerpt":{"rendered":"<p>El gigante automotriz alem\u00e1n busca reducir costos y capacidad productiva ante la creciente competencia global, la transformaci\u00f3n tecnol\u00f3gica y la ca\u00edda del mercado europeo. BERL\u00cdN.- El Grupo Volkswagen, propietario de marcas como Volkswagen, Audi, Porsche y Seat\/Cupra, anunci\u00f3 este jueves su denominado Plan de Futuro 2030, que contempla la eliminaci\u00f3n<span class=\"more-link theme-more-link\"><a href=\"https:\/\/reporterosdelsur.org\/diario\/2026\/09\/volkswagen-anuncia-recorte-de-50-mil-empleos-a-nivel-mundial-como-parte-de-su-plan-de-futuro-2030\/\">Leer Nota Complete<\/a><\/span><\/p>\n","protected":false},"author":1,"featured_media":58980,"comment_status":"open","ping_status":"open","sticky":false,"template":"","format":"standard","meta":{"footnotes":"","jetpack_publicize_message":"","jetpack_publicize_feature_enabled":true,"jetpack_social_post_already_shared":true,"jetpack_social_options":{"image_generator_settings":{"template":"highway","default_image_id":0,"font":"","enabled":false},"version":2}},"categories":[4],"tags":[480,1346,146,481,101,1077,1114,1156,1358,1143,1213,1378,1402,71,38,32,666,333],"class_list":["entry","author-admin","post-58979","post","type-post","status-publish","format-standard","has-post-thumbnail","category-mundo","tag-economia","tag-energeticos","tag-eu","tag-finanzas","tag-gas","tag-gobiernos","tag-guerras","tag-internacionales","tag-irak","tag-iran","tag-israel","tag-libano","tag-medio-oriente","tag-mundo","tag-noticias","tag-petroleo","tag-politica-2","tag-seguridad"],"jetpack_publicize_connections":[],"featured_image_urls":{"full":["https:\/\/reporterosdelsur.org\/diario\/wp-content\/uploads\/2026\/09\/Automovil.jpg",1104,622,false],"thumbnail":["https:\/\/reporterosdelsur.org\/diario\/wp-content\/uploads\/2026\/09\/Automovil-150x150.jpg",150,150,true],"medium":["https:\/\/reporterosdelsur.org\/diario\/wp-content\/uploads\/2026\/09\/Automovil-300x169.jpg",300,169,true],"medium_large":["https:\/\/reporterosdelsur.org\/diario\/wp-content\/uploads\/2026\/09\/Automovil-768x433.jpg",768,433,true],"large":["https:\/\/reporterosdelsur.org\/diario\/wp-content\/uploads\/2026\/09\/Automovil-1024x577.jpg",1024,577,true],"1536x1536":["https:\/\/reporterosdelsur.org\/diario\/wp-content\/uploads\/2026\/09\/Automovil.jpg",1104,622,false],"2048x2048":["https:\/\/reporterosdelsur.org\/diario\/wp-content\/uploads\/2026\/09\/Automovil.jpg",1104,622,false],"ultp_layout_landscape_large":["https:\/\/reporterosdelsur.org\/diario\/wp-content\/uploads\/2026\/09\/Automovil.jpg",1104,622,false],"ultp_layout_landscape":["https:\/\/reporterosdelsur.org\/diario\/wp-content\/uploads\/2026\/09\/Automovil-870x570.jpg",870,570,true],"ultp_layout_portrait":["https:\/\/reporterosdelsur.org\/diario\/wp-content\/uploads\/2026\/09\/Automovil-600x622.jpg",600,622,true],"ultp_layout_square":["https:\/\/reporterosdelsur.org\/diario\/wp-content\/uploads\/2026\/09\/Automovil-600x600.jpg",600,600,true],"hoot-medium-thumb":["https:\/\/reporterosdelsur.org\/diario\/wp-content\/uploads\/2026\/09\/Automovil-460x400.jpg",460,400,true],"hoot-preview":["https:\/\/reporterosdelsur.org\/diario\/wp-content\/uploads\/2026\/09\/Automovil-465x262.jpg",465,262,true],"hoot-preview-thumb":["https:\/\/reporterosdelsur.org\/diario\/wp-content\/uploads\/2026\/09\/Automovil-465x550.jpg",465,550,true],"hoot-large-thumb":["https:\/\/reporterosdelsur.org\/diario\/wp-content\/uploads\/2026\/09\/Automovil-690x550.jpg",690,550,true],"hoot-preview-large":["https:\/\/reporterosdelsur.org\/diario\/wp-content\/uploads\/2026\/09\/Automovil-695x392.jpg",695,392,true],"hoot-wide-thumb":["https:\/\/reporterosdelsur.org\/diario\/wp-content\/uploads\/2026\/09\/Automovil-920x425.jpg",920,425,true],"hoot-extra-wide-thumb":["https:\/\/reporterosdelsur.org\/diario\/wp-content\/uploads\/2026\/09\/Automovil-1035x425.jpg",1035,425,true]},"author_info":{"display_name":"Reporteros del Sur","author_link":"https:\/\/reporterosdelsur.org\/diario\/author\/admin\/"},"category_info":"<a href=\"https:\/\/reporterosdelsur.org\/diario\/category\/mundo\/\" rel=\"category tag\">Mundo<\/a>","tag_info":"Mundo","comment_count":"0","_links":{"self":[{"href":"https:\/\/reporterosdelsur.org\/diario\/wp-json\/wp\/v2\/posts\/58979","targetHints":{"allow":["GET"]}}],"collection":[{"href":"https:\/\/reporterosdelsur.org\/diario\/wp-json\/wp\/v2\/posts"}],"about":[{"href":"https:\/\/reporterosdelsur.org\/diario\/wp-json\/wp\/v2\/types\/post"}],"author":[{"embeddable":true,"href":"https:\/\/reporterosdelsur.org\/diario\/wp-json\/wp\/v2\/users\/1"}],"replies":[{"embeddable":true,"href":"https:\/\/reporterosdelsur.org\/diario\/wp-json\/wp\/v2\/comments?post=58979"}],"version-history":[{"count":1,"href":"https:\/\/reporterosdelsur.org\/diario\/wp-json\/wp\/v2\/posts\/58979\/revisions"}],"predecessor-version":[{"id":58981,"href":"https:\/\/reporterosdelsur.org\/diario\/wp-json\/wp\/v2\/posts\/58979\/revisions\/58981"}],"wp:featuredmedia":[{"embeddable":true,"href":"https:\/\/reporterosdelsur.org\/diario\/wp-json\/wp\/v2\/media\/58980"}],"wp:attachment":[{"href":"https:\/\/reporterosdelsur.org\/diario\/wp-json\/wp\/v2\/media?parent=58979"}],"wp:term":[{"taxonomy":"category","embeddable":true,"href":"https:\/\/reporterosdelsur.org\/diario\/wp-json\/wp\/v2\/categories?post=58979"},{"taxonomy":"post_tag","embeddable":true,"href":"https:\/\/reporterosdelsur.org\/diario\/wp-json\/wp\/v2\/tags?post=58979"}],"curies":[{"name":"wp","href":"https:\/\/api.w.org\/{rel}","templated":true}]}}