{"id":58976,"date":"2026-09-04T06:33:17","date_gmt":"2026-09-04T12:33:17","guid":{"rendered":"https:\/\/reporterosdelsur.org\/diario\/?p=58976"},"modified":"2026-09-04T06:33:21","modified_gmt":"2026-09-04T12:33:21","slug":"mexico-alcanza-record-de-exportaciones-a-eu-y-registra-superavit-de-26-mil-310-mdd","status":"publish","type":"post","link":"https:\/\/reporterosdelsur.org\/diario\/2026\/09\/mexico-alcanza-record-de-exportaciones-a-eu-y-registra-superavit-de-26-mil-310-mdd\/","title":{"rendered":"M\u00e9xico alcanza r\u00e9cord de exportaciones a EU y registra super\u00e1vit de 26 mil 310 mdd"},"content":{"rendered":"\n<p class=\"wp-block-paragraph\"><strong>En julio, M\u00e9xico se consolid\u00f3 como el principal socio comercial de Estados Unidos y super\u00f3 a Vietnam, Taiw\u00e1n y China en el saldo favorable de su balanza comercial con ese pa\u00eds.<\/strong><\/p>\n\n\n\n<p class=\"wp-block-paragraph\"><strong>CDMX.-<\/strong> M\u00e9xico registr\u00f3 en julio el <strong>mayor super\u00e1vit comercial de mercanc\u00edas con Estados Unidos entre los principales socios comerciales de ese pa\u00eds<\/strong>, al alcanzar 26 mil 310 millones de d\u00f3lares, inform\u00f3 este jueves la Oficina del Censo del Departamento de Comercio estadounidense.<\/p>\n\n\n\n<p class=\"wp-block-paragraph\">Durante el mismo mes, M\u00e9xico se mantuvo como el <strong>principal socio comercial de Estados Unidos<\/strong> y alcanz\u00f3 un nuevo m\u00e1ximo hist\u00f3rico en sus exportaciones hacia ese mercado.<\/p>\n\n\n\n<p class=\"wp-block-paragraph\">De acuerdo con el informe mensual, las exportaciones mexicanas a Estados Unidos sumaron <strong>60 mil 550 millones de d\u00f3lares<\/strong>, cifra r\u00e9cord que represent\u00f3 un incremento interanual de <strong>33.6 por ciento<\/strong>.<\/p>\n\n\n\n<p class=\"wp-block-paragraph\">En contraste, las importaciones provenientes de Estados Unidos alcanzaron <strong>34 mil 240 millones de d\u00f3lares<\/strong>, un aumento de 18.3 por ciento respecto al mismo periodo del a\u00f1o anterior.<\/p>\n\n\n\n<p class=\"wp-block-paragraph\">La diferencia entre ambos flujos comerciales permiti\u00f3 a M\u00e9xico obtener un saldo favorable de 26 mil 310 millones de d\u00f3lares.<\/p>\n\n\n\n<figure class=\"wp-block-image size-large\"><img loading=\"lazy\" decoding=\"async\" width=\"1024\" height=\"684\" src=\"https:\/\/reporterosdelsur.org\/diario\/wp-content\/uploads\/2026\/09\/Economia-1024x684.jpg\" alt=\"\" class=\"wp-image-58977\" srcset=\"https:\/\/reporterosdelsur.org\/diario\/wp-content\/uploads\/2026\/09\/Economia-1024x684.jpg 1024w, https:\/\/reporterosdelsur.org\/diario\/wp-content\/uploads\/2026\/09\/Economia-300x200.jpg 300w, https:\/\/reporterosdelsur.org\/diario\/wp-content\/uploads\/2026\/09\/Economia-768x513.jpg 768w, https:\/\/reporterosdelsur.org\/diario\/wp-content\/uploads\/2026\/09\/Economia-465x310.jpg 465w, https:\/\/reporterosdelsur.org\/diario\/wp-content\/uploads\/2026\/09\/Economia-695x464.jpg 695w, https:\/\/reporterosdelsur.org\/diario\/wp-content\/uploads\/2026\/09\/Economia.jpg 1200w\" sizes=\"auto, (max-width: 1024px) 100vw, 1024px\" \/><\/figure>\n\n\n\n<h3 class=\"wp-block-heading\">M\u00e9xico supera a Vietnam y China<\/h3>\n\n\n\n<p class=\"wp-block-paragraph\">Con este resultado, M\u00e9xico super\u00f3 a Vietnam, que registr\u00f3 en julio un super\u00e1vit comercial de <strong>24 mil 830 millones de d\u00f3lares<\/strong> frente a Estados Unidos.<\/p>\n\n\n\n<p class=\"wp-block-paragraph\">Taiw\u00e1n ocup\u00f3 el tercer lugar, con un saldo favorable de <strong>20 mil 666 millones de d\u00f3lares<\/strong>, mientras que China registr\u00f3 un super\u00e1vit de <strong>17 mil 361 millones de d\u00f3lares<\/strong>.<\/p>\n\n\n\n<p class=\"wp-block-paragraph\">Las exportaciones de estos pa\u00edses hacia el mercado estadounidense fueron considerablemente inferiores a las mexicanas. China realiz\u00f3 ventas por 9 mil 710 millones de d\u00f3lares, Taiw\u00e1n por 5 mil 001 millones y Vietnam apenas por mil 589 millones de d\u00f3lares, seg\u00fan los datos difundidos por la Oficina del Censo.<\/p>\n\n\n\n<p class=\"wp-block-paragraph\">El desempe\u00f1o de M\u00e9xico ocurre mientras Estados Unidos, M\u00e9xico y Canad\u00e1 atraviesan el proceso de revisi\u00f3n del <strong>Tratado entre M\u00e9xico, Estados Unidos y Canad\u00e1 (T-MEC)<\/strong>.<\/p>\n\n\n\n<p class=\"wp-block-paragraph\">Washington decidi\u00f3 no renovar autom\u00e1ticamente el acuerdo en su forma vigente y el instrumento entr\u00f3 en un esquema de revisiones anuales que se extender\u00e1 hasta 2036. No obstante, el tratado contin\u00faa vigente y M\u00e9xico mantiene los beneficios derivados del acuerdo comercial.<\/p>\n\n\n\n<h3 class=\"wp-block-heading\">El d\u00e9ficit con M\u00e9xico, tema de presi\u00f3n para Trump<\/h3>\n\n\n\n<p class=\"wp-block-paragraph\">El creciente super\u00e1vit mexicano se presenta adem\u00e1s en un contexto de cr\u00edticas recurrentes del presidente estadounidense, Donald Trump, hacia el d\u00e9ficit comercial que Estados Unidos mantiene con M\u00e9xico.<\/p>\n\n\n\n<p class=\"wp-block-paragraph\">El mandatario ha utilizado este desequilibrio como uno de los argumentos para impulsar cambios en las relaciones comerciales y exigir mayores condiciones a sus socios.<\/p>\n\n\n\n<p class=\"wp-block-paragraph\">El r\u00e9cord registrado en julio coloca nuevamente a M\u00e9xico en el centro de la relaci\u00f3n comercial de Estados Unidos y evidencia la creciente integraci\u00f3n de las cadenas productivas entre ambos pa\u00edses, particularmente en sectores manufactureros y de exportaci\u00f3n.<\/p>\n","protected":false},"excerpt":{"rendered":"<p>En julio, M\u00e9xico se consolid\u00f3 como el principal socio comercial de Estados Unidos y super\u00f3 a Vietnam, Taiw\u00e1n y China en el saldo favorable de su balanza comercial con ese pa\u00eds. CDMX.- M\u00e9xico registr\u00f3 en julio el mayor super\u00e1vit comercial de mercanc\u00edas con Estados Unidos entre los principales socios comerciales<span class=\"more-link theme-more-link\"><a href=\"https:\/\/reporterosdelsur.org\/diario\/2026\/09\/mexico-alcanza-record-de-exportaciones-a-eu-y-registra-superavit-de-26-mil-310-mdd\/\">Leer Nota Complete<\/a><\/span><\/p>\n","protected":false},"author":1,"featured_media":58977,"comment_status":"open","ping_status":"open","sticky":false,"template":"","format":"standard","meta":{"footnotes":"","jetpack_publicize_message":"","jetpack_publicize_feature_enabled":true,"jetpack_social_post_already_shared":true,"jetpack_social_options":{"image_generator_settings":{"template":"highway","default_image_id":0,"font":"","enabled":false},"version":2}},"categories":[3],"tags":[1381,480,481,2175,1156,1210,38,564,333,470,446],"class_list":["entry","author-admin","post-58976","post","type-post","status-publish","format-standard","has-post-thumbnail","category-mexico","tag-claudia-sheinbaum-pardo","tag-economia","tag-finanzas","tag-gobierno-de-mexico","tag-internacionales","tag-nacionales","tag-noticias","tag-programas-sociales","tag-seguridad","tag-turismo","tag-viviendas"],"jetpack_publicize_connections":[],"featured_image_urls":{"full":["https:\/\/reporterosdelsur.org\/diario\/wp-content\/uploads\/2026\/09\/Economia.jpg",1200,801,false],"thumbnail":["https:\/\/reporterosdelsur.org\/diario\/wp-content\/uploads\/2026\/09\/Economia-150x150.jpg",150,150,true],"medium":["https:\/\/reporterosdelsur.org\/diario\/wp-content\/uploads\/2026\/09\/Economia-300x200.jpg",300,200,true],"medium_large":["https:\/\/reporterosdelsur.org\/diario\/wp-content\/uploads\/2026\/09\/Economia-768x513.jpg",768,513,true],"large":["https:\/\/reporterosdelsur.org\/diario\/wp-content\/uploads\/2026\/09\/Economia-1024x684.jpg",1024,684,true],"1536x1536":["https:\/\/reporterosdelsur.org\/diario\/wp-content\/uploads\/2026\/09\/Economia.jpg",1200,801,false],"2048x2048":["https:\/\/reporterosdelsur.org\/diario\/wp-content\/uploads\/2026\/09\/Economia.jpg",1200,801,false],"ultp_layout_landscape_large":["https:\/\/reporterosdelsur.org\/diario\/wp-content\/uploads\/2026\/09\/Economia.jpg",1199,800,false],"ultp_layout_landscape":["https:\/\/reporterosdelsur.org\/diario\/wp-content\/uploads\/2026\/09\/Economia-870x570.jpg",870,570,true],"ultp_layout_portrait":["https:\/\/reporterosdelsur.org\/diario\/wp-content\/uploads\/2026\/09\/Economia-600x801.jpg",600,801,true],"ultp_layout_square":["https:\/\/reporterosdelsur.org\/diario\/wp-content\/uploads\/2026\/09\/Economia-600x600.jpg",600,600,true],"hoot-medium-thumb":["https:\/\/reporterosdelsur.org\/diario\/wp-content\/uploads\/2026\/09\/Economia-460x400.jpg",460,400,true],"hoot-preview":["https:\/\/reporterosdelsur.org\/diario\/wp-content\/uploads\/2026\/09\/Economia-465x310.jpg",465,310,true],"hoot-preview-thumb":["https:\/\/reporterosdelsur.org\/diario\/wp-content\/uploads\/2026\/09\/Economia-465x550.jpg",465,550,true],"hoot-large-thumb":["https:\/\/reporterosdelsur.org\/diario\/wp-content\/uploads\/2026\/09\/Economia-690x550.jpg",690,550,true],"hoot-preview-large":["https:\/\/reporterosdelsur.org\/diario\/wp-content\/uploads\/2026\/09\/Economia-695x464.jpg",695,464,true],"hoot-wide-thumb":["https:\/\/reporterosdelsur.org\/diario\/wp-content\/uploads\/2026\/09\/Economia-920x425.jpg",920,425,true],"hoot-extra-wide-thumb":["https:\/\/reporterosdelsur.org\/diario\/wp-content\/uploads\/2026\/09\/Economia-1035x425.jpg",1035,425,true]},"author_info":{"display_name":"Reporteros del Sur","author_link":"https:\/\/reporterosdelsur.org\/diario\/author\/admin\/"},"category_info":"<a href=\"https:\/\/reporterosdelsur.org\/diario\/category\/mexico\/\" rel=\"category tag\">M\u00e9xico<\/a>","tag_info":"M\u00e9xico","comment_count":"0","_links":{"self":[{"href":"https:\/\/reporterosdelsur.org\/diario\/wp-json\/wp\/v2\/posts\/58976","targetHints":{"allow":["GET"]}}],"collection":[{"href":"https:\/\/reporterosdelsur.org\/diario\/wp-json\/wp\/v2\/posts"}],"about":[{"href":"https:\/\/reporterosdelsur.org\/diario\/wp-json\/wp\/v2\/types\/post"}],"author":[{"embeddable":true,"href":"https:\/\/reporterosdelsur.org\/diario\/wp-json\/wp\/v2\/users\/1"}],"replies":[{"embeddable":true,"href":"https:\/\/reporterosdelsur.org\/diario\/wp-json\/wp\/v2\/comments?post=58976"}],"version-history":[{"count":1,"href":"https:\/\/reporterosdelsur.org\/diario\/wp-json\/wp\/v2\/posts\/58976\/revisions"}],"predecessor-version":[{"id":58978,"href":"https:\/\/reporterosdelsur.org\/diario\/wp-json\/wp\/v2\/posts\/58976\/revisions\/58978"}],"wp:featuredmedia":[{"embeddable":true,"href":"https:\/\/reporterosdelsur.org\/diario\/wp-json\/wp\/v2\/media\/58977"}],"wp:attachment":[{"href":"https:\/\/reporterosdelsur.org\/diario\/wp-json\/wp\/v2\/media?parent=58976"}],"wp:term":[{"taxonomy":"category","embeddable":true,"href":"https:\/\/reporterosdelsur.org\/diario\/wp-json\/wp\/v2\/categories?post=58976"},{"taxonomy":"post_tag","embeddable":true,"href":"https:\/\/reporterosdelsur.org\/diario\/wp-json\/wp\/v2\/tags?post=58976"}],"curies":[{"name":"wp","href":"https:\/\/api.w.org\/{rel}","templated":true}]}}