{"id":58970,"date":"2026-09-04T06:22:39","date_gmt":"2026-09-04T12:22:39","guid":{"rendered":"https:\/\/reporterosdelsur.org\/diario\/?p=58970"},"modified":"2026-09-04T06:22:42","modified_gmt":"2026-09-04T12:22:42","slug":"niegan-acuerdo-para-aumentar-ieps-a-cerveza-y-alimentos-con-alto-contenido-de-sodio","status":"publish","type":"post","link":"https:\/\/reporterosdelsur.org\/diario\/2026\/09\/niegan-acuerdo-para-aumentar-ieps-a-cerveza-y-alimentos-con-alto-contenido-de-sodio\/","title":{"rendered":"Niegan acuerdo para aumentar IEPS a cerveza y alimentos con alto contenido de sodio"},"content":{"rendered":"\n<p class=\"wp-block-paragraph\"><strong>La Comisi\u00f3n de Hacienda de la C\u00e1mara de Diputados aclar\u00f3 que los incrementos al IEPS forman parte \u00fanicamente de propuestas analizadas en grupos de trabajo y que no existe una decisi\u00f3n tomada ni una iniciativa formal del Ejecutivo.<\/strong><\/p>\n\n\n\n<p class=\"wp-block-paragraph\"><strong>CDMX.-<\/strong> La Comisi\u00f3n de Hacienda de la C\u00e1mara de Diputados aclar\u00f3 que, hasta el momento, <strong>no existe ning\u00fan acuerdo para aumentar el Impuesto Especial sobre Producci\u00f3n y Servicios (IEPS) a la cerveza ni para aplicar nuevos grav\u00e1menes a alimentos con alto contenido de sodio<\/strong>, luego de las reacciones generadas por la posibilidad de modificar estos impuestos.<\/p>\n\n\n\n<p class=\"wp-block-paragraph\">El presidente de la comisi\u00f3n, el diputado de Morena Carol Antonio Altamirano, explic\u00f3 que durante los \u00faltimos meses se conformaron grupos de trabajo en los que participaron representantes de sectores econ\u00f3micos, autoridades, especialistas, productores y organizaciones de la sociedad civil, con el objetivo de analizar propuestas relacionadas con la pol\u00edtica fiscal y hacendaria del pa\u00eds.<\/p>\n\n\n\n<p class=\"wp-block-paragraph\">Precis\u00f3 que este mi\u00e9rcoles fueron presentadas las relator\u00edas y conclusiones de dichos grupos, en las que se recopilaron las opiniones y planteamientos de los participantes, entre ellos propuestas relacionadas con posibles modificaciones al IEPS.<\/p>\n\n\n\n<p class=\"wp-block-paragraph\">Sin embargo, el legislador subray\u00f3 que <strong>estas propuestas no representan una decisi\u00f3n legislativa<\/strong>.<\/p>\n\n\n\n<p class=\"wp-block-paragraph\">Antonio Altamirano record\u00f3 que corresponde exclusivamente al Ejecutivo Federal presentar la iniciativa de Ley de Ingresos de la Federaci\u00f3n y que el paquete econ\u00f3mico ser\u00e1 entregado a la C\u00e1mara de Diputados el pr\u00f3ximo <strong>8 de septiembre<\/strong>.<\/p>\n\n\n\n<figure class=\"wp-block-image size-full\"><img loading=\"lazy\" decoding=\"async\" width=\"960\" height=\"540\" src=\"https:\/\/reporterosdelsur.org\/diario\/wp-content\/uploads\/2026\/09\/Sodio.jpg\" alt=\"\" class=\"wp-image-58971\" srcset=\"https:\/\/reporterosdelsur.org\/diario\/wp-content\/uploads\/2026\/09\/Sodio.jpg 960w, https:\/\/reporterosdelsur.org\/diario\/wp-content\/uploads\/2026\/09\/Sodio-300x169.jpg 300w, https:\/\/reporterosdelsur.org\/diario\/wp-content\/uploads\/2026\/09\/Sodio-768x432.jpg 768w, https:\/\/reporterosdelsur.org\/diario\/wp-content\/uploads\/2026\/09\/Sodio-465x262.jpg 465w, https:\/\/reporterosdelsur.org\/diario\/wp-content\/uploads\/2026\/09\/Sodio-695x391.jpg 695w\" sizes=\"auto, (max-width: 960px) 100vw, 960px\" \/><\/figure>\n\n\n\n<p class=\"wp-block-paragraph\">A partir de entonces, se\u00f1al\u00f3, la Comisi\u00f3n de Hacienda iniciar\u00e1 un an\u00e1lisis abierto, plural y t\u00e9cnicamente sustentado de las propuestas contenidas en el paquete econ\u00f3mico.<\/p>\n\n\n\n<p class=\"wp-block-paragraph\">\u201cLa C\u00e1mara de Diputados analizar\u00e1, discutir\u00e1 y, en su caso, realizar\u00e1 las modificaciones que considere pertinentes\u201d, sostuvo el legislador, quien insisti\u00f3 en que <strong>hasta este momento no existe acuerdo alguno para modificar los impuestos relacionados con bebidas alcoh\u00f3licas o alimentos con alto contenido de sodio<\/strong>.<\/p>\n\n\n\n<h3 class=\"wp-block-heading\">Morena pide esperar el paquete econ\u00f3mico<\/h3>\n\n\n\n<p class=\"wp-block-paragraph\">Por separado, el coordinador de Morena en la C\u00e1mara de Diputados, Ricardo Monreal, coincidi\u00f3 en que actualmente no existe una iniciativa del Ejecutivo Federal para incrementar impuestos en esos productos.<\/p>\n\n\n\n<p class=\"wp-block-paragraph\">El legislador llam\u00f3 a no adelantarse a la discusi\u00f3n y esperar a conocer formalmente el contenido del paquete econ\u00f3mico que enviar\u00e1 la presidenta Claudia Sheinbaum.<\/p>\n\n\n\n<p class=\"wp-block-paragraph\">Monreal se pronunci\u00f3 por mantener una pol\u00edtica fiscal responsable que permita fortalecer los ingresos p\u00fablicos, pero sin afectar de manera desproporcionada la econom\u00eda de las familias mexicanas.<\/p>\n\n\n\n<p class=\"wp-block-paragraph\">\u201cNo nos adelantemos, no generemos ninguna noticia que nos acelere desencuentros\u201d, pidi\u00f3 el coordinador morenista, al asegurar que habr\u00e1 di\u00e1logo con los distintos sectores econ\u00f3micos antes de que las comisiones correspondientes dictaminen las modificaciones fiscales.<\/p>\n\n\n\n<p class=\"wp-block-paragraph\">Tambi\u00e9n afirm\u00f3 que, hasta el momento, no conoce formalmente ninguna intenci\u00f3n de aumentar o crear nuevos impuestos.<\/p>\n\n\n\n<p class=\"wp-block-paragraph\">\u201cA m\u00ed en lo personal no me gustar\u00eda que hubiese nuevos impuestos. En lo personal no me gustar\u00eda que se afectara la bolsa, el bolsillo de los mexicanos\u201d, expres\u00f3.<\/p>\n\n\n\n<h3 class=\"wp-block-heading\">Propuestas, no decisiones<\/h3>\n\n\n\n<p class=\"wp-block-paragraph\">El vicecoordinador de Morena, Alfonso Ram\u00edrez Cu\u00e9llar, reconoci\u00f3 que el aumento del IEPS a la cerveza y la posibilidad de gravar alimentos con exceso de sodio aparecen entre las conclusiones de los grupos de trabajo.<\/p>\n\n\n\n<p class=\"wp-block-paragraph\">No obstante, aclar\u00f3 que <strong>no se trata de una decisi\u00f3n tomada ni existe certeza de que estas medidas formen parte del paquete econ\u00f3mico que ser\u00e1 entregado a la C\u00e1mara de Diputados<\/strong>.<\/p>\n\n\n\n<p class=\"wp-block-paragraph\">De esta manera, cualquier eventual modificaci\u00f3n al IEPS deber\u00e1 esperar a la presentaci\u00f3n del paquete econ\u00f3mico y al posterior an\u00e1lisis, discusi\u00f3n y, en su caso, aprobaci\u00f3n de los legisladores.<\/p>\n","protected":false},"excerpt":{"rendered":"<p>La Comisi\u00f3n de Hacienda de la C\u00e1mara de Diputados aclar\u00f3 que los incrementos al IEPS forman parte \u00fanicamente de propuestas analizadas en grupos de trabajo y que no existe una decisi\u00f3n tomada ni una iniciativa formal del Ejecutivo. CDMX.- La Comisi\u00f3n de Hacienda de la C\u00e1mara de Diputados aclar\u00f3 que,<span class=\"more-link theme-more-link\"><a href=\"https:\/\/reporterosdelsur.org\/diario\/2026\/09\/niegan-acuerdo-para-aumentar-ieps-a-cerveza-y-alimentos-con-alto-contenido-de-sodio\/\">Leer Nota Complete<\/a><\/span><\/p>\n","protected":false},"author":1,"featured_media":58971,"comment_status":"open","ping_status":"open","sticky":false,"template":"","format":"standard","meta":{"footnotes":"","jetpack_publicize_message":"","jetpack_publicize_feature_enabled":true,"jetpack_social_post_already_shared":true,"jetpack_social_options":{"image_generator_settings":{"template":"highway","default_image_id":0,"font":"","enabled":false},"version":2}},"categories":[3],"tags":[480,481,2175,1156,1210,38,564,333,470,446],"class_list":["entry","author-admin","post-58970","post","type-post","status-publish","format-standard","has-post-thumbnail","category-mexico","tag-economia","tag-finanzas","tag-gobierno-de-mexico","tag-internacionales","tag-nacionales","tag-noticias","tag-programas-sociales","tag-seguridad","tag-turismo","tag-viviendas"],"jetpack_publicize_connections":[],"featured_image_urls":{"full":["https:\/\/reporterosdelsur.org\/diario\/wp-content\/uploads\/2026\/09\/Sodio.jpg",960,540,false],"thumbnail":["https:\/\/reporterosdelsur.org\/diario\/wp-content\/uploads\/2026\/09\/Sodio-150x150.jpg",150,150,true],"medium":["https:\/\/reporterosdelsur.org\/diario\/wp-content\/uploads\/2026\/09\/Sodio-300x169.jpg",300,169,true],"medium_large":["https:\/\/reporterosdelsur.org\/diario\/wp-content\/uploads\/2026\/09\/Sodio-768x432.jpg",768,432,true],"large":["https:\/\/reporterosdelsur.org\/diario\/wp-content\/uploads\/2026\/09\/Sodio.jpg",960,540,false],"1536x1536":["https:\/\/reporterosdelsur.org\/diario\/wp-content\/uploads\/2026\/09\/Sodio.jpg",960,540,false],"2048x2048":["https:\/\/reporterosdelsur.org\/diario\/wp-content\/uploads\/2026\/09\/Sodio.jpg",960,540,false],"ultp_layout_landscape_large":["https:\/\/reporterosdelsur.org\/diario\/wp-content\/uploads\/2026\/09\/Sodio.jpg",960,540,false],"ultp_layout_landscape":["https:\/\/reporterosdelsur.org\/diario\/wp-content\/uploads\/2026\/09\/Sodio-870x540.jpg",870,540,true],"ultp_layout_portrait":["https:\/\/reporterosdelsur.org\/diario\/wp-content\/uploads\/2026\/09\/Sodio-600x540.jpg",600,540,true],"ultp_layout_square":["https:\/\/reporterosdelsur.org\/diario\/wp-content\/uploads\/2026\/09\/Sodio-600x540.jpg",600,540,true],"hoot-medium-thumb":["https:\/\/reporterosdelsur.org\/diario\/wp-content\/uploads\/2026\/09\/Sodio-460x400.jpg",460,400,true],"hoot-preview":["https:\/\/reporterosdelsur.org\/diario\/wp-content\/uploads\/2026\/09\/Sodio-465x262.jpg",465,262,true],"hoot-preview-thumb":["https:\/\/reporterosdelsur.org\/diario\/wp-content\/uploads\/2026\/09\/Sodio-465x540.jpg",465,540,true],"hoot-large-thumb":["https:\/\/reporterosdelsur.org\/diario\/wp-content\/uploads\/2026\/09\/Sodio-690x540.jpg",690,540,true],"hoot-preview-large":["https:\/\/reporterosdelsur.org\/diario\/wp-content\/uploads\/2026\/09\/Sodio-695x391.jpg",695,391,true],"hoot-wide-thumb":["https:\/\/reporterosdelsur.org\/diario\/wp-content\/uploads\/2026\/09\/Sodio-920x425.jpg",920,425,true],"hoot-extra-wide-thumb":["https:\/\/reporterosdelsur.org\/diario\/wp-content\/uploads\/2026\/09\/Sodio-960x425.jpg",960,425,true]},"author_info":{"display_name":"Reporteros del Sur","author_link":"https:\/\/reporterosdelsur.org\/diario\/author\/admin\/"},"category_info":"<a href=\"https:\/\/reporterosdelsur.org\/diario\/category\/mexico\/\" rel=\"category tag\">M\u00e9xico<\/a>","tag_info":"M\u00e9xico","comment_count":"0","_links":{"self":[{"href":"https:\/\/reporterosdelsur.org\/diario\/wp-json\/wp\/v2\/posts\/58970","targetHints":{"allow":["GET"]}}],"collection":[{"href":"https:\/\/reporterosdelsur.org\/diario\/wp-json\/wp\/v2\/posts"}],"about":[{"href":"https:\/\/reporterosdelsur.org\/diario\/wp-json\/wp\/v2\/types\/post"}],"author":[{"embeddable":true,"href":"https:\/\/reporterosdelsur.org\/diario\/wp-json\/wp\/v2\/users\/1"}],"replies":[{"embeddable":true,"href":"https:\/\/reporterosdelsur.org\/diario\/wp-json\/wp\/v2\/comments?post=58970"}],"version-history":[{"count":1,"href":"https:\/\/reporterosdelsur.org\/diario\/wp-json\/wp\/v2\/posts\/58970\/revisions"}],"predecessor-version":[{"id":58972,"href":"https:\/\/reporterosdelsur.org\/diario\/wp-json\/wp\/v2\/posts\/58970\/revisions\/58972"}],"wp:featuredmedia":[{"embeddable":true,"href":"https:\/\/reporterosdelsur.org\/diario\/wp-json\/wp\/v2\/media\/58971"}],"wp:attachment":[{"href":"https:\/\/reporterosdelsur.org\/diario\/wp-json\/wp\/v2\/media?parent=58970"}],"wp:term":[{"taxonomy":"category","embeddable":true,"href":"https:\/\/reporterosdelsur.org\/diario\/wp-json\/wp\/v2\/categories?post=58970"},{"taxonomy":"post_tag","embeddable":true,"href":"https:\/\/reporterosdelsur.org\/diario\/wp-json\/wp\/v2\/tags?post=58970"}],"curies":[{"name":"wp","href":"https:\/\/api.w.org\/{rel}","templated":true}]}}