{"id":58958,"date":"2026-09-03T14:49:49","date_gmt":"2026-09-03T20:49:49","guid":{"rendered":"https:\/\/reporterosdelsur.org\/diario\/?p=58958"},"modified":"2026-09-03T22:22:35","modified_gmt":"2026-09-04T04:22:35","slug":"detienen-a-dos-hombres-por-presunto-abigeato-en-macuspana","status":"publish","type":"post","link":"https:\/\/reporterosdelsur.org\/diario\/2026\/09\/detienen-a-dos-hombres-por-presunto-abigeato-en-macuspana\/","title":{"rendered":"Detienen a dos hombres por presunto abigeato en Macuspana"},"content":{"rendered":"\n<p class=\"wp-block-paragraph\"><strong>Los sujetos fueron sorprendidos cuando trasladaban ganado y un caballo en un remolque; no pudieron acreditar la propiedad ni procedencia de los animales.<\/strong><\/p>\n\n\n\n<p class=\"wp-block-paragraph\"><strong>Macuspana, Tab.\u2014<\/strong> Dos hombres fueron detenidos en flagrancia por su presunta participaci\u00f3n en el delito de abigeato, luego de ser sorprendidos cuando trasladaban ganado y un caballo a bordo de un remolque, en la rancher\u00eda Vernet Cuarta Secci\u00f3n, de este municipio.<\/p>\n\n\n\n<p class=\"wp-block-paragraph\">Los detenidos fueron identificados como Jos\u00e9 Manuel y Jorge Luis, quienes viajaban en una camioneta JAC azul, doble cabina, con placas de circulaci\u00f3n VS-9470-C, que remolcaba una plataforma de color rojo.<\/p>\n\n\n\n<p class=\"wp-block-paragraph\">De acuerdo con la informaci\u00f3n difundida, elementos de la Unidad Estatal de Combate al Abigeato les marcaron el alto y solicitaron la documentaci\u00f3n necesaria para acreditar la propiedad y movilizaci\u00f3n de los animales.<\/p>\n\n\n\n<figure class=\"wp-block-image size-large\"><img loading=\"lazy\" decoding=\"async\" width=\"1024\" height=\"800\" src=\"https:\/\/reporterosdelsur.org\/diario\/wp-content\/uploads\/2026\/09\/Macuspana-1-1024x800.jpg\" alt=\"\" class=\"wp-image-58960\" srcset=\"https:\/\/reporterosdelsur.org\/diario\/wp-content\/uploads\/2026\/09\/Macuspana-1-1024x800.jpg 1024w, https:\/\/reporterosdelsur.org\/diario\/wp-content\/uploads\/2026\/09\/Macuspana-1-300x234.jpg 300w, https:\/\/reporterosdelsur.org\/diario\/wp-content\/uploads\/2026\/09\/Macuspana-1-768x600.jpg 768w, https:\/\/reporterosdelsur.org\/diario\/wp-content\/uploads\/2026\/09\/Macuspana-1-465x363.jpg 465w, https:\/\/reporterosdelsur.org\/diario\/wp-content\/uploads\/2026\/09\/Macuspana-1-640x500.jpg 640w, https:\/\/reporterosdelsur.org\/diario\/wp-content\/uploads\/2026\/09\/Macuspana-1.jpg 1080w\" sizes=\"auto, (max-width: 1024px) 100vw, 1024px\" \/><\/figure>\n\n\n\n<p class=\"wp-block-paragraph\">Sin embargo, los hombres no pudieron presentar documentos que comprobaran la procedencia legal de los semovientes, por lo que fueron detenidos por su probable participaci\u00f3n en el delito de abigeato.<\/p>\n\n\n\n<p class=\"wp-block-paragraph\">Las investigaciones se\u00f1alan que los animales, entre ellos un caballo, habr\u00edan sido sustra\u00eddos a una persona identificada como Concepci\u00f3n Montero.<\/p>\n\n\n\n<p class=\"wp-block-paragraph\">Durante el operativo tambi\u00e9n fueron asegurados 14 aretes identificadores del Sistema Nacional de Identificaci\u00f3n Individual de Ganado (Siniiga), as\u00ed como la camioneta y el remolque utilizados para el traslado.<\/p>\n\n\n\n<p class=\"wp-block-paragraph\">Los dos hombres, junto con los veh\u00edculos y dem\u00e1s indicios asegurados, fueron puestos a disposici\u00f3n de la autoridad competente, que determinar\u00e1 su situaci\u00f3n jur\u00eddica conforme avancen las investigaciones.<\/p>\n","protected":false},"excerpt":{"rendered":"<p>Los sujetos fueron sorprendidos cuando trasladaban ganado y un caballo en un remolque; no pudieron acreditar la propiedad ni procedencia de los animales. Macuspana, Tab.\u2014 Dos hombres fueron detenidos en flagrancia por su presunta participaci\u00f3n en el delito de abigeato, luego de ser sorprendidos cuando trasladaban ganado y un caballo<span class=\"more-link theme-more-link\"><a href=\"https:\/\/reporterosdelsur.org\/diario\/2026\/09\/detienen-a-dos-hombres-por-presunto-abigeato-en-macuspana\/\">Leer Nota Complete<\/a><\/span><\/p>\n","protected":false},"author":1,"featured_media":58959,"comment_status":"open","ping_status":"open","sticky":false,"template":"","format":"standard","meta":{"footnotes":"","jetpack_publicize_message":"","jetpack_publicize_feature_enabled":true,"jetpack_social_post_already_shared":true,"jetpack_social_options":{"image_generator_settings":{"template":"highway","default_image_id":0,"font":"","enabled":false},"version":2}},"categories":[6,2],"tags":[553,173,588,335,1619,481,298,1380,507,491,1210,1177,38,555,372,390,459,333],"class_list":["entry","author-admin","post-58958","post","type-post","status-publish","format-standard","has-post-thumbnail","category-destacado","category-tabasco","tag-cni","tag-corrupcion","tag-drogas","tag-fge","tag-fgr-mexico","tag-finanzas","tag-guardia-nacional","tag-homicidios-dolosos","tag-justicia","tag-marina","tag-nacionales","tag-narcotrafico","tag-noticias","tag-omar-garcia-harfuch","tag-operativos","tag-policias","tag-sedena","tag-seguridad"],"jetpack_publicize_connections":[],"featured_image_urls":{"full":["https:\/\/reporterosdelsur.org\/diario\/wp-content\/uploads\/2026\/09\/Macuspana.jpg",1080,844,false],"thumbnail":["https:\/\/reporterosdelsur.org\/diario\/wp-content\/uploads\/2026\/09\/Macuspana-150x150.jpg",150,150,true],"medium":["https:\/\/reporterosdelsur.org\/diario\/wp-content\/uploads\/2026\/09\/Macuspana-300x234.jpg",300,234,true],"medium_large":["https:\/\/reporterosdelsur.org\/diario\/wp-content\/uploads\/2026\/09\/Macuspana-768x600.jpg",768,600,true],"large":["https:\/\/reporterosdelsur.org\/diario\/wp-content\/uploads\/2026\/09\/Macuspana-1024x800.jpg",1024,800,true],"1536x1536":["https:\/\/reporterosdelsur.org\/diario\/wp-content\/uploads\/2026\/09\/Macuspana.jpg",1080,844,false],"2048x2048":["https:\/\/reporterosdelsur.org\/diario\/wp-content\/uploads\/2026\/09\/Macuspana.jpg",1080,844,false],"ultp_layout_landscape_large":["https:\/\/reporterosdelsur.org\/diario\/wp-content\/uploads\/2026\/09\/Macuspana-1080x800.jpg",1080,800,true],"ultp_layout_landscape":["https:\/\/reporterosdelsur.org\/diario\/wp-content\/uploads\/2026\/09\/Macuspana-870x570.jpg",870,570,true],"ultp_layout_portrait":["https:\/\/reporterosdelsur.org\/diario\/wp-content\/uploads\/2026\/09\/Macuspana-600x844.jpg",600,844,true],"ultp_layout_square":["https:\/\/reporterosdelsur.org\/diario\/wp-content\/uploads\/2026\/09\/Macuspana-600x600.jpg",600,600,true],"hoot-medium-thumb":["https:\/\/reporterosdelsur.org\/diario\/wp-content\/uploads\/2026\/09\/Macuspana-460x400.jpg",460,400,true],"hoot-preview":["https:\/\/reporterosdelsur.org\/diario\/wp-content\/uploads\/2026\/09\/Macuspana-465x363.jpg",465,363,true],"hoot-preview-thumb":["https:\/\/reporterosdelsur.org\/diario\/wp-content\/uploads\/2026\/09\/Macuspana-465x550.jpg",465,550,true],"hoot-large-thumb":["https:\/\/reporterosdelsur.org\/diario\/wp-content\/uploads\/2026\/09\/Macuspana-690x550.jpg",690,550,true],"hoot-preview-large":["https:\/\/reporterosdelsur.org\/diario\/wp-content\/uploads\/2026\/09\/Macuspana-640x500.jpg",640,500,true],"hoot-wide-thumb":["https:\/\/reporterosdelsur.org\/diario\/wp-content\/uploads\/2026\/09\/Macuspana-920x425.jpg",920,425,true],"hoot-extra-wide-thumb":["https:\/\/reporterosdelsur.org\/diario\/wp-content\/uploads\/2026\/09\/Macuspana-1035x425.jpg",1035,425,true]},"author_info":{"display_name":"Reporteros del Sur","author_link":"https:\/\/reporterosdelsur.org\/diario\/author\/admin\/"},"category_info":"<a href=\"https:\/\/reporterosdelsur.org\/diario\/category\/destacado\/\" rel=\"category tag\">Destacado<\/a> <a href=\"https:\/\/reporterosdelsur.org\/diario\/category\/tabasco\/\" rel=\"category tag\">Tabasco<\/a>","tag_info":"Tabasco","comment_count":"0","_links":{"self":[{"href":"https:\/\/reporterosdelsur.org\/diario\/wp-json\/wp\/v2\/posts\/58958","targetHints":{"allow":["GET"]}}],"collection":[{"href":"https:\/\/reporterosdelsur.org\/diario\/wp-json\/wp\/v2\/posts"}],"about":[{"href":"https:\/\/reporterosdelsur.org\/diario\/wp-json\/wp\/v2\/types\/post"}],"author":[{"embeddable":true,"href":"https:\/\/reporterosdelsur.org\/diario\/wp-json\/wp\/v2\/users\/1"}],"replies":[{"embeddable":true,"href":"https:\/\/reporterosdelsur.org\/diario\/wp-json\/wp\/v2\/comments?post=58958"}],"version-history":[{"count":1,"href":"https:\/\/reporterosdelsur.org\/diario\/wp-json\/wp\/v2\/posts\/58958\/revisions"}],"predecessor-version":[{"id":58961,"href":"https:\/\/reporterosdelsur.org\/diario\/wp-json\/wp\/v2\/posts\/58958\/revisions\/58961"}],"wp:featuredmedia":[{"embeddable":true,"href":"https:\/\/reporterosdelsur.org\/diario\/wp-json\/wp\/v2\/media\/58959"}],"wp:attachment":[{"href":"https:\/\/reporterosdelsur.org\/diario\/wp-json\/wp\/v2\/media?parent=58958"}],"wp:term":[{"taxonomy":"category","embeddable":true,"href":"https:\/\/reporterosdelsur.org\/diario\/wp-json\/wp\/v2\/categories?post=58958"},{"taxonomy":"post_tag","embeddable":true,"href":"https:\/\/reporterosdelsur.org\/diario\/wp-json\/wp\/v2\/tags?post=58958"}],"curies":[{"name":"wp","href":"https:\/\/api.w.org\/{rel}","templated":true}]}}