{"id":58952,"date":"2026-09-03T18:02:49","date_gmt":"2026-09-04T00:02:49","guid":{"rendered":"https:\/\/reporterosdelsur.org\/diario\/?p=58952"},"modified":"2026-09-03T18:05:52","modified_gmt":"2026-09-04T00:05:52","slug":"balacera-en-cucuyulapa-deja-cuatro-muertos-autoridades-despliegan-operativo","status":"publish","type":"post","link":"https:\/\/reporterosdelsur.org\/diario\/2026\/09\/balacera-en-cucuyulapa-deja-cuatro-muertos-autoridades-despliegan-operativo\/","title":{"rendered":"Balacera en Cucuyulapa deja cuatro muertos; autoridades despliegan operativo"},"content":{"rendered":"\n<p class=\"wp-block-paragraph\"><strong>El ataque ocurri\u00f3 en la zona conocida como \u201cLos Zapata del Camell\u00f3n\u201d, en Cunduac\u00e1n; de manera preliminar se reporta que entre las v\u00edctimas habr\u00eda tres hombres y una mujer.<\/strong><\/p>\n\n\n\n<p class=\"wp-block-paragraph\"><strong>Cunduac\u00e1n, Tab.\u2014<\/strong> Una fuerte movilizaci\u00f3n de autoridades estatales y federales se registr\u00f3 la tarde de este mi\u00e9rcoles en el poblado <strong>Cucuyulapa, municipio de Cunduac\u00e1n<\/strong>, luego de reportarse una balacera que dej\u00f3 como saldo preliminar <strong>cuatro personas sin vida<\/strong>.<\/p>\n\n\n\n<p class=\"wp-block-paragraph\">Los hechos ocurrieron en la rampa conocida como <strong>\u201cLos Zapata del Camell\u00f3n\u201d<\/strong>, donde, de acuerdo con los primeros reportes, sujetos armados habr\u00edan atacado a un grupo de personas.<\/p>\n\n\n\n<p class=\"wp-block-paragraph\">Tras escuchar las detonaciones, vecinos de la zona solicitaron el apoyo de las autoridades, por lo que elementos de la Polic\u00eda Municipal de Cunduac\u00e1n y de la Secretar\u00eda de Seguridad y Protecci\u00f3n Ciudadana (SSPC) acudieron al lugar.<\/p>\n\n\n\n<p class=\"wp-block-paragraph\">Al arribar, los agentes localizaron a cuatro personas que ya no presentaban signos vitales, por lo que procedieron a acordonar el \u00e1rea y solicitaron la intervenci\u00f3n de la <strong>Fiscal\u00eda General del Estado de Tabasco (FGE)<\/strong>.<\/p>\n\n\n\n<p class=\"wp-block-paragraph\">De manera extraoficial, se se\u00f1ala que entre las v\u00edctimas habr\u00eda <strong>tres hombres y una mujer<\/strong>. Tambi\u00e9n se report\u00f3 que una de las personas habr\u00eda quedado dentro de un veh\u00edculo, mientras que las otras tres fueron localizadas al interior de un establecimiento.<\/p>\n\n\n\n<p class=\"wp-block-paragraph\">Personal de la Fiscal\u00eda inici\u00f3 las diligencias correspondientes para el levantamiento de los cuerpos y la integraci\u00f3n de la carpeta de investigaci\u00f3n.<\/p>\n\n\n\n<p class=\"wp-block-paragraph\">Hasta el momento <strong>no se ha informado sobre personas detenidas<\/strong> por estos hechos. Las autoridades mantienen un operativo de b\u00fasqueda en la zona para tratar de ubicar a los responsables.<\/p>\n\n\n\n<p class=\"wp-block-paragraph\">La informaci\u00f3n sobre la identidad de las v\u00edctimas y las circunstancias exactas del ataque permanece pendiente de confirmaci\u00f3n oficial.<\/p>\n\n\n\n<figure class=\"wp-block-image size-large\"><img loading=\"lazy\" decoding=\"async\" width=\"1024\" height=\"768\" src=\"https:\/\/reporterosdelsur.org\/diario\/wp-content\/uploads\/2026\/09\/Jonuta-1024x768.jpg\" alt=\"\" class=\"wp-image-58954\" srcset=\"https:\/\/reporterosdelsur.org\/diario\/wp-content\/uploads\/2026\/09\/Jonuta-1024x768.jpg 1024w, https:\/\/reporterosdelsur.org\/diario\/wp-content\/uploads\/2026\/09\/Jonuta-300x225.jpg 300w, https:\/\/reporterosdelsur.org\/diario\/wp-content\/uploads\/2026\/09\/Jonuta-768x576.jpg 768w, https:\/\/reporterosdelsur.org\/diario\/wp-content\/uploads\/2026\/09\/Jonuta-1536x1152.jpg 1536w, https:\/\/reporterosdelsur.org\/diario\/wp-content\/uploads\/2026\/09\/Jonuta-465x349.jpg 465w, https:\/\/reporterosdelsur.org\/diario\/wp-content\/uploads\/2026\/09\/Jonuta-667x500.jpg 667w, https:\/\/reporterosdelsur.org\/diario\/wp-content\/uploads\/2026\/09\/Jonuta.jpg 2048w\" sizes=\"auto, (max-width: 1024px) 100vw, 1024px\" \/><\/figure>\n\n\n\n<h1 class=\"wp-block-heading\">Asesinan a joven que conduc\u00eda un pochim\u00f3vil en Jonuta<\/h1>\n\n\n\n<p class=\"wp-block-paragraph\">Un joven de aproximadamente <strong>22 a\u00f1os de edad<\/strong> fue privado de la vida la ma\u00f1ana de este jueves en el municipio de Jonuta, luego de que fuera localizado sin vida al interior de una conocida tienda de abarrotes ubicada a unos 500 metros de la cabecera municipal.<\/p>\n\n\n\n<p class=\"wp-block-paragraph\">De acuerdo con los primeros reportes, la v\u00edctima era un hombre que conduc\u00eda un <strong>pochim\u00f3vil con n\u00famero econ\u00f3mico 82<\/strong>. Hasta el momento, su identidad no ha sido confirmada oficialmente.<\/p>\n\n\n\n<p class=\"wp-block-paragraph\">Tras conocerse el hecho, el establecimiento fue cerrado y qued\u00f3 bajo resguardo de autoridades federales, mientras se desarrollaban las diligencias correspondientes para esclarecer las circunstancias en las que ocurri\u00f3 el homicidio.<\/p>\n\n\n\n<p class=\"wp-block-paragraph\">La zona permaneci\u00f3 asegurada para permitir el trabajo de las autoridades ministeriales y periciales, quienes deber\u00e1n recabar indicios y determinar la mec\u00e1nica de los hechos.<\/p>\n\n\n\n<p class=\"wp-block-paragraph\">Hasta el momento no se han dado a conocer mayores detalles sobre el m\u00f3vil del ataque ni se ha informado oficialmente sobre personas detenidas.<\/p>\n\n\n\n<p class=\"wp-block-paragraph\">Las autoridades mantienen las investigaciones para establecer la identidad de la v\u00edctima y esclarecer el homicidio.<\/p>\n","protected":false},"excerpt":{"rendered":"<p>El ataque ocurri\u00f3 en la zona conocida como \u201cLos Zapata del Camell\u00f3n\u201d, en Cunduac\u00e1n; de manera preliminar se reporta que entre las v\u00edctimas habr\u00eda tres hombres y una mujer. Cunduac\u00e1n, Tab.\u2014 Una fuerte movilizaci\u00f3n de autoridades estatales y federales se registr\u00f3 la tarde de este mi\u00e9rcoles en el poblado Cucuyulapa,<span class=\"more-link theme-more-link\"><a href=\"https:\/\/reporterosdelsur.org\/diario\/2026\/09\/balacera-en-cucuyulapa-deja-cuatro-muertos-autoridades-despliegan-operativo\/\">Leer Nota Complete<\/a><\/span><\/p>\n","protected":false},"author":1,"featured_media":58953,"comment_status":"open","ping_status":"open","sticky":false,"template":"","format":"standard","meta":{"footnotes":"","jetpack_publicize_message":"","jetpack_publicize_feature_enabled":true,"jetpack_social_post_already_shared":true,"jetpack_social_options":{"image_generator_settings":{"template":"highway","default_image_id":0,"font":"","enabled":false},"version":2}},"categories":[2],"tags":[1567,624,588,694,332,371,491,2150,38,372,132,459,333,35,34],"class_list":["entry","author-admin","post-58952","post","type-post","status-publish","format-standard","has-post-thumbnail","category-tabasco","tag-armas-de-fuego","tag-detenidos","tag-drogas","tag-extorsion","tag-firt-olmeca","tag-gn","tag-marina","tag-narco-menudeo","tag-noticias","tag-operativos","tag-secuestro","tag-sedena","tag-seguridad","tag-tabasco","tag-villahermosa"],"jetpack_publicize_connections":[],"featured_image_urls":{"full":["https:\/\/reporterosdelsur.org\/diario\/wp-content\/uploads\/2026\/09\/cunduacan.jpg",720,540,false],"thumbnail":["https:\/\/reporterosdelsur.org\/diario\/wp-content\/uploads\/2026\/09\/cunduacan-150x150.jpg",150,150,true],"medium":["https:\/\/reporterosdelsur.org\/diario\/wp-content\/uploads\/2026\/09\/cunduacan-300x225.jpg",300,225,true],"medium_large":["https:\/\/reporterosdelsur.org\/diario\/wp-content\/uploads\/2026\/09\/cunduacan.jpg",720,540,false],"large":["https:\/\/reporterosdelsur.org\/diario\/wp-content\/uploads\/2026\/09\/cunduacan.jpg",720,540,false],"1536x1536":["https:\/\/reporterosdelsur.org\/diario\/wp-content\/uploads\/2026\/09\/cunduacan.jpg",720,540,false],"2048x2048":["https:\/\/reporterosdelsur.org\/diario\/wp-content\/uploads\/2026\/09\/cunduacan.jpg",720,540,false],"ultp_layout_landscape_large":["https:\/\/reporterosdelsur.org\/diario\/wp-content\/uploads\/2026\/09\/cunduacan.jpg",720,540,false],"ultp_layout_landscape":["https:\/\/reporterosdelsur.org\/diario\/wp-content\/uploads\/2026\/09\/cunduacan.jpg",720,540,false],"ultp_layout_portrait":["https:\/\/reporterosdelsur.org\/diario\/wp-content\/uploads\/2026\/09\/cunduacan-600x540.jpg",600,540,true],"ultp_layout_square":["https:\/\/reporterosdelsur.org\/diario\/wp-content\/uploads\/2026\/09\/cunduacan-600x540.jpg",600,540,true],"hoot-medium-thumb":["https:\/\/reporterosdelsur.org\/diario\/wp-content\/uploads\/2026\/09\/cunduacan-460x400.jpg",460,400,true],"hoot-preview":["https:\/\/reporterosdelsur.org\/diario\/wp-content\/uploads\/2026\/09\/cunduacan-465x349.jpg",465,349,true],"hoot-preview-thumb":["https:\/\/reporterosdelsur.org\/diario\/wp-content\/uploads\/2026\/09\/cunduacan-465x540.jpg",465,540,true],"hoot-large-thumb":["https:\/\/reporterosdelsur.org\/diario\/wp-content\/uploads\/2026\/09\/cunduacan-690x540.jpg",690,540,true],"hoot-preview-large":["https:\/\/reporterosdelsur.org\/diario\/wp-content\/uploads\/2026\/09\/cunduacan-667x500.jpg",667,500,true],"hoot-wide-thumb":["https:\/\/reporterosdelsur.org\/diario\/wp-content\/uploads\/2026\/09\/cunduacan-720x425.jpg",720,425,true],"hoot-extra-wide-thumb":["https:\/\/reporterosdelsur.org\/diario\/wp-content\/uploads\/2026\/09\/cunduacan-720x425.jpg",720,425,true]},"author_info":{"display_name":"Reporteros del Sur","author_link":"https:\/\/reporterosdelsur.org\/diario\/author\/admin\/"},"category_info":"<a href=\"https:\/\/reporterosdelsur.org\/diario\/category\/tabasco\/\" rel=\"category tag\">Tabasco<\/a>","tag_info":"Tabasco","comment_count":"0","_links":{"self":[{"href":"https:\/\/reporterosdelsur.org\/diario\/wp-json\/wp\/v2\/posts\/58952","targetHints":{"allow":["GET"]}}],"collection":[{"href":"https:\/\/reporterosdelsur.org\/diario\/wp-json\/wp\/v2\/posts"}],"about":[{"href":"https:\/\/reporterosdelsur.org\/diario\/wp-json\/wp\/v2\/types\/post"}],"author":[{"embeddable":true,"href":"https:\/\/reporterosdelsur.org\/diario\/wp-json\/wp\/v2\/users\/1"}],"replies":[{"embeddable":true,"href":"https:\/\/reporterosdelsur.org\/diario\/wp-json\/wp\/v2\/comments?post=58952"}],"version-history":[{"count":3,"href":"https:\/\/reporterosdelsur.org\/diario\/wp-json\/wp\/v2\/posts\/58952\/revisions"}],"predecessor-version":[{"id":58957,"href":"https:\/\/reporterosdelsur.org\/diario\/wp-json\/wp\/v2\/posts\/58952\/revisions\/58957"}],"wp:featuredmedia":[{"embeddable":true,"href":"https:\/\/reporterosdelsur.org\/diario\/wp-json\/wp\/v2\/media\/58953"}],"wp:attachment":[{"href":"https:\/\/reporterosdelsur.org\/diario\/wp-json\/wp\/v2\/media?parent=58952"}],"wp:term":[{"taxonomy":"category","embeddable":true,"href":"https:\/\/reporterosdelsur.org\/diario\/wp-json\/wp\/v2\/categories?post=58952"},{"taxonomy":"post_tag","embeddable":true,"href":"https:\/\/reporterosdelsur.org\/diario\/wp-json\/wp\/v2\/tags?post=58952"}],"curies":[{"name":"wp","href":"https:\/\/api.w.org\/{rel}","templated":true}]}}