{"id":58949,"date":"2026-09-03T17:25:53","date_gmt":"2026-09-03T23:25:53","guid":{"rendered":"https:\/\/reporterosdelsur.org\/diario\/?p=58949"},"modified":"2026-09-03T17:25:56","modified_gmt":"2026-09-03T23:25:56","slug":"detienen-a-hombre-con-cinco-playeras-presuntamente-robadas-en-el-centro-de-villahermosa","status":"publish","type":"post","link":"https:\/\/reporterosdelsur.org\/diario\/2026\/09\/detienen-a-hombre-con-cinco-playeras-presuntamente-robadas-en-el-centro-de-villahermosa\/","title":{"rendered":"Detienen a hombre con cinco playeras presuntamente robadas en el Centro de Villahermosa"},"content":{"rendered":"\n<p class=\"wp-block-paragraph\"><strong>Juan Carlos \u201cN\u201d, de 45 a\u00f1os, fue asegurado por elementos de la Polic\u00eda Estatal de Caminos tras un reporte de auxilio en un establecimiento de la colonia Centro.<\/strong><\/p>\n\n\n\n<p class=\"wp-block-paragraph\"><strong>Villahermosa, Tab.\u2014<\/strong> Un hombre fue asegurado por elementos de la <strong>Secretar\u00eda de Seguridad y Protecci\u00f3n Ciudadana (SSPC)<\/strong>, a trav\u00e9s de la <strong>Polic\u00eda Estatal de Caminos (PEC)<\/strong>, luego de ser se\u00f1alado por el presunto robo de prendas de vestir en un establecimiento de la zona Centro de Villahermosa.<\/p>\n\n\n\n<p class=\"wp-block-paragraph\">Los hechos ocurrieron sobre las calles <strong>Bastar Zozaya y Pino Su\u00e1rez<\/strong>, donde una persona solicit\u00f3 el apoyo de los agentes policiales y se\u00f1al\u00f3 a un hombre como quien presuntamente hab\u00eda sustra\u00eddo diversas prendas del negocio.<\/p>\n\n\n\n<p class=\"wp-block-paragraph\">En atenci\u00f3n al llamado ciudadano y conforme a los protocolos de actuaci\u00f3n, los elementos procedieron al aseguramiento de <strong>Juan Carlos \u201cN\u201d, de 45 a\u00f1os de edad<\/strong>.<\/p>\n\n\n\n<figure class=\"wp-block-image size-large\"><img loading=\"lazy\" decoding=\"async\" width=\"819\" height=\"1024\" src=\"https:\/\/reporterosdelsur.org\/diario\/wp-content\/uploads\/2026\/09\/SSPC-819x1024.jpeg\" alt=\"\" class=\"wp-image-58950\" srcset=\"https:\/\/reporterosdelsur.org\/diario\/wp-content\/uploads\/2026\/09\/SSPC-819x1024.jpeg 819w, https:\/\/reporterosdelsur.org\/diario\/wp-content\/uploads\/2026\/09\/SSPC-240x300.jpeg 240w, https:\/\/reporterosdelsur.org\/diario\/wp-content\/uploads\/2026\/09\/SSPC-768x960.jpeg 768w, https:\/\/reporterosdelsur.org\/diario\/wp-content\/uploads\/2026\/09\/SSPC-440x550.jpeg 440w, https:\/\/reporterosdelsur.org\/diario\/wp-content\/uploads\/2026\/09\/SSPC-400x500.jpeg 400w, https:\/\/reporterosdelsur.org\/diario\/wp-content\/uploads\/2026\/09\/SSPC.jpeg 1080w\" sizes=\"auto, (max-width: 819px) 100vw, 819px\" \/><\/figure>\n\n\n\n<p class=\"wp-block-paragraph\">Durante la intervenci\u00f3n, los polic\u00edas localizaron en el interior de una mochila que portaba el hombre <strong>cinco playeras de color verde<\/strong>, las cuales fueron se\u00f1aladas como las prendas presuntamente sustra\u00eddas del establecimiento.<\/p>\n\n\n\n<p class=\"wp-block-paragraph\">Tras el aseguramiento, el detenido y los indicios quedaron a disposici\u00f3n de las autoridades correspondientes, quienes determinar\u00e1n su situaci\u00f3n jur\u00eddica y continuar\u00e1n con las investigaciones para esclarecer los hechos.<\/p>\n\n\n\n<p class=\"wp-block-paragraph\">La SSPC reiter\u00f3 que mantiene acciones de <strong>seguridad, vigilancia y prevenci\u00f3n<\/strong> en distintos puntos de Villahermosa, adem\u00e1s de atender los llamados de auxilio de la ciudadan\u00eda.<\/p>\n\n\n\n<p class=\"wp-block-paragraph\">La dependencia exhort\u00f3 a la poblaci\u00f3n a reportar oportunamente cualquier hecho que pueda representar un riesgo para la seguridad y destac\u00f3 que la atenci\u00f3n inmediata de estos reportes permite fortalecer la presencia policial y contribuir a la tranquilidad de habitantes y comerciantes.<\/p>\n","protected":false},"excerpt":{"rendered":"<p>Juan Carlos \u201cN\u201d, de 45 a\u00f1os, fue asegurado por elementos de la Polic\u00eda Estatal de Caminos tras un reporte de auxilio en un establecimiento de la colonia Centro. Villahermosa, Tab.\u2014 Un hombre fue asegurado por elementos de la Secretar\u00eda de Seguridad y Protecci\u00f3n Ciudadana (SSPC), a trav\u00e9s de la Polic\u00eda<span class=\"more-link theme-more-link\"><a href=\"https:\/\/reporterosdelsur.org\/diario\/2026\/09\/detienen-a-hombre-con-cinco-playeras-presuntamente-robadas-en-el-centro-de-villahermosa\/\">Leer Nota Complete<\/a><\/span><\/p>\n","protected":false},"author":2,"featured_media":58950,"comment_status":"open","ping_status":"open","sticky":false,"template":"","format":"standard","meta":{"footnotes":"","jetpack_publicize_message":"","jetpack_publicize_feature_enabled":true,"jetpack_social_post_already_shared":true,"jetpack_social_options":{"image_generator_settings":{"template":"highway","default_image_id":0,"font":"","enabled":false},"version":2}},"categories":[2],"tags":[1567,624,588,694,332,371,491,2150,38,372,132,459,333,546,35,34],"class_list":["entry","author-guza0892gmail-com","post-58949","post","type-post","status-publish","format-standard","has-post-thumbnail","category-tabasco","tag-armas-de-fuego","tag-detenidos","tag-drogas","tag-extorsion","tag-firt-olmeca","tag-gn","tag-marina","tag-narco-menudeo","tag-noticias","tag-operativos","tag-secuestro","tag-sedena","tag-seguridad","tag-sspc","tag-tabasco","tag-villahermosa"],"jetpack_publicize_connections":[],"featured_image_urls":{"full":["https:\/\/reporterosdelsur.org\/diario\/wp-content\/uploads\/2026\/09\/SSPC.jpeg",1080,1350,false],"thumbnail":["https:\/\/reporterosdelsur.org\/diario\/wp-content\/uploads\/2026\/09\/SSPC-150x150.jpeg",150,150,true],"medium":["https:\/\/reporterosdelsur.org\/diario\/wp-content\/uploads\/2026\/09\/SSPC-240x300.jpeg",240,300,true],"medium_large":["https:\/\/reporterosdelsur.org\/diario\/wp-content\/uploads\/2026\/09\/SSPC-768x960.jpeg",768,960,true],"large":["https:\/\/reporterosdelsur.org\/diario\/wp-content\/uploads\/2026\/09\/SSPC-819x1024.jpeg",819,1024,true],"1536x1536":["https:\/\/reporterosdelsur.org\/diario\/wp-content\/uploads\/2026\/09\/SSPC.jpeg",1080,1350,false],"2048x2048":["https:\/\/reporterosdelsur.org\/diario\/wp-content\/uploads\/2026\/09\/SSPC.jpeg",1080,1350,false],"ultp_layout_landscape_large":["https:\/\/reporterosdelsur.org\/diario\/wp-content\/uploads\/2026\/09\/SSPC-1080x800.jpeg",1080,800,true],"ultp_layout_landscape":["https:\/\/reporterosdelsur.org\/diario\/wp-content\/uploads\/2026\/09\/SSPC-870x570.jpeg",870,570,true],"ultp_layout_portrait":["https:\/\/reporterosdelsur.org\/diario\/wp-content\/uploads\/2026\/09\/SSPC-600x900.jpeg",600,900,true],"ultp_layout_square":["https:\/\/reporterosdelsur.org\/diario\/wp-content\/uploads\/2026\/09\/SSPC-600x600.jpeg",600,600,true],"hoot-medium-thumb":["https:\/\/reporterosdelsur.org\/diario\/wp-content\/uploads\/2026\/09\/SSPC-460x400.jpeg",460,400,true],"hoot-preview":["https:\/\/reporterosdelsur.org\/diario\/wp-content\/uploads\/2026\/09\/SSPC-440x550.jpeg",440,550,true],"hoot-preview-thumb":["https:\/\/reporterosdelsur.org\/diario\/wp-content\/uploads\/2026\/09\/SSPC-465x550.jpeg",465,550,true],"hoot-large-thumb":["https:\/\/reporterosdelsur.org\/diario\/wp-content\/uploads\/2026\/09\/SSPC-690x550.jpeg",690,550,true],"hoot-preview-large":["https:\/\/reporterosdelsur.org\/diario\/wp-content\/uploads\/2026\/09\/SSPC-400x500.jpeg",400,500,true],"hoot-wide-thumb":["https:\/\/reporterosdelsur.org\/diario\/wp-content\/uploads\/2026\/09\/SSPC-920x425.jpeg",920,425,true],"hoot-extra-wide-thumb":["https:\/\/reporterosdelsur.org\/diario\/wp-content\/uploads\/2026\/09\/SSPC-1035x425.jpeg",1035,425,true]},"author_info":{"display_name":"Reporteros del Sur","author_link":"https:\/\/reporterosdelsur.org\/diario\/author\/guza0892gmail-com\/"},"category_info":"<a href=\"https:\/\/reporterosdelsur.org\/diario\/category\/tabasco\/\" rel=\"category tag\">Tabasco<\/a>","tag_info":"Tabasco","comment_count":"0","_links":{"self":[{"href":"https:\/\/reporterosdelsur.org\/diario\/wp-json\/wp\/v2\/posts\/58949","targetHints":{"allow":["GET"]}}],"collection":[{"href":"https:\/\/reporterosdelsur.org\/diario\/wp-json\/wp\/v2\/posts"}],"about":[{"href":"https:\/\/reporterosdelsur.org\/diario\/wp-json\/wp\/v2\/types\/post"}],"author":[{"embeddable":true,"href":"https:\/\/reporterosdelsur.org\/diario\/wp-json\/wp\/v2\/users\/2"}],"replies":[{"embeddable":true,"href":"https:\/\/reporterosdelsur.org\/diario\/wp-json\/wp\/v2\/comments?post=58949"}],"version-history":[{"count":1,"href":"https:\/\/reporterosdelsur.org\/diario\/wp-json\/wp\/v2\/posts\/58949\/revisions"}],"predecessor-version":[{"id":58951,"href":"https:\/\/reporterosdelsur.org\/diario\/wp-json\/wp\/v2\/posts\/58949\/revisions\/58951"}],"wp:featuredmedia":[{"embeddable":true,"href":"https:\/\/reporterosdelsur.org\/diario\/wp-json\/wp\/v2\/media\/58950"}],"wp:attachment":[{"href":"https:\/\/reporterosdelsur.org\/diario\/wp-json\/wp\/v2\/media?parent=58949"}],"wp:term":[{"taxonomy":"category","embeddable":true,"href":"https:\/\/reporterosdelsur.org\/diario\/wp-json\/wp\/v2\/categories?post=58949"},{"taxonomy":"post_tag","embeddable":true,"href":"https:\/\/reporterosdelsur.org\/diario\/wp-json\/wp\/v2\/tags?post=58949"}],"curies":[{"name":"wp","href":"https:\/\/api.w.org\/{rel}","templated":true}]}}