{"id":58944,"date":"2026-09-03T17:22:57","date_gmt":"2026-09-03T23:22:57","guid":{"rendered":"https:\/\/reporterosdelsur.org\/diario\/?p=58944"},"modified":"2026-09-03T17:23:01","modified_gmt":"2026-09-03T23:23:01","slug":"entregan-cuerpos-de-tecladista-de-camilo-septimo-y-su-familia-tras-multihomicidio-en-atizapan","status":"publish","type":"post","link":"https:\/\/reporterosdelsur.org\/diario\/2026\/09\/entregan-cuerpos-de-tecladista-de-camilo-septimo-y-su-familia-tras-multihomicidio-en-atizapan\/","title":{"rendered":"Entregan cuerpos de tecladista de Camilo S\u00e9ptimo y su familia tras multihomicidio en Atizap\u00e1n"},"content":{"rendered":"\n<p class=\"wp-block-paragraph\"><strong>Jonathan Samuel Mel\u00e9ndez Ochoa, su esposa embarazada, su hija de tres a\u00f1os y una trabajadora del hogar fueron asesinados; dos hombres fueron detenidos como probables responsables.<\/strong><\/p>\n\n\n\n<p class=\"wp-block-paragraph\"><strong>Atizap\u00e1n de Zaragoza, Edomex.\u2014<\/strong> La Fiscal\u00eda General de Justicia del Estado de M\u00e9xico (FGJEM) entreg\u00f3 los cuerpos de <strong>Jonathan Samuel Mel\u00e9ndez Ochoa<\/strong>, tecladista, compositor y productor de la banda Camilo S\u00e9ptimo; su esposa, de 35 a\u00f1os y con cuatro meses de embarazo; su hija de tres a\u00f1os, y una joven de 21 a\u00f1os que trabajaba como empleada del hogar, quienes fueron asesinados esta semana dentro de un departamento ubicado en el fraccionamiento Grand Viure, en la exclusiva zona Esmeralda de Atizap\u00e1n de Zaragoza.<\/p>\n\n\n\n<p class=\"wp-block-paragraph\">La Fiscal\u00eda inform\u00f3 que los restos mortales de las cuatro v\u00edctimas fueron entregados antes de la medianoche del mi\u00e9rcoles. Este jueves, familiares y allegados acudieron a la agencia funeraria Gayosso, ubicada sobre camino a Santa M\u00f3nica, en la colonia San Lucas Tepetlacalco, municipio de Tlalnepantla, donde son velados.<\/p>\n\n\n\n<p class=\"wp-block-paragraph\">Tambi\u00e9n fue entregado el cuerpo de <strong>Nahala<\/strong>, la perrita de la familia, una golden retriever que tambi\u00e9n muri\u00f3 durante el ataque.<\/p>\n\n\n\n<figure class=\"wp-block-image size-full\"><img loading=\"lazy\" decoding=\"async\" width=\"720\" height=\"834\" src=\"https:\/\/reporterosdelsur.org\/diario\/wp-content\/uploads\/2026\/09\/Tecladista-2.jpg\" alt=\"\" class=\"wp-image-58946\" srcset=\"https:\/\/reporterosdelsur.org\/diario\/wp-content\/uploads\/2026\/09\/Tecladista-2.jpg 720w, https:\/\/reporterosdelsur.org\/diario\/wp-content\/uploads\/2026\/09\/Tecladista-2-259x300.jpg 259w, https:\/\/reporterosdelsur.org\/diario\/wp-content\/uploads\/2026\/09\/Tecladista-2-465x539.jpg 465w, https:\/\/reporterosdelsur.org\/diario\/wp-content\/uploads\/2026\/09\/Tecladista-2-432x500.jpg 432w\" sizes=\"auto, (max-width: 720px) 100vw, 720px\" \/><\/figure>\n\n\n\n<h3 class=\"wp-block-heading\">V\u00edctimas fueron encontradas maniatadas<\/h3>\n\n\n\n<p class=\"wp-block-paragraph\">De acuerdo con los primeros reportes de la investigaci\u00f3n, las v\u00edctimas fueron localizadas <strong>maniatadas dentro del inmueble<\/strong>.<\/p>\n\n\n\n<p class=\"wp-block-paragraph\">Jonathan Samuel fue encontrado sin vida en la sala, mientras que el cuerpo de la trabajadora del hogar, identificada como Alexis, se encontraba en una de las rec\u00e1maras.<\/p>\n\n\n\n<p class=\"wp-block-paragraph\">Los primeros indicios se\u00f1alan que <strong>tres de las v\u00edctimas presentaban heridas de bala en la cabeza y otra en la espalda<\/strong>. En el mismo inmueble fue localizado con vida un ni\u00f1o de seis a\u00f1os, hijo de Jonathan y su esposa, quien aparentemente habr\u00eda logrado esconderse durante la agresi\u00f3n.<\/p>\n\n\n\n<p class=\"wp-block-paragraph\">El menor permanece bajo el cuidado de familiares y, hasta el momento, no ha sido entrevistado por las autoridades, debido a que se busca garantizar primero que se encuentre en condiciones adecuadas para cualquier intervenci\u00f3n.<\/p>\n\n\n\n<p class=\"wp-block-paragraph\">El inmueble permanece bajo resguardo de las autoridades y cuenta con vigilancia de polic\u00edas municipales de Atizap\u00e1n de Zaragoza.<\/p>\n\n\n\n<h3 class=\"wp-block-heading\">Detienen a dos hombres<\/h3>\n\n\n\n<p class=\"wp-block-paragraph\">En coordinaci\u00f3n con la Secretar\u00eda de Seguridad y Protecci\u00f3n Ciudadana (SSPC), la FGJEM inform\u00f3 la detenci\u00f3n de <strong>Gerardo \u201cN\u201d y Diego Sebasti\u00e1n \u201cN\u201d<\/strong>, se\u00f1alados como probables responsables del multihomicidio.<\/p>\n\n\n\n<p class=\"wp-block-paragraph\">Una de las l\u00edneas de investigaci\u00f3n apunta a un <strong>posible robo<\/strong>. De acuerdo con las indagatorias iniciales, Diego Sebasti\u00e1n \u201cN\u201d, quien presuntamente era socio de Jonathan Samuel, habr\u00eda aprovechado la relaci\u00f3n de confianza que manten\u00eda con la familia para ingresar al domicilio.<\/p>\n\n\n\n<figure class=\"wp-block-image size-large\"><img loading=\"lazy\" decoding=\"async\" width=\"1024\" height=\"888\" src=\"https:\/\/reporterosdelsur.org\/diario\/wp-content\/uploads\/2026\/09\/Tecladista-3-1024x888.jpg\" alt=\"\" class=\"wp-image-58947\" srcset=\"https:\/\/reporterosdelsur.org\/diario\/wp-content\/uploads\/2026\/09\/Tecladista-3-1024x888.jpg 1024w, https:\/\/reporterosdelsur.org\/diario\/wp-content\/uploads\/2026\/09\/Tecladista-3-300x260.jpg 300w, https:\/\/reporterosdelsur.org\/diario\/wp-content\/uploads\/2026\/09\/Tecladista-3-768x666.jpg 768w, https:\/\/reporterosdelsur.org\/diario\/wp-content\/uploads\/2026\/09\/Tecladista-3-460x400.jpg 460w, https:\/\/reporterosdelsur.org\/diario\/wp-content\/uploads\/2026\/09\/Tecladista-3-465x403.jpg 465w, https:\/\/reporterosdelsur.org\/diario\/wp-content\/uploads\/2026\/09\/Tecladista-3-577x500.jpg 577w, https:\/\/reporterosdelsur.org\/diario\/wp-content\/uploads\/2026\/09\/Tecladista-3.jpg 1280w\" sizes=\"auto, (max-width: 1024px) 100vw, 1024px\" \/><\/figure>\n\n\n\n<p class=\"wp-block-paragraph\">Las autoridades mantienen abiertas las investigaciones para esclarecer el m\u00f3vil y determinar con precisi\u00f3n la participaci\u00f3n que habr\u00eda tenido cada uno de los detenidos.<\/p>\n\n\n\n<p class=\"wp-block-paragraph\">Ambos permanecen en instalaciones de la FGJEM en Toluca, mientras se espera que la Fiscal\u00eda obtenga las respectivas \u00f3rdenes de aprehensi\u00f3n y los presente ante un Juez de Control para definir su situaci\u00f3n jur\u00eddica.<\/p>\n\n\n\n<h3 class=\"wp-block-heading\">Consternaci\u00f3n por la tragedia<\/h3>\n\n\n\n<p class=\"wp-block-paragraph\">El asesinato de Jonathan Samuel Mel\u00e9ndez Ochoa, integrante de Camilo S\u00e9ptimo, y de su familia gener\u00f3 consternaci\u00f3n entre allegados y seguidores de la agrupaci\u00f3n musical.<\/p>\n\n\n\n<p class=\"wp-block-paragraph\">Mientras avanza la investigaci\u00f3n ministerial, familiares realizan los servicios funerarios de las v\u00edctimas y el menor sobreviviente permanece acompa\u00f1ado por sus seres queridos.<\/p>\n\n\n\n<p class=\"wp-block-paragraph\">Las autoridades mexiquenses deber\u00e1n esclarecer las circunstancias del ataque, el m\u00f3vil del crimen y la responsabilidad de los dos hombres detenidos, quienes son considerados <strong>probables responsables y mantienen su derecho a la presunci\u00f3n de inocencia<\/strong> hasta que exista una resoluci\u00f3n judicial.<\/p>\n","protected":false},"excerpt":{"rendered":"<p>Jonathan Samuel Mel\u00e9ndez Ochoa, su esposa embarazada, su hija de tres a\u00f1os y una trabajadora del hogar fueron asesinados; dos hombres fueron detenidos como probables responsables. Atizap\u00e1n de Zaragoza, Edomex.\u2014 La Fiscal\u00eda General de Justicia del Estado de M\u00e9xico (FGJEM) entreg\u00f3 los cuerpos de Jonathan Samuel Mel\u00e9ndez Ochoa, tecladista, compositor<span class=\"more-link theme-more-link\"><a href=\"https:\/\/reporterosdelsur.org\/diario\/2026\/09\/entregan-cuerpos-de-tecladista-de-camilo-septimo-y-su-familia-tras-multihomicidio-en-atizapan\/\">Leer Nota Complete<\/a><\/span><\/p>\n","protected":false},"author":1,"featured_media":58945,"comment_status":"open","ping_status":"open","sticky":false,"template":"","format":"standard","meta":{"footnotes":"","jetpack_publicize_message":"","jetpack_publicize_feature_enabled":true,"jetpack_social_post_already_shared":true,"jetpack_social_options":{"image_generator_settings":{"template":"highway","default_image_id":0,"font":"","enabled":false},"version":2}},"categories":[3],"tags":[553,416,588,1619,481,298,1380,507,491,1210,1379,38,555,372,390,459,333],"class_list":["entry","author-admin","post-58944","post","type-post","status-publish","format-standard","has-post-thumbnail","category-mexico","tag-cni","tag-corrupcion-2","tag-drogas","tag-fgr-mexico","tag-finanzas","tag-guardia-nacional","tag-homicidios-dolosos","tag-justicia","tag-marina","tag-nacionales","tag-narcotrafico-2","tag-noticias","tag-omar-garcia-harfuch","tag-operativos","tag-policias","tag-sedena","tag-seguridad"],"jetpack_publicize_connections":[],"featured_image_urls":{"full":["https:\/\/reporterosdelsur.org\/diario\/wp-content\/uploads\/2026\/09\/Tecladista-1.jpg",500,660,false],"thumbnail":["https:\/\/reporterosdelsur.org\/diario\/wp-content\/uploads\/2026\/09\/Tecladista-1-150x150.jpg",150,150,true],"medium":["https:\/\/reporterosdelsur.org\/diario\/wp-content\/uploads\/2026\/09\/Tecladista-1-227x300.jpg",227,300,true],"medium_large":["https:\/\/reporterosdelsur.org\/diario\/wp-content\/uploads\/2026\/09\/Tecladista-1.jpg",500,660,false],"large":["https:\/\/reporterosdelsur.org\/diario\/wp-content\/uploads\/2026\/09\/Tecladista-1.jpg",500,660,false],"1536x1536":["https:\/\/reporterosdelsur.org\/diario\/wp-content\/uploads\/2026\/09\/Tecladista-1.jpg",500,660,false],"2048x2048":["https:\/\/reporterosdelsur.org\/diario\/wp-content\/uploads\/2026\/09\/Tecladista-1.jpg",500,660,false],"ultp_layout_landscape_large":["https:\/\/reporterosdelsur.org\/diario\/wp-content\/uploads\/2026\/09\/Tecladista-1.jpg",500,660,false],"ultp_layout_landscape":["https:\/\/reporterosdelsur.org\/diario\/wp-content\/uploads\/2026\/09\/Tecladista-1-500x570.jpg",500,570,true],"ultp_layout_portrait":["https:\/\/reporterosdelsur.org\/diario\/wp-content\/uploads\/2026\/09\/Tecladista-1.jpg",500,660,false],"ultp_layout_square":["https:\/\/reporterosdelsur.org\/diario\/wp-content\/uploads\/2026\/09\/Tecladista-1-500x600.jpg",500,600,true],"hoot-medium-thumb":["https:\/\/reporterosdelsur.org\/diario\/wp-content\/uploads\/2026\/09\/Tecladista-1-460x400.jpg",460,400,true],"hoot-preview":["https:\/\/reporterosdelsur.org\/diario\/wp-content\/uploads\/2026\/09\/Tecladista-1-417x550.jpg",417,550,true],"hoot-preview-thumb":["https:\/\/reporterosdelsur.org\/diario\/wp-content\/uploads\/2026\/09\/Tecladista-1-465x550.jpg",465,550,true],"hoot-large-thumb":["https:\/\/reporterosdelsur.org\/diario\/wp-content\/uploads\/2026\/09\/Tecladista-1-500x550.jpg",500,550,true],"hoot-preview-large":["https:\/\/reporterosdelsur.org\/diario\/wp-content\/uploads\/2026\/09\/Tecladista-1-379x500.jpg",379,500,true],"hoot-wide-thumb":["https:\/\/reporterosdelsur.org\/diario\/wp-content\/uploads\/2026\/09\/Tecladista-1-500x425.jpg",500,425,true],"hoot-extra-wide-thumb":["https:\/\/reporterosdelsur.org\/diario\/wp-content\/uploads\/2026\/09\/Tecladista-1-500x425.jpg",500,425,true]},"author_info":{"display_name":"Reporteros del Sur","author_link":"https:\/\/reporterosdelsur.org\/diario\/author\/admin\/"},"category_info":"<a href=\"https:\/\/reporterosdelsur.org\/diario\/category\/mexico\/\" rel=\"category tag\">M\u00e9xico<\/a>","tag_info":"M\u00e9xico","comment_count":"0","_links":{"self":[{"href":"https:\/\/reporterosdelsur.org\/diario\/wp-json\/wp\/v2\/posts\/58944","targetHints":{"allow":["GET"]}}],"collection":[{"href":"https:\/\/reporterosdelsur.org\/diario\/wp-json\/wp\/v2\/posts"}],"about":[{"href":"https:\/\/reporterosdelsur.org\/diario\/wp-json\/wp\/v2\/types\/post"}],"author":[{"embeddable":true,"href":"https:\/\/reporterosdelsur.org\/diario\/wp-json\/wp\/v2\/users\/1"}],"replies":[{"embeddable":true,"href":"https:\/\/reporterosdelsur.org\/diario\/wp-json\/wp\/v2\/comments?post=58944"}],"version-history":[{"count":1,"href":"https:\/\/reporterosdelsur.org\/diario\/wp-json\/wp\/v2\/posts\/58944\/revisions"}],"predecessor-version":[{"id":58948,"href":"https:\/\/reporterosdelsur.org\/diario\/wp-json\/wp\/v2\/posts\/58944\/revisions\/58948"}],"wp:featuredmedia":[{"embeddable":true,"href":"https:\/\/reporterosdelsur.org\/diario\/wp-json\/wp\/v2\/media\/58945"}],"wp:attachment":[{"href":"https:\/\/reporterosdelsur.org\/diario\/wp-json\/wp\/v2\/media?parent=58944"}],"wp:term":[{"taxonomy":"category","embeddable":true,"href":"https:\/\/reporterosdelsur.org\/diario\/wp-json\/wp\/v2\/categories?post=58944"},{"taxonomy":"post_tag","embeddable":true,"href":"https:\/\/reporterosdelsur.org\/diario\/wp-json\/wp\/v2\/tags?post=58944"}],"curies":[{"name":"wp","href":"https:\/\/api.w.org\/{rel}","templated":true}]}}