{"id":58941,"date":"2026-09-03T17:15:07","date_gmt":"2026-09-03T23:15:07","guid":{"rendered":"https:\/\/reporterosdelsur.org\/diario\/?p=58941"},"modified":"2026-09-03T17:15:10","modified_gmt":"2026-09-03T23:15:10","slug":"brote-de-gastroenteritis-en-hospital-general-de-mexico-afecta-a-135-medicos-residentes","status":"publish","type":"post","link":"https:\/\/reporterosdelsur.org\/diario\/2026\/09\/brote-de-gastroenteritis-en-hospital-general-de-mexico-afecta-a-135-medicos-residentes\/","title":{"rendered":"Brote de gastroenteritis en Hospital General de M\u00e9xico afecta a 135 m\u00e9dicos residentes"},"content":{"rendered":"\n<p class=\"wp-block-paragraph\"><strong>El nosocomio confirm\u00f3 la presencia de Salmonella spp. y Escherichia coli enterotoxig\u00e9nica; 41 m\u00e9dicos permanecen hospitalizados y todos se reportan estables.<\/strong><\/p>\n\n\n\n<p class=\"wp-block-paragraph\"><strong>Ciudad de M\u00e9xico.\u2014<\/strong> El Hospital General de M\u00e9xico \u201cDr. Eduardo Liceaga\u201d inform\u00f3 sobre un brote de <strong>gastroenteritis infecciosa aguda que afecta a 135 m\u00e9dicos residentes y de alta especialidad<\/strong>, relacionado con el consumo de alimentos proporcionados por el servicio subrogado de comedor institucional.<\/p>\n\n\n\n<p class=\"wp-block-paragraph\">De acuerdo con una tarjeta informativa difundida por el hospital, la situaci\u00f3n fue detectada el pasado <strong>31 de agosto<\/strong>, cuando se registr\u00f3 un incremento s\u00fabito de personas que presentaban s\u00edntomas gastrointestinales.<\/p>\n\n\n\n<p class=\"wp-block-paragraph\">Entre las principales manifestaciones reportadas se encuentran <strong>dolor abdominal, diarrea, febr\u00edcula y v\u00f3mitos<\/strong>.<\/p>\n\n\n\n<p class=\"wp-block-paragraph\">El hospital indic\u00f3 que, hasta este jueves 3 de septiembre, <strong>41 personas permanecen hospitalizadas<\/strong> para recibir tratamiento y vigilancia m\u00e9dica. Precis\u00f3 que todas se encuentran estables.<\/p>\n\n\n\n<figure class=\"wp-block-image size-large\"><img loading=\"lazy\" decoding=\"async\" width=\"1024\" height=\"631\" src=\"https:\/\/reporterosdelsur.org\/diario\/wp-content\/uploads\/2026\/09\/Hospital-1024x631.jpg\" alt=\"\" class=\"wp-image-58942\" srcset=\"https:\/\/reporterosdelsur.org\/diario\/wp-content\/uploads\/2026\/09\/Hospital-1024x631.jpg 1024w, https:\/\/reporterosdelsur.org\/diario\/wp-content\/uploads\/2026\/09\/Hospital-300x185.jpg 300w, https:\/\/reporterosdelsur.org\/diario\/wp-content\/uploads\/2026\/09\/Hospital-768x474.jpg 768w, https:\/\/reporterosdelsur.org\/diario\/wp-content\/uploads\/2026\/09\/Hospital-465x287.jpg 465w, https:\/\/reporterosdelsur.org\/diario\/wp-content\/uploads\/2026\/09\/Hospital-695x429.jpg 695w, https:\/\/reporterosdelsur.org\/diario\/wp-content\/uploads\/2026\/09\/Hospital.jpg 1200w\" sizes=\"auto, (max-width: 1024px) 100vw, 1024px\" \/><\/figure>\n\n\n\n<h3 class=\"wp-block-heading\">Confirman presencia de Salmonella<\/h3>\n\n\n\n<p class=\"wp-block-paragraph\">Como parte de la investigaci\u00f3n epidemiol\u00f3gica se realizaron estudios de laboratorio a personas afectadas, cuyos resultados <strong>corroboraron la presencia de Salmonella spp.<\/strong> Asimismo, en los casos analizados se identific\u00f3 infecci\u00f3n por <strong>Escherichia coli enterotoxig\u00e9nica<\/strong>.<\/p>\n\n\n\n<p class=\"wp-block-paragraph\">Ante la detecci\u00f3n del brote, el Hospital General de M\u00e9xico determin\u00f3 <strong>suspender de inmediato el servicio subrogado de comedor destinado a los m\u00e9dicos residentes<\/strong>.<\/p>\n\n\n\n<p class=\"wp-block-paragraph\">La instituci\u00f3n mantiene adem\u00e1s una estrategia de b\u00fasqueda, identificaci\u00f3n y seguimiento de personas que pudieron estar expuestas a los alimentos, mientras contin\u00faan las investigaciones para determinar de manera precisa el origen de la contaminaci\u00f3n.<\/p>\n\n\n\n<p class=\"wp-block-paragraph\">La investigaci\u00f3n epidemiol\u00f3gica y sanitaria permanece en curso para establecer la fuente espec\u00edfica del brote y definir las medidas adicionales de prevenci\u00f3n y control.<\/p>\n\n\n\n<h3 class=\"wp-block-heading\">UNAM brinda seguimiento a m\u00e9dicos afectados<\/h3>\n\n\n\n<p class=\"wp-block-paragraph\">Tras conocerse la situaci\u00f3n, la <strong>Facultad de Medicina de la UNAM<\/strong> inform\u00f3 que autoridades de su Divisi\u00f3n de Estudios de Posgrado acudieron al hospital para conocer lo ocurrido, dar seguimiento a los casos y brindar apoyo a los estudiantes afectados.<\/p>\n\n\n\n<p class=\"wp-block-paragraph\">La instituci\u00f3n se\u00f1al\u00f3 que permanecer\u00e1 atenta a la evoluci\u00f3n del estado de salud de los m\u00e9dicos residentes y a sus necesidades, adem\u00e1s de mantener coordinaci\u00f3n con las autoridades hospitalarias para proporcionarles el acompa\u00f1amiento necesario.<\/p>\n\n\n\n<h3 class=\"wp-block-heading\">Bacterias asociadas a enfermedades gastrointestinales<\/h3>\n\n\n\n<p class=\"wp-block-paragraph\">La <strong>Salmonella spp.<\/strong> se encuentra entre los principales agentes bacterianos causantes de enfermedades diarreicas a nivel mundial. Por su parte, determinados tipos de <strong>Escherichia coli<\/strong> pueden provocar enfermedades gastrointestinales y diarrea, mientras que algunas cepas pueden generar cuadros de mayor gravedad.<\/p>\n\n\n\n<p class=\"wp-block-paragraph\">Estos microorganismos pueden contaminar alimentos cuando no se cumplen adecuadamente las medidas de higiene durante su preparaci\u00f3n y manipulaci\u00f3n, entre ellas el lavado correcto de manos y otras pr\u00e1cticas sanitarias.<\/p>\n\n\n\n<p class=\"wp-block-paragraph\">El Hospital General de M\u00e9xico y las autoridades acad\u00e9micas mantienen el seguimiento de los pacientes mientras avanzan los estudios para establecer las causas concretas del brote y evitar nuevos casos.<\/p>\n","protected":false},"excerpt":{"rendered":"<p>El nosocomio confirm\u00f3 la presencia de Salmonella spp. y Escherichia coli enterotoxig\u00e9nica; 41 m\u00e9dicos permanecen hospitalizados y todos se reportan estables. Ciudad de M\u00e9xico.\u2014 El Hospital General de M\u00e9xico \u201cDr. Eduardo Liceaga\u201d inform\u00f3 sobre un brote de gastroenteritis infecciosa aguda que afecta a 135 m\u00e9dicos residentes y de alta especialidad,<span class=\"more-link theme-more-link\"><a href=\"https:\/\/reporterosdelsur.org\/diario\/2026\/09\/brote-de-gastroenteritis-en-hospital-general-de-mexico-afecta-a-135-medicos-residentes\/\">Leer Nota Complete<\/a><\/span><\/p>\n","protected":false},"author":1,"featured_media":58942,"comment_status":"open","ping_status":"open","sticky":false,"template":"","format":"standard","meta":{"footnotes":"","jetpack_publicize_message":"","jetpack_publicize_feature_enabled":true,"jetpack_social_post_already_shared":true,"jetpack_social_options":{"image_generator_settings":{"template":"highway","default_image_id":0,"font":"","enabled":false},"version":2}},"categories":[3],"tags":[427,38,2397,48,824,333,1473,428],"class_list":["entry","author-admin","post-58941","post","type-post","status-publish","format-standard","has-post-thumbnail","category-mexico","tag-enfermedades","tag-noticias","tag-salmonella","tag-salud","tag-sarampion","tag-seguridad","tag-vacunaciones","tag-vacunas"],"jetpack_publicize_connections":[],"featured_image_urls":{"full":["https:\/\/reporterosdelsur.org\/diario\/wp-content\/uploads\/2026\/09\/Hospital.jpg",1200,740,false],"thumbnail":["https:\/\/reporterosdelsur.org\/diario\/wp-content\/uploads\/2026\/09\/Hospital-150x150.jpg",150,150,true],"medium":["https:\/\/reporterosdelsur.org\/diario\/wp-content\/uploads\/2026\/09\/Hospital-300x185.jpg",300,185,true],"medium_large":["https:\/\/reporterosdelsur.org\/diario\/wp-content\/uploads\/2026\/09\/Hospital-768x474.jpg",768,474,true],"large":["https:\/\/reporterosdelsur.org\/diario\/wp-content\/uploads\/2026\/09\/Hospital-1024x631.jpg",1024,631,true],"1536x1536":["https:\/\/reporterosdelsur.org\/diario\/wp-content\/uploads\/2026\/09\/Hospital.jpg",1200,740,false],"2048x2048":["https:\/\/reporterosdelsur.org\/diario\/wp-content\/uploads\/2026\/09\/Hospital.jpg",1200,740,false],"ultp_layout_landscape_large":["https:\/\/reporterosdelsur.org\/diario\/wp-content\/uploads\/2026\/09\/Hospital.jpg",1200,740,false],"ultp_layout_landscape":["https:\/\/reporterosdelsur.org\/diario\/wp-content\/uploads\/2026\/09\/Hospital-870x570.jpg",870,570,true],"ultp_layout_portrait":["https:\/\/reporterosdelsur.org\/diario\/wp-content\/uploads\/2026\/09\/Hospital-600x740.jpg",600,740,true],"ultp_layout_square":["https:\/\/reporterosdelsur.org\/diario\/wp-content\/uploads\/2026\/09\/Hospital-600x600.jpg",600,600,true],"hoot-medium-thumb":["https:\/\/reporterosdelsur.org\/diario\/wp-content\/uploads\/2026\/09\/Hospital-460x400.jpg",460,400,true],"hoot-preview":["https:\/\/reporterosdelsur.org\/diario\/wp-content\/uploads\/2026\/09\/Hospital-465x287.jpg",465,287,true],"hoot-preview-thumb":["https:\/\/reporterosdelsur.org\/diario\/wp-content\/uploads\/2026\/09\/Hospital-465x550.jpg",465,550,true],"hoot-large-thumb":["https:\/\/reporterosdelsur.org\/diario\/wp-content\/uploads\/2026\/09\/Hospital-690x550.jpg",690,550,true],"hoot-preview-large":["https:\/\/reporterosdelsur.org\/diario\/wp-content\/uploads\/2026\/09\/Hospital-695x429.jpg",695,429,true],"hoot-wide-thumb":["https:\/\/reporterosdelsur.org\/diario\/wp-content\/uploads\/2026\/09\/Hospital-920x425.jpg",920,425,true],"hoot-extra-wide-thumb":["https:\/\/reporterosdelsur.org\/diario\/wp-content\/uploads\/2026\/09\/Hospital-1035x425.jpg",1035,425,true]},"author_info":{"display_name":"Reporteros del Sur","author_link":"https:\/\/reporterosdelsur.org\/diario\/author\/admin\/"},"category_info":"<a href=\"https:\/\/reporterosdelsur.org\/diario\/category\/mexico\/\" rel=\"category tag\">M\u00e9xico<\/a>","tag_info":"M\u00e9xico","comment_count":"0","_links":{"self":[{"href":"https:\/\/reporterosdelsur.org\/diario\/wp-json\/wp\/v2\/posts\/58941","targetHints":{"allow":["GET"]}}],"collection":[{"href":"https:\/\/reporterosdelsur.org\/diario\/wp-json\/wp\/v2\/posts"}],"about":[{"href":"https:\/\/reporterosdelsur.org\/diario\/wp-json\/wp\/v2\/types\/post"}],"author":[{"embeddable":true,"href":"https:\/\/reporterosdelsur.org\/diario\/wp-json\/wp\/v2\/users\/1"}],"replies":[{"embeddable":true,"href":"https:\/\/reporterosdelsur.org\/diario\/wp-json\/wp\/v2\/comments?post=58941"}],"version-history":[{"count":1,"href":"https:\/\/reporterosdelsur.org\/diario\/wp-json\/wp\/v2\/posts\/58941\/revisions"}],"predecessor-version":[{"id":58943,"href":"https:\/\/reporterosdelsur.org\/diario\/wp-json\/wp\/v2\/posts\/58941\/revisions\/58943"}],"wp:featuredmedia":[{"embeddable":true,"href":"https:\/\/reporterosdelsur.org\/diario\/wp-json\/wp\/v2\/media\/58942"}],"wp:attachment":[{"href":"https:\/\/reporterosdelsur.org\/diario\/wp-json\/wp\/v2\/media?parent=58941"}],"wp:term":[{"taxonomy":"category","embeddable":true,"href":"https:\/\/reporterosdelsur.org\/diario\/wp-json\/wp\/v2\/categories?post=58941"},{"taxonomy":"post_tag","embeddable":true,"href":"https:\/\/reporterosdelsur.org\/diario\/wp-json\/wp\/v2\/tags?post=58941"}],"curies":[{"name":"wp","href":"https:\/\/api.w.org\/{rel}","templated":true}]}}