{"id":58938,"date":"2026-09-03T17:08:57","date_gmt":"2026-09-03T23:08:57","guid":{"rendered":"https:\/\/reporterosdelsur.org\/diario\/?p=58938"},"modified":"2026-09-03T17:09:00","modified_gmt":"2026-09-03T23:09:00","slug":"openai-presenta-gpt-6-astra-y-asegura-que-abre-la-puerta-a-la-era-de-la-inteligencia-artificial-general","status":"publish","type":"post","link":"https:\/\/reporterosdelsur.org\/diario\/2026\/09\/openai-presenta-gpt-6-astra-y-asegura-que-abre-la-puerta-a-la-era-de-la-inteligencia-artificial-general\/","title":{"rendered":"OpenAI presenta GPT-6 Astra y asegura que abre la puerta a la era de la inteligencia artificial general"},"content":{"rendered":"\n<p class=\"wp-block-paragraph\"><strong>El nuevo modelo est\u00e1 dise\u00f1ado para ejecutar tareas profesionales complejas de manera aut\u00f3noma y es el primero de la compa\u00f1\u00eda en alcanzar su umbral cr\u00edtico de capacidades de ciberseguridad.<\/strong><\/p>\n\n\n\n<p class=\"wp-block-paragraph\"><strong>San Francisco, Cal.\u2014<\/strong> OpenAI present\u00f3 este jueves <strong>GPT-6 Astra<\/strong>, su nuevo modelo de inteligencia artificial, al que la compa\u00f1\u00eda considera un salto generacional por su capacidad para realizar tareas complejas de principio a fin y operar directamente sobre programas, navegadores y otras herramientas digitales.<\/p>\n\n\n\n<p class=\"wp-block-paragraph\">La empresa explic\u00f3 que Astra representa un avance significativo en el desarrollo de agentes de inteligencia artificial capaces de pasar de simplemente ofrecer recomendaciones a <strong>ejecutar acciones de manera aut\u00f3noma<\/strong> dentro de entornos inform\u00e1ticos.<\/p>\n\n\n\n<p class=\"wp-block-paragraph\">De acuerdo con OpenAI, el modelo est\u00e1 orientado a trabajos que requieren razonamiento avanzado, programaci\u00f3n, investigaci\u00f3n, creaci\u00f3n de documentos y uso de computadoras, con la posibilidad de interactuar directamente con las aplicaciones necesarias para completar una tarea.<\/p>\n\n\n\n<h3 class=\"wp-block-heading\">\u201cBienvenidos a la era de la IA general\u201d<\/h3>\n\n\n\n<p class=\"wp-block-paragraph\">Durante la presentaci\u00f3n, el presidente y cofundador de OpenAI, <strong>Greg Brockman<\/strong>, calific\u00f3 el lanzamiento como un momento decisivo en la evoluci\u00f3n de la inteligencia artificial y sostuvo que, en su opini\u00f3n, la compa\u00f1\u00eda ya habr\u00eda alcanzado la inteligencia artificial general, conocida como AGI.<\/p>\n\n\n\n<p class=\"wp-block-paragraph\">Aunque dej\u00f3 a los usuarios la valoraci\u00f3n sobre si Astra cumple con esa definici\u00f3n, Brockman concluy\u00f3 su presentaci\u00f3n con una frase contundente: <strong>\u201cBienvenidos a la era de la IA general\u201d<\/strong>.<\/p>\n\n\n\n<p class=\"wp-block-paragraph\">La AGI contin\u00faa siendo un concepto sujeto a debate debido a que no existe una definici\u00f3n \u00fanica y universalmente aceptada sobre qu\u00e9 capacidades debe reunir un sistema para considerarse inteligencia artificial general.<\/p>\n\n\n\n<figure class=\"wp-block-image size-large\"><img loading=\"lazy\" decoding=\"async\" width=\"1024\" height=\"577\" src=\"https:\/\/reporterosdelsur.org\/diario\/wp-content\/uploads\/2026\/09\/IA-1-1024x577.jpg\" alt=\"\" class=\"wp-image-58939\" srcset=\"https:\/\/reporterosdelsur.org\/diario\/wp-content\/uploads\/2026\/09\/IA-1-1024x577.jpg 1024w, https:\/\/reporterosdelsur.org\/diario\/wp-content\/uploads\/2026\/09\/IA-1-300x169.jpg 300w, https:\/\/reporterosdelsur.org\/diario\/wp-content\/uploads\/2026\/09\/IA-1-768x433.jpg 768w, https:\/\/reporterosdelsur.org\/diario\/wp-content\/uploads\/2026\/09\/IA-1-465x262.jpg 465w, https:\/\/reporterosdelsur.org\/diario\/wp-content\/uploads\/2026\/09\/IA-1-695x392.jpg 695w, https:\/\/reporterosdelsur.org\/diario\/wp-content\/uploads\/2026\/09\/IA-1.jpg 1104w\" sizes=\"auto, (max-width: 1024px) 100vw, 1024px\" \/><\/figure>\n\n\n\n<h3 class=\"wp-block-heading\">Capacidad aut\u00f3noma tambi\u00e9n genera preocupaci\u00f3n<\/h3>\n\n\n\n<p class=\"wp-block-paragraph\">Uno de los aspectos que mayor atenci\u00f3n ha generado alrededor de Astra es precisamente el incremento de sus capacidades para actuar de manera aut\u00f3noma.<\/p>\n\n\n\n<p class=\"wp-block-paragraph\">OpenAI inform\u00f3 que el modelo alcanz\u00f3 por primera vez el <strong>umbral \u201cCr\u00edtico\u201d de capacidades de ciberseguridad<\/strong> establecido en su Marco de Preparaci\u00f3n. Esto significa que, con las herramientas y accesos adecuados, Astra puede identificar vulnerabilidades desconocidas y desarrollar m\u00e9todos para explotarlas en determinados sistemas protegidos.<\/p>\n\n\n\n<p class=\"wp-block-paragraph\">La propia compa\u00f1\u00eda se\u00f1al\u00f3 que esta capacidad oblig\u00f3 a reforzar las medidas de seguridad antes de su lanzamiento. OpenAI retras\u00f3 parte del desarrollo y despliegue del modelo para realizar nuevas evaluaciones y fortalecer las protecciones contra usos indebidos y acciones no autorizadas.<\/p>\n\n\n\n<p class=\"wp-block-paragraph\">Entre las medidas implementadas se encuentran sistemas adicionales de monitoreo, controles destinados a detectar comportamientos potencialmente desalineados y mecanismos capaces de detener actividades no autorizadas.<\/p>\n\n\n\n<h3 class=\"wp-block-heading\">Entrenamiento a gran escala<\/h3>\n\n\n\n<p class=\"wp-block-paragraph\">El desarrollo de Astra tambi\u00e9n implic\u00f3 una infraestructura de entrenamiento de grandes dimensiones. La compa\u00f1\u00eda ha descrito al modelo como su sistema m\u00e1s capaz para trabajos complejos de extremo a extremo y destaca sus avances en razonamiento, programaci\u00f3n, investigaci\u00f3n cient\u00edfica y uso de computadoras.<\/p>\n\n\n\n<p class=\"wp-block-paragraph\">La nueva generaci\u00f3n est\u00e1 dise\u00f1ada para que los agentes puedan desenvolverse directamente en entornos digitales, una caracter\u00edstica que podr\u00eda transformar actividades profesionales que actualmente requieren intervenci\u00f3n humana constante.<\/p>\n\n\n\n<h3 class=\"wp-block-heading\">Lanzamiento gradual<\/h3>\n\n\n\n<p class=\"wp-block-paragraph\">OpenAI inici\u00f3 el despliegue de GPT-6 Astra de manera gradual, comenzando con organizaciones seleccionadas dentro de su programa de acceso confiable. Posteriormente, la compa\u00f1\u00eda contempla ampliar la disponibilidad a usuarios de <strong>ChatGPT Plus, Pro, Business y Enterprise<\/strong>, as\u00ed como a desarrolladores mediante su API.<\/p>\n\n\n\n<p class=\"wp-block-paragraph\">Con Astra, OpenAI busca avanzar hacia sistemas capaces de asumir trabajos profesionales completos y no \u00fanicamente generar respuestas. Sin embargo, el mismo salto en autonom\u00eda que promete aumentar la productividad tambi\u00e9n coloca a la seguridad, la supervisi\u00f3n y el control de los agentes de IA en el centro del debate sobre el futuro de esta tecnolog\u00eda.<\/p>\n","protected":false},"excerpt":{"rendered":"<p>El nuevo modelo est\u00e1 dise\u00f1ado para ejecutar tareas profesionales complejas de manera aut\u00f3noma y es el primero de la compa\u00f1\u00eda en alcanzar su umbral cr\u00edtico de capacidades de ciberseguridad. San Francisco, Cal.\u2014 OpenAI present\u00f3 este jueves GPT-6 Astra, su nuevo modelo de inteligencia artificial, al que la compa\u00f1\u00eda considera un<span class=\"more-link theme-more-link\"><a href=\"https:\/\/reporterosdelsur.org\/diario\/2026\/09\/openai-presenta-gpt-6-astra-y-asegura-que-abre-la-puerta-a-la-era-de-la-inteligencia-artificial-general\/\">Leer Nota Complete<\/a><\/span><\/p>\n","protected":false},"author":3,"featured_media":58939,"comment_status":"open","ping_status":"open","sticky":false,"template":"","format":"standard","meta":{"footnotes":"","jetpack_publicize_message":"","jetpack_publicize_feature_enabled":true,"jetpack_social_post_already_shared":true,"jetpack_social_options":{"image_generator_settings":{"template":"highway","default_image_id":0,"font":"","enabled":false},"version":2}},"categories":[4],"tags":[1816,1815,1413,1813,1814,1091,91,1812,38,48,333],"class_list":["entry","author-hipolitog2015gmail-com","post-58938","post","type-post","status-publish","format-standard","has-post-thumbnail","category-mundo","tag-atonomos","tag-celulas","tag-ciencia","tag-cientificos-2","tag-descubrimientos","tag-ia","tag-internacional","tag-investigadores","tag-noticias","tag-salud","tag-seguridad"],"jetpack_publicize_connections":[],"featured_image_urls":{"full":["https:\/\/reporterosdelsur.org\/diario\/wp-content\/uploads\/2026\/09\/IA-1.jpg",1104,622,false],"thumbnail":["https:\/\/reporterosdelsur.org\/diario\/wp-content\/uploads\/2026\/09\/IA-1-150x150.jpg",150,150,true],"medium":["https:\/\/reporterosdelsur.org\/diario\/wp-content\/uploads\/2026\/09\/IA-1-300x169.jpg",300,169,true],"medium_large":["https:\/\/reporterosdelsur.org\/diario\/wp-content\/uploads\/2026\/09\/IA-1-768x433.jpg",768,433,true],"large":["https:\/\/reporterosdelsur.org\/diario\/wp-content\/uploads\/2026\/09\/IA-1-1024x577.jpg",1024,577,true],"1536x1536":["https:\/\/reporterosdelsur.org\/diario\/wp-content\/uploads\/2026\/09\/IA-1.jpg",1104,622,false],"2048x2048":["https:\/\/reporterosdelsur.org\/diario\/wp-content\/uploads\/2026\/09\/IA-1.jpg",1104,622,false],"ultp_layout_landscape_large":["https:\/\/reporterosdelsur.org\/diario\/wp-content\/uploads\/2026\/09\/IA-1.jpg",1104,622,false],"ultp_layout_landscape":["https:\/\/reporterosdelsur.org\/diario\/wp-content\/uploads\/2026\/09\/IA-1-870x570.jpg",870,570,true],"ultp_layout_portrait":["https:\/\/reporterosdelsur.org\/diario\/wp-content\/uploads\/2026\/09\/IA-1-600x622.jpg",600,622,true],"ultp_layout_square":["https:\/\/reporterosdelsur.org\/diario\/wp-content\/uploads\/2026\/09\/IA-1-600x600.jpg",600,600,true],"hoot-medium-thumb":["https:\/\/reporterosdelsur.org\/diario\/wp-content\/uploads\/2026\/09\/IA-1-460x400.jpg",460,400,true],"hoot-preview":["https:\/\/reporterosdelsur.org\/diario\/wp-content\/uploads\/2026\/09\/IA-1-465x262.jpg",465,262,true],"hoot-preview-thumb":["https:\/\/reporterosdelsur.org\/diario\/wp-content\/uploads\/2026\/09\/IA-1-465x550.jpg",465,550,true],"hoot-large-thumb":["https:\/\/reporterosdelsur.org\/diario\/wp-content\/uploads\/2026\/09\/IA-1-690x550.jpg",690,550,true],"hoot-preview-large":["https:\/\/reporterosdelsur.org\/diario\/wp-content\/uploads\/2026\/09\/IA-1-695x392.jpg",695,392,true],"hoot-wide-thumb":["https:\/\/reporterosdelsur.org\/diario\/wp-content\/uploads\/2026\/09\/IA-1-920x425.jpg",920,425,true],"hoot-extra-wide-thumb":["https:\/\/reporterosdelsur.org\/diario\/wp-content\/uploads\/2026\/09\/IA-1-1035x425.jpg",1035,425,true]},"author_info":{"display_name":"Hipolito Garc\u00eda","author_link":"https:\/\/reporterosdelsur.org\/diario\/author\/hipolitog2015gmail-com\/"},"category_info":"<a href=\"https:\/\/reporterosdelsur.org\/diario\/category\/mundo\/\" rel=\"category tag\">Mundo<\/a>","tag_info":"Mundo","comment_count":"0","_links":{"self":[{"href":"https:\/\/reporterosdelsur.org\/diario\/wp-json\/wp\/v2\/posts\/58938","targetHints":{"allow":["GET"]}}],"collection":[{"href":"https:\/\/reporterosdelsur.org\/diario\/wp-json\/wp\/v2\/posts"}],"about":[{"href":"https:\/\/reporterosdelsur.org\/diario\/wp-json\/wp\/v2\/types\/post"}],"author":[{"embeddable":true,"href":"https:\/\/reporterosdelsur.org\/diario\/wp-json\/wp\/v2\/users\/3"}],"replies":[{"embeddable":true,"href":"https:\/\/reporterosdelsur.org\/diario\/wp-json\/wp\/v2\/comments?post=58938"}],"version-history":[{"count":1,"href":"https:\/\/reporterosdelsur.org\/diario\/wp-json\/wp\/v2\/posts\/58938\/revisions"}],"predecessor-version":[{"id":58940,"href":"https:\/\/reporterosdelsur.org\/diario\/wp-json\/wp\/v2\/posts\/58938\/revisions\/58940"}],"wp:featuredmedia":[{"embeddable":true,"href":"https:\/\/reporterosdelsur.org\/diario\/wp-json\/wp\/v2\/media\/58939"}],"wp:attachment":[{"href":"https:\/\/reporterosdelsur.org\/diario\/wp-json\/wp\/v2\/media?parent=58938"}],"wp:term":[{"taxonomy":"category","embeddable":true,"href":"https:\/\/reporterosdelsur.org\/diario\/wp-json\/wp\/v2\/categories?post=58938"},{"taxonomy":"post_tag","embeddable":true,"href":"https:\/\/reporterosdelsur.org\/diario\/wp-json\/wp\/v2\/tags?post=58938"}],"curies":[{"name":"wp","href":"https:\/\/api.w.org\/{rel}","templated":true}]}}