{"id":58929,"date":"2026-09-03T16:59:52","date_gmt":"2026-09-03T22:59:52","guid":{"rendered":"https:\/\/reporterosdelsur.org\/diario\/?p=58929"},"modified":"2026-09-03T16:59:56","modified_gmt":"2026-09-03T22:59:56","slug":"atiende-proteccion-civil-de-centro-270-incendios-en-lo-que-va-del-ano","status":"publish","type":"post","link":"https:\/\/reporterosdelsur.org\/diario\/2026\/09\/atiende-proteccion-civil-de-centro-270-incendios-en-lo-que-va-del-ano\/","title":{"rendered":"Atiende Protecci\u00f3n Civil de Centro 270 incendios en lo que va del a\u00f1o"},"content":{"rendered":"\n<p class=\"wp-block-paragraph\"><strong>Tan solo durante agosto fueron controlados 40 incendios en zonas urbanas y rurales, adem\u00e1s de atenderse fugas de gas, incendios vehiculares, ca\u00edda de \u00e1rboles y emergencias relacionadas con fauna.<\/strong><\/p>\n\n\n\n<p class=\"wp-block-paragraph\"><strong>Villahermosa, Tab.\u2014<\/strong> La Coordinaci\u00f3n de Protecci\u00f3n Civil y Bomberos de Centro ha atendido <strong>270 incendios de pastizales, urbanos y de basura en lo que va del a\u00f1o<\/strong>, inform\u00f3 el Gobierno de Centro, al destacar la importancia de fortalecer las acciones preventivas ante el incremento de riesgos durante la temporada de mayor incidencia de incendios.<\/p>\n\n\n\n<p class=\"wp-block-paragraph\">Del total de emergencias, <strong>40 incendios fueron controlados durante agosto<\/strong>, tanto en la zona urbana como en comunidades rurales del municipio, periodo en el que tambi\u00e9n aumenta la posibilidad de incendios forestales.<\/p>\n\n\n\n<p class=\"wp-block-paragraph\">El titular de la Coordinaci\u00f3n de Protecci\u00f3n Civil y Bomberos, <strong>Jos\u00e9 Arturo G\u00f3mez Ascencio<\/strong>, se\u00f1al\u00f3 que el personal operativo mantiene una capacitaci\u00f3n constante para reforzar sus conocimientos y mejorar la capacidad de respuesta ante situaciones de emergencia.<\/p>\n\n\n\n<figure class=\"wp-block-image size-full\"><img loading=\"lazy\" decoding=\"async\" width=\"879\" height=\"806\" src=\"https:\/\/reporterosdelsur.org\/diario\/wp-content\/uploads\/2026\/09\/Incendio-1.jpg\" alt=\"\" class=\"wp-image-58931\" srcset=\"https:\/\/reporterosdelsur.org\/diario\/wp-content\/uploads\/2026\/09\/Incendio-1.jpg 879w, https:\/\/reporterosdelsur.org\/diario\/wp-content\/uploads\/2026\/09\/Incendio-1-300x275.jpg 300w, https:\/\/reporterosdelsur.org\/diario\/wp-content\/uploads\/2026\/09\/Incendio-1-768x704.jpg 768w, https:\/\/reporterosdelsur.org\/diario\/wp-content\/uploads\/2026\/09\/Incendio-1-465x426.jpg 465w, https:\/\/reporterosdelsur.org\/diario\/wp-content\/uploads\/2026\/09\/Incendio-1-545x500.jpg 545w\" sizes=\"auto, (max-width: 879px) 100vw, 879px\" \/><\/figure>\n\n\n\n<p class=\"wp-block-paragraph\">Explic\u00f3 que el uso adecuado de herramientas y la aplicaci\u00f3n de protocolos de seguridad permiten realizar las labores de atenci\u00f3n y control de manera m\u00e1s eficiente, al tiempo que se reducen los riesgos tanto para los elementos de emergencia como para la poblaci\u00f3n.<\/p>\n\n\n\n<h3 class=\"wp-block-heading\">M\u00e1s de un centenar de servicios durante agosto<\/h3>\n\n\n\n<p class=\"wp-block-paragraph\">Adem\u00e1s de los incendios, durante agosto la dependencia realiz\u00f3 diversas acciones de auxilio a la poblaci\u00f3n.<\/p>\n\n\n\n<figure class=\"wp-block-image size-large\"><img loading=\"lazy\" decoding=\"async\" width=\"1024\" height=\"576\" src=\"https:\/\/reporterosdelsur.org\/diario\/wp-content\/uploads\/2026\/09\/Incendio-3-1024x576.jpg\" alt=\"\" class=\"wp-image-58932\" srcset=\"https:\/\/reporterosdelsur.org\/diario\/wp-content\/uploads\/2026\/09\/Incendio-3-1024x576.jpg 1024w, https:\/\/reporterosdelsur.org\/diario\/wp-content\/uploads\/2026\/09\/Incendio-3-300x169.jpg 300w, https:\/\/reporterosdelsur.org\/diario\/wp-content\/uploads\/2026\/09\/Incendio-3-768x432.jpg 768w, https:\/\/reporterosdelsur.org\/diario\/wp-content\/uploads\/2026\/09\/Incendio-3-465x262.jpg 465w, https:\/\/reporterosdelsur.org\/diario\/wp-content\/uploads\/2026\/09\/Incendio-3-695x391.jpg 695w, https:\/\/reporterosdelsur.org\/diario\/wp-content\/uploads\/2026\/09\/Incendio-3.jpg 1280w\" sizes=\"auto, (max-width: 1024px) 100vw, 1024px\" \/><\/figure>\n\n\n\n<p class=\"wp-block-paragraph\">Entre ellas se encuentran <strong>11 podas y retiros de \u00e1rboles, 36 capturas de fauna, 14 atenciones por fugas de gas dom\u00e9stico y 21 controles y reubicaciones de abejas<\/strong>.<\/p>\n\n\n\n<p class=\"wp-block-paragraph\">Tambi\u00e9n fueron atendidos <strong>cuatro incendios de veh\u00edculos<\/strong>, se realizaron <strong>cuatro suministros de agua<\/strong> a hospitales, centros de salud y viviendas, as\u00ed como <strong>ocho atenciones prehospitalarias y resguardos durante eventos socio-organizativos<\/strong>.<\/p>\n\n\n\n<p class=\"wp-block-paragraph\">Las cifras reflejan la diversidad de emergencias que diariamente enfrenta el personal de Protecci\u00f3n Civil y Bomberos, no solo relacionadas con incendios, sino tambi\u00e9n con fen\u00f3menos que pueden representar un riesgo para la integridad de las personas y sus bienes.<\/p>\n\n\n\n<figure class=\"wp-block-image size-large\"><img loading=\"lazy\" decoding=\"async\" width=\"1024\" height=\"576\" src=\"https:\/\/reporterosdelsur.org\/diario\/wp-content\/uploads\/2026\/09\/Incendio-2-1024x576.jpg\" alt=\"\" class=\"wp-image-58933\" srcset=\"https:\/\/reporterosdelsur.org\/diario\/wp-content\/uploads\/2026\/09\/Incendio-2-1024x576.jpg 1024w, https:\/\/reporterosdelsur.org\/diario\/wp-content\/uploads\/2026\/09\/Incendio-2-300x169.jpg 300w, https:\/\/reporterosdelsur.org\/diario\/wp-content\/uploads\/2026\/09\/Incendio-2-768x432.jpg 768w, https:\/\/reporterosdelsur.org\/diario\/wp-content\/uploads\/2026\/09\/Incendio-2-465x262.jpg 465w, https:\/\/reporterosdelsur.org\/diario\/wp-content\/uploads\/2026\/09\/Incendio-2-695x391.jpg 695w, https:\/\/reporterosdelsur.org\/diario\/wp-content\/uploads\/2026\/09\/Incendio-2.jpg 1280w\" sizes=\"auto, (max-width: 1024px) 100vw, 1024px\" \/><\/figure>\n\n\n\n<h3 class=\"wp-block-heading\">Llaman a reforzar la prevenci\u00f3n<\/h3>\n\n\n\n<p class=\"wp-block-paragraph\">G\u00f3mez Ascencio reiter\u00f3 que la prevenci\u00f3n constituye una de las principales herramientas para disminuir los riesgos y evitar que una emergencia pueda convertirse en un incidente de mayores proporciones.<\/p>\n\n\n\n<p class=\"wp-block-paragraph\">Por ello, llam\u00f3 a la ciudadan\u00eda a mantener las medidas de seguridad en viviendas, comunidades y espacios p\u00fablicos, adem\u00e1s de <strong>reportar oportunamente cualquier situaci\u00f3n que pueda representar un peligro<\/strong>.<\/p>\n\n\n\n<p class=\"wp-block-paragraph\">La autoridad municipal destac\u00f3 que la participaci\u00f3n ciudadana, junto con la preparaci\u00f3n permanente de los cuerpos de emergencia, resulta fundamental para responder de manera oportuna y proteger a la poblaci\u00f3n de Centro.<\/p>\n","protected":false},"excerpt":{"rendered":"<p>Tan solo durante agosto fueron controlados 40 incendios en zonas urbanas y rurales, adem\u00e1s de atenderse fugas de gas, incendios vehiculares, ca\u00edda de \u00e1rboles y emergencias relacionadas con fauna. Villahermosa, Tab.\u2014 La Coordinaci\u00f3n de Protecci\u00f3n Civil y Bomberos de Centro ha atendido 270 incendios de pastizales, urbanos y de basura<span class=\"more-link theme-more-link\"><a href=\"https:\/\/reporterosdelsur.org\/diario\/2026\/09\/atiende-proteccion-civil-de-centro-270-incendios-en-lo-que-va-del-ano\/\">Leer Nota Complete<\/a><\/span><\/p>\n","protected":false},"author":1,"featured_media":58930,"comment_status":"open","ping_status":"open","sticky":false,"template":"","format":"standard","meta":{"footnotes":"","jetpack_publicize_message":"","jetpack_publicize_feature_enabled":true,"jetpack_social_post_already_shared":true,"jetpack_social_options":{"image_generator_settings":{"template":"highway","default_image_id":0,"font":"","enabled":false},"version":2}},"categories":[2],"tags":[672,492,1552,1088,572,626,1551,1553,420,821,1042,491,714,38,314,2258,459,333,35],"class_list":["entry","author-admin","post-58929","post","type-post","status-publish","format-standard","has-post-thumbnail","category-tabasco","tag-biologia","tag-bomberos","tag-brigadas-contraincendios","tag-calor","tag-clima","tag-ecologia","tag-fauna","tag-flora","tag-fuego","tag-incendios","tag-incendios-forestales","tag-marina","tag-medio-ambiente","tag-noticias","tag-pemex","tag-proteccion-civil","tag-sedena","tag-seguridad","tag-tabasco"],"jetpack_publicize_connections":[],"featured_image_urls":{"full":["https:\/\/reporterosdelsur.org\/diario\/wp-content\/uploads\/2026\/09\/Incendio-4.jpg",1280,720,false],"thumbnail":["https:\/\/reporterosdelsur.org\/diario\/wp-content\/uploads\/2026\/09\/Incendio-4-150x150.jpg",150,150,true],"medium":["https:\/\/reporterosdelsur.org\/diario\/wp-content\/uploads\/2026\/09\/Incendio-4-300x169.jpg",300,169,true],"medium_large":["https:\/\/reporterosdelsur.org\/diario\/wp-content\/uploads\/2026\/09\/Incendio-4-768x432.jpg",768,432,true],"large":["https:\/\/reporterosdelsur.org\/diario\/wp-content\/uploads\/2026\/09\/Incendio-4-1024x576.jpg",1024,576,true],"1536x1536":["https:\/\/reporterosdelsur.org\/diario\/wp-content\/uploads\/2026\/09\/Incendio-4.jpg",1280,720,false],"2048x2048":["https:\/\/reporterosdelsur.org\/diario\/wp-content\/uploads\/2026\/09\/Incendio-4.jpg",1280,720,false],"ultp_layout_landscape_large":["https:\/\/reporterosdelsur.org\/diario\/wp-content\/uploads\/2026\/09\/Incendio-4-1200x720.jpg",1200,720,true],"ultp_layout_landscape":["https:\/\/reporterosdelsur.org\/diario\/wp-content\/uploads\/2026\/09\/Incendio-4-870x570.jpg",870,570,true],"ultp_layout_portrait":["https:\/\/reporterosdelsur.org\/diario\/wp-content\/uploads\/2026\/09\/Incendio-4-600x720.jpg",600,720,true],"ultp_layout_square":["https:\/\/reporterosdelsur.org\/diario\/wp-content\/uploads\/2026\/09\/Incendio-4-600x600.jpg",600,600,true],"hoot-medium-thumb":["https:\/\/reporterosdelsur.org\/diario\/wp-content\/uploads\/2026\/09\/Incendio-4-460x400.jpg",460,400,true],"hoot-preview":["https:\/\/reporterosdelsur.org\/diario\/wp-content\/uploads\/2026\/09\/Incendio-4-465x262.jpg",465,262,true],"hoot-preview-thumb":["https:\/\/reporterosdelsur.org\/diario\/wp-content\/uploads\/2026\/09\/Incendio-4-465x550.jpg",465,550,true],"hoot-large-thumb":["https:\/\/reporterosdelsur.org\/diario\/wp-content\/uploads\/2026\/09\/Incendio-4-690x550.jpg",690,550,true],"hoot-preview-large":["https:\/\/reporterosdelsur.org\/diario\/wp-content\/uploads\/2026\/09\/Incendio-4-695x391.jpg",695,391,true],"hoot-wide-thumb":["https:\/\/reporterosdelsur.org\/diario\/wp-content\/uploads\/2026\/09\/Incendio-4-920x425.jpg",920,425,true],"hoot-extra-wide-thumb":["https:\/\/reporterosdelsur.org\/diario\/wp-content\/uploads\/2026\/09\/Incendio-4-1035x425.jpg",1035,425,true]},"author_info":{"display_name":"Reporteros del Sur","author_link":"https:\/\/reporterosdelsur.org\/diario\/author\/admin\/"},"category_info":"<a href=\"https:\/\/reporterosdelsur.org\/diario\/category\/tabasco\/\" rel=\"category tag\">Tabasco<\/a>","tag_info":"Tabasco","comment_count":"0","_links":{"self":[{"href":"https:\/\/reporterosdelsur.org\/diario\/wp-json\/wp\/v2\/posts\/58929","targetHints":{"allow":["GET"]}}],"collection":[{"href":"https:\/\/reporterosdelsur.org\/diario\/wp-json\/wp\/v2\/posts"}],"about":[{"href":"https:\/\/reporterosdelsur.org\/diario\/wp-json\/wp\/v2\/types\/post"}],"author":[{"embeddable":true,"href":"https:\/\/reporterosdelsur.org\/diario\/wp-json\/wp\/v2\/users\/1"}],"replies":[{"embeddable":true,"href":"https:\/\/reporterosdelsur.org\/diario\/wp-json\/wp\/v2\/comments?post=58929"}],"version-history":[{"count":1,"href":"https:\/\/reporterosdelsur.org\/diario\/wp-json\/wp\/v2\/posts\/58929\/revisions"}],"predecessor-version":[{"id":58934,"href":"https:\/\/reporterosdelsur.org\/diario\/wp-json\/wp\/v2\/posts\/58929\/revisions\/58934"}],"wp:featuredmedia":[{"embeddable":true,"href":"https:\/\/reporterosdelsur.org\/diario\/wp-json\/wp\/v2\/media\/58930"}],"wp:attachment":[{"href":"https:\/\/reporterosdelsur.org\/diario\/wp-json\/wp\/v2\/media?parent=58929"}],"wp:term":[{"taxonomy":"category","embeddable":true,"href":"https:\/\/reporterosdelsur.org\/diario\/wp-json\/wp\/v2\/categories?post=58929"},{"taxonomy":"post_tag","embeddable":true,"href":"https:\/\/reporterosdelsur.org\/diario\/wp-json\/wp\/v2\/tags?post=58929"}],"curies":[{"name":"wp","href":"https:\/\/api.w.org\/{rel}","templated":true}]}}