{"id":58925,"date":"2026-09-03T16:50:34","date_gmt":"2026-09-03T22:50:34","guid":{"rendered":"https:\/\/reporterosdelsur.org\/diario\/?p=58925"},"modified":"2026-09-03T16:50:38","modified_gmt":"2026-09-03T22:50:38","slug":"alistan-desfile-civico-militar-del-16-de-septiembre-en-el-malecon-de-villahermosa","status":"publish","type":"post","link":"https:\/\/reporterosdelsur.org\/diario\/2026\/09\/alistan-desfile-civico-militar-del-16-de-septiembre-en-el-malecon-de-villahermosa\/","title":{"rendered":"Alistan desfile c\u00edvico-militar del 16 de septiembre en el malec\u00f3n de Villahermosa"},"content":{"rendered":"\n<p class=\"wp-block-paragraph\"><strong>Alrededor de 40 escuelas de preescolar, primaria y secundaria participar\u00e1n en la parada conmemorativa, cuyo recorrido se mantendr\u00e1 sobre el malec\u00f3n Carlos A. Madrazo.<\/strong><\/p>\n\n\n\n<p class=\"wp-block-paragraph\"><strong>Villahermosa, Tab.\u2014<\/strong> La Secretar\u00eda de Educaci\u00f3n de Tabasco ya prepara la log\u00edstica para el <strong>Desfile C\u00edvico-Militar del pr\u00f3ximo 16 de septiembre<\/strong>, que se llevar\u00e1 a cabo por la ma\u00f1ana en el malec\u00f3n Carlos A. Madrazo de Villahermosa, como parte de las actividades conmemorativas por el inicio de la Independencia de M\u00e9xico.<\/p>\n\n\n\n<p class=\"wp-block-paragraph\">La titular de la dependencia, <strong>Patricia Iparrea S\u00e1nchez<\/strong>, inform\u00f3 que se contempla la participaci\u00f3n de <strong>alrededor de 40 escuelas de educaci\u00f3n b\u00e1sica<\/strong>, aunque todav\u00eda est\u00e1 pendiente confirmar el n\u00famero total de estudiantes que formar\u00e1n parte del contingente.<\/p>\n\n\n\n<p class=\"wp-block-paragraph\">Explic\u00f3 que ya se tienen consideradas instituciones de los niveles de <strong>preescolar, primaria y secundaria<\/strong>, adem\u00e1s de que se mantiene abierta la posibilidad para que otros grupos escolares que deseen participar puedan incorporarse a la celebraci\u00f3n.<\/p>\n\n\n\n<p class=\"wp-block-paragraph\">\u201cTenemos las escuelas que van a participar desde preescolar, primaria y secundaria, dejamos la apertura para los grupos que quieran participar, invitamos a los que nos quieran acompa\u00f1ar el 16 de septiembre\u201d, se\u00f1al\u00f3.<\/p>\n\n\n\n<figure class=\"wp-block-image size-large\"><img loading=\"lazy\" decoding=\"async\" width=\"1024\" height=\"683\" src=\"https:\/\/reporterosdelsur.org\/diario\/wp-content\/uploads\/2026\/09\/16-de-sep-1024x683.jpg\" alt=\"\" class=\"wp-image-58927\" srcset=\"https:\/\/reporterosdelsur.org\/diario\/wp-content\/uploads\/2026\/09\/16-de-sep-1024x683.jpg 1024w, https:\/\/reporterosdelsur.org\/diario\/wp-content\/uploads\/2026\/09\/16-de-sep-300x200.jpg 300w, https:\/\/reporterosdelsur.org\/diario\/wp-content\/uploads\/2026\/09\/16-de-sep-768x512.jpg 768w, https:\/\/reporterosdelsur.org\/diario\/wp-content\/uploads\/2026\/09\/16-de-sep-1536x1024.jpg 1536w, https:\/\/reporterosdelsur.org\/diario\/wp-content\/uploads\/2026\/09\/16-de-sep-1200x800.jpg 1200w, https:\/\/reporterosdelsur.org\/diario\/wp-content\/uploads\/2026\/09\/16-de-sep-465x310.jpg 465w, https:\/\/reporterosdelsur.org\/diario\/wp-content\/uploads\/2026\/09\/16-de-sep-695x463.jpg 695w, https:\/\/reporterosdelsur.org\/diario\/wp-content\/uploads\/2026\/09\/16-de-sep.jpg 1599w\" sizes=\"auto, (max-width: 1024px) 100vw, 1024px\" \/><\/figure>\n\n\n\n<h3 class=\"wp-block-heading\">Mantendr\u00e1n recorrido sobre el malec\u00f3n<\/h3>\n\n\n\n<p class=\"wp-block-paragraph\">Iparrea S\u00e1nchez indic\u00f3 que el desfile se desarrollar\u00e1 <strong>durante la ma\u00f1ana, despu\u00e9s del homenaje c\u00edvico<\/strong>, y conservar\u00e1 el formato utilizado en ediciones anteriores, con el recorrido sobre el malec\u00f3n Carlos A. Madrazo.<\/p>\n\n\n\n<p class=\"wp-block-paragraph\">La Secretar\u00eda de Educaci\u00f3n contin\u00faa afinando los detalles de organizaci\u00f3n y participaci\u00f3n de los planteles, a fin de garantizar que la jornada c\u00edvica se desarrolle de manera ordenada y permita la presencia de estudiantes de distintos niveles educativos.<\/p>\n\n\n\n<p class=\"wp-block-paragraph\">Con esta actividad, cientos de ni\u00f1as, ni\u00f1os y adolescentes tendr\u00e1n la oportunidad de participar en una de las principales ceremonias patrias de la entidad, acompa\u00f1ados por autoridades, docentes y familias que acudan al malec\u00f3n de Villahermosa para presenciar el desfile.<\/p>\n","protected":false},"excerpt":{"rendered":"<p>Alrededor de 40 escuelas de preescolar, primaria y secundaria participar\u00e1n en la parada conmemorativa, cuyo recorrido se mantendr\u00e1 sobre el malec\u00f3n Carlos A. Madrazo. Villahermosa, Tab.\u2014 La Secretar\u00eda de Educaci\u00f3n de Tabasco ya prepara la log\u00edstica para el Desfile C\u00edvico-Militar del pr\u00f3ximo 16 de septiembre, que se llevar\u00e1 a cabo<span class=\"more-link theme-more-link\"><a href=\"https:\/\/reporterosdelsur.org\/diario\/2026\/09\/alistan-desfile-civico-militar-del-16-de-septiembre-en-el-malecon-de-villahermosa\/\">Leer Nota Complete<\/a><\/span><\/p>\n","protected":false},"author":1,"featured_media":58926,"comment_status":"open","ping_status":"open","sticky":false,"template":"","format":"standard","meta":{"footnotes":"","jetpack_publicize_message":"","jetpack_publicize_feature_enabled":true,"jetpack_social_post_already_shared":true,"jetpack_social_options":{"image_generator_settings":{"template":"highway","default_image_id":0,"font":"","enabled":false},"version":2}},"categories":[2],"tags":[2030,340,171,38,333,2395,35],"class_list":["entry","author-admin","post-58925","post","type-post","status-publish","format-standard","has-post-thumbnail","category-tabasco","tag-desfile","tag-gobierno-del-estado","tag-malecon","tag-noticias","tag-seguridad","tag-septiembre","tag-tabasco"],"jetpack_publicize_connections":[],"featured_image_urls":{"full":["https:\/\/reporterosdelsur.org\/diario\/wp-content\/uploads\/2026\/09\/16-de-sep-2.jpg",1599,1066,false],"thumbnail":["https:\/\/reporterosdelsur.org\/diario\/wp-content\/uploads\/2026\/09\/16-de-sep-2-150x150.jpg",150,150,true],"medium":["https:\/\/reporterosdelsur.org\/diario\/wp-content\/uploads\/2026\/09\/16-de-sep-2-300x200.jpg",300,200,true],"medium_large":["https:\/\/reporterosdelsur.org\/diario\/wp-content\/uploads\/2026\/09\/16-de-sep-2-768x512.jpg",768,512,true],"large":["https:\/\/reporterosdelsur.org\/diario\/wp-content\/uploads\/2026\/09\/16-de-sep-2-1024x683.jpg",1024,683,true],"1536x1536":["https:\/\/reporterosdelsur.org\/diario\/wp-content\/uploads\/2026\/09\/16-de-sep-2-1536x1024.jpg",1536,1024,true],"2048x2048":["https:\/\/reporterosdelsur.org\/diario\/wp-content\/uploads\/2026\/09\/16-de-sep-2.jpg",1599,1066,false],"ultp_layout_landscape_large":["https:\/\/reporterosdelsur.org\/diario\/wp-content\/uploads\/2026\/09\/16-de-sep-2-1200x800.jpg",1200,800,true],"ultp_layout_landscape":["https:\/\/reporterosdelsur.org\/diario\/wp-content\/uploads\/2026\/09\/16-de-sep-2-870x570.jpg",870,570,true],"ultp_layout_portrait":["https:\/\/reporterosdelsur.org\/diario\/wp-content\/uploads\/2026\/09\/16-de-sep-2-600x900.jpg",600,900,true],"ultp_layout_square":["https:\/\/reporterosdelsur.org\/diario\/wp-content\/uploads\/2026\/09\/16-de-sep-2-600x600.jpg",600,600,true],"hoot-medium-thumb":["https:\/\/reporterosdelsur.org\/diario\/wp-content\/uploads\/2026\/09\/16-de-sep-2-460x400.jpg",460,400,true],"hoot-preview":["https:\/\/reporterosdelsur.org\/diario\/wp-content\/uploads\/2026\/09\/16-de-sep-2-465x310.jpg",465,310,true],"hoot-preview-thumb":["https:\/\/reporterosdelsur.org\/diario\/wp-content\/uploads\/2026\/09\/16-de-sep-2-465x550.jpg",465,550,true],"hoot-large-thumb":["https:\/\/reporterosdelsur.org\/diario\/wp-content\/uploads\/2026\/09\/16-de-sep-2-690x550.jpg",690,550,true],"hoot-preview-large":["https:\/\/reporterosdelsur.org\/diario\/wp-content\/uploads\/2026\/09\/16-de-sep-2-695x463.jpg",695,463,true],"hoot-wide-thumb":["https:\/\/reporterosdelsur.org\/diario\/wp-content\/uploads\/2026\/09\/16-de-sep-2-920x425.jpg",920,425,true],"hoot-extra-wide-thumb":["https:\/\/reporterosdelsur.org\/diario\/wp-content\/uploads\/2026\/09\/16-de-sep-2-1035x425.jpg",1035,425,true]},"author_info":{"display_name":"Reporteros del Sur","author_link":"https:\/\/reporterosdelsur.org\/diario\/author\/admin\/"},"category_info":"<a href=\"https:\/\/reporterosdelsur.org\/diario\/category\/tabasco\/\" rel=\"category tag\">Tabasco<\/a>","tag_info":"Tabasco","comment_count":"0","_links":{"self":[{"href":"https:\/\/reporterosdelsur.org\/diario\/wp-json\/wp\/v2\/posts\/58925","targetHints":{"allow":["GET"]}}],"collection":[{"href":"https:\/\/reporterosdelsur.org\/diario\/wp-json\/wp\/v2\/posts"}],"about":[{"href":"https:\/\/reporterosdelsur.org\/diario\/wp-json\/wp\/v2\/types\/post"}],"author":[{"embeddable":true,"href":"https:\/\/reporterosdelsur.org\/diario\/wp-json\/wp\/v2\/users\/1"}],"replies":[{"embeddable":true,"href":"https:\/\/reporterosdelsur.org\/diario\/wp-json\/wp\/v2\/comments?post=58925"}],"version-history":[{"count":1,"href":"https:\/\/reporterosdelsur.org\/diario\/wp-json\/wp\/v2\/posts\/58925\/revisions"}],"predecessor-version":[{"id":58928,"href":"https:\/\/reporterosdelsur.org\/diario\/wp-json\/wp\/v2\/posts\/58925\/revisions\/58928"}],"wp:featuredmedia":[{"embeddable":true,"href":"https:\/\/reporterosdelsur.org\/diario\/wp-json\/wp\/v2\/media\/58926"}],"wp:attachment":[{"href":"https:\/\/reporterosdelsur.org\/diario\/wp-json\/wp\/v2\/media?parent=58925"}],"wp:term":[{"taxonomy":"category","embeddable":true,"href":"https:\/\/reporterosdelsur.org\/diario\/wp-json\/wp\/v2\/categories?post=58925"},{"taxonomy":"post_tag","embeddable":true,"href":"https:\/\/reporterosdelsur.org\/diario\/wp-json\/wp\/v2\/tags?post=58925"}],"curies":[{"name":"wp","href":"https:\/\/api.w.org\/{rel}","templated":true}]}}