{"id":58922,"date":"2026-09-03T16:41:20","date_gmt":"2026-09-03T22:41:20","guid":{"rendered":"https:\/\/reporterosdelsur.org\/diario\/?p=58922"},"modified":"2026-09-03T22:23:49","modified_gmt":"2026-09-04T04:23:49","slug":"habra-cierres-viales-este-domingo-por-letape-by-tour-de-france-en-tabasco","status":"publish","type":"post","link":"https:\/\/reporterosdelsur.org\/diario\/2026\/09\/habra-cierres-viales-este-domingo-por-letape-by-tour-de-france-en-tabasco\/","title":{"rendered":"Habr\u00e1 cierres viales este domingo por L\u2019\u00c9tape by Tour de France en Tabasco"},"content":{"rendered":"\n<p class=\"wp-block-paragraph\"><strong>La competencia ciclista movilizar\u00e1 a participantes nacionales e internacionales, por lo que se implementar\u00e1 circulaci\u00f3n controlada en diversos tramos entre Villahermosa, Cacao y Playas del Rosario.<\/strong><\/p>\n\n\n\n<p class=\"wp-block-paragraph\"><strong>Villahermosa, Tab.\u2014<\/strong> Este domingo, Tabasco ser\u00e1 escenario de una nueva edici\u00f3n de <strong>L\u2019\u00c9tape by Tour de France<\/strong>, competencia que reunir\u00e1 a ciclistas provenientes de distintas partes de M\u00e9xico y otros pa\u00edses, para convertir durante varias horas diversas carreteras de la entidad en una aut\u00e9ntica pista de competencia.<\/p>\n\n\n\n<p class=\"wp-block-paragraph\">Con el objetivo de garantizar la seguridad de los participantes y permitir el desarrollo de la jornada deportiva, se implementar\u00e1n <strong>cierres parciales y circulaci\u00f3n controlada<\/strong> en distintos puntos de la ruta.<\/p>\n\n\n\n<h3 class=\"wp-block-heading\">Estos ser\u00e1n los cierres<\/h3>\n\n\n\n<p class=\"wp-block-paragraph\">Uno de los principales tramos ser\u00e1 el comprendido entre el <strong>Malec\u00f3n Carlos A. Madrazo y Playas del Rosario<\/strong>, donde se prev\u00e9 afectaci\u00f3n vial de <strong>6:00 a 7:30 horas<\/strong>.<\/p>\n\n\n\n<p class=\"wp-block-paragraph\">Asimismo, en el tramo <strong>Cacao\u2013Playas del Rosario<\/strong> habr\u00e1 circulaci\u00f3n controlada de <strong>8:30 a 12:30 horas<\/strong>. En esta zona se deber\u00e1 prestar especial atenci\u00f3n debido a que los ciclistas circular\u00e1n <strong>en ambos sentidos<\/strong>.<\/p>\n\n\n\n<p class=\"wp-block-paragraph\">Por otra parte, la ruta <strong>Playas del Rosario\u2013Malec\u00f3n Carlos A. Madrazo<\/strong> permanecer\u00e1 bajo control vial de <strong>7:00 a 13:00 horas<\/strong>, conforme avance el contingente de competidores.<\/p>\n\n\n\n<p class=\"wp-block-paragraph\">Ante estas modificaciones temporales a la circulaci\u00f3n, se exhort\u00f3 a los automovilistas que tengan previsto transitar por dichas zonas a <strong>anticipar sus traslados, tomar rutas alternas y conducir con extrema precauci\u00f3n<\/strong>, respetando en todo momento a los participantes de la competencia.<\/p>\n\n\n\n<h3 class=\"wp-block-heading\">Invitan a vivir la competencia<\/h3>\n\n\n\n<p class=\"wp-block-paragraph\">Adem\u00e1s de las medidas viales, la jornada representa una oportunidad para que habitantes y visitantes disfruten del espect\u00e1culo deportivo y acompa\u00f1en a los ciclistas durante su recorrido.<\/p>\n\n\n\n<p class=\"wp-block-paragraph\">En el municipio de Centro se instalar\u00e1n <strong>puntos de activaci\u00f3n<\/strong> para que la poblaci\u00f3n pueda acercarse y vivir el ambiente de la competencia.<\/p>\n\n\n\n<p class=\"wp-block-paragraph\">Estos espacios estar\u00e1n ubicados en la <strong>explanada de Plaza de Armas<\/strong> y en el <strong>Malec\u00f3n Carlos A. Madrazo, a la altura de la calle Reforma<\/strong>.<\/p>\n\n\n\n<p class=\"wp-block-paragraph\">La realizaci\u00f3n de L\u2019\u00c9tape by Tour de France representa as\u00ed no solo un reto para los participantes, sino tambi\u00e9n una jornada que modificar\u00e1 temporalmente la din\u00e1mica vial de distintas comunidades, por lo que se pidi\u00f3 a la ciudadan\u00eda planificar sus recorridos y colaborar con las medidas de seguridad.<\/p>\n","protected":false},"excerpt":{"rendered":"<p>La competencia ciclista movilizar\u00e1 a participantes nacionales e internacionales, por lo que se implementar\u00e1 circulaci\u00f3n controlada en diversos tramos entre Villahermosa, Cacao y Playas del Rosario. Villahermosa, Tab.\u2014 Este domingo, Tabasco ser\u00e1 escenario de una nueva edici\u00f3n de L\u2019\u00c9tape by Tour de France, competencia que reunir\u00e1 a ciclistas provenientes de<span class=\"more-link theme-more-link\"><a href=\"https:\/\/reporterosdelsur.org\/diario\/2026\/09\/habra-cierres-viales-este-domingo-por-letape-by-tour-de-france-en-tabasco\/\">Leer Nota Complete<\/a><\/span><\/p>\n","protected":false},"author":1,"featured_media":58923,"comment_status":"open","ping_status":"open","sticky":false,"template":"","format":"standard","meta":{"footnotes":"","jetpack_publicize_message":"","jetpack_publicize_feature_enabled":true,"jetpack_social_post_already_shared":true,"jetpack_social_options":{"image_generator_settings":{"template":"highway","default_image_id":0,"font":"","enabled":false},"version":2}},"categories":[5,6],"tags":[2394,110,38,333,35,629,34],"class_list":["entry","author-admin","post-58922","post","type-post","status-publish","format-standard","has-post-thumbnail","category-deportes","category-destacado","tag-cierres-de-vias","tag-deportes","tag-noticias","tag-seguridad","tag-tabasco","tag-vialidad","tag-villahermosa"],"jetpack_publicize_connections":[],"featured_image_urls":{"full":["https:\/\/reporterosdelsur.org\/diario\/wp-content\/uploads\/2026\/09\/Depor-1.jpeg",1080,1350,false],"thumbnail":["https:\/\/reporterosdelsur.org\/diario\/wp-content\/uploads\/2026\/09\/Depor-1-150x150.jpeg",150,150,true],"medium":["https:\/\/reporterosdelsur.org\/diario\/wp-content\/uploads\/2026\/09\/Depor-1-240x300.jpeg",240,300,true],"medium_large":["https:\/\/reporterosdelsur.org\/diario\/wp-content\/uploads\/2026\/09\/Depor-1-768x960.jpeg",768,960,true],"large":["https:\/\/reporterosdelsur.org\/diario\/wp-content\/uploads\/2026\/09\/Depor-1-819x1024.jpeg",819,1024,true],"1536x1536":["https:\/\/reporterosdelsur.org\/diario\/wp-content\/uploads\/2026\/09\/Depor-1.jpeg",1080,1350,false],"2048x2048":["https:\/\/reporterosdelsur.org\/diario\/wp-content\/uploads\/2026\/09\/Depor-1.jpeg",1080,1350,false],"ultp_layout_landscape_large":["https:\/\/reporterosdelsur.org\/diario\/wp-content\/uploads\/2026\/09\/Depor-1-1080x800.jpeg",1080,800,true],"ultp_layout_landscape":["https:\/\/reporterosdelsur.org\/diario\/wp-content\/uploads\/2026\/09\/Depor-1-870x570.jpeg",870,570,true],"ultp_layout_portrait":["https:\/\/reporterosdelsur.org\/diario\/wp-content\/uploads\/2026\/09\/Depor-1-600x900.jpeg",600,900,true],"ultp_layout_square":["https:\/\/reporterosdelsur.org\/diario\/wp-content\/uploads\/2026\/09\/Depor-1-600x600.jpeg",600,600,true],"hoot-medium-thumb":["https:\/\/reporterosdelsur.org\/diario\/wp-content\/uploads\/2026\/09\/Depor-1-460x400.jpeg",460,400,true],"hoot-preview":["https:\/\/reporterosdelsur.org\/diario\/wp-content\/uploads\/2026\/09\/Depor-1-440x550.jpeg",440,550,true],"hoot-preview-thumb":["https:\/\/reporterosdelsur.org\/diario\/wp-content\/uploads\/2026\/09\/Depor-1-465x550.jpeg",465,550,true],"hoot-large-thumb":["https:\/\/reporterosdelsur.org\/diario\/wp-content\/uploads\/2026\/09\/Depor-1-690x550.jpeg",690,550,true],"hoot-preview-large":["https:\/\/reporterosdelsur.org\/diario\/wp-content\/uploads\/2026\/09\/Depor-1-400x500.jpeg",400,500,true],"hoot-wide-thumb":["https:\/\/reporterosdelsur.org\/diario\/wp-content\/uploads\/2026\/09\/Depor-1-920x425.jpeg",920,425,true],"hoot-extra-wide-thumb":["https:\/\/reporterosdelsur.org\/diario\/wp-content\/uploads\/2026\/09\/Depor-1-1035x425.jpeg",1035,425,true]},"author_info":{"display_name":"Reporteros del Sur","author_link":"https:\/\/reporterosdelsur.org\/diario\/author\/admin\/"},"category_info":"<a href=\"https:\/\/reporterosdelsur.org\/diario\/category\/deportes\/\" rel=\"category tag\">Deportes<\/a> <a href=\"https:\/\/reporterosdelsur.org\/diario\/category\/destacado\/\" rel=\"category tag\">Destacado<\/a>","tag_info":"Destacado","comment_count":"0","_links":{"self":[{"href":"https:\/\/reporterosdelsur.org\/diario\/wp-json\/wp\/v2\/posts\/58922","targetHints":{"allow":["GET"]}}],"collection":[{"href":"https:\/\/reporterosdelsur.org\/diario\/wp-json\/wp\/v2\/posts"}],"about":[{"href":"https:\/\/reporterosdelsur.org\/diario\/wp-json\/wp\/v2\/types\/post"}],"author":[{"embeddable":true,"href":"https:\/\/reporterosdelsur.org\/diario\/wp-json\/wp\/v2\/users\/1"}],"replies":[{"embeddable":true,"href":"https:\/\/reporterosdelsur.org\/diario\/wp-json\/wp\/v2\/comments?post=58922"}],"version-history":[{"count":1,"href":"https:\/\/reporterosdelsur.org\/diario\/wp-json\/wp\/v2\/posts\/58922\/revisions"}],"predecessor-version":[{"id":58924,"href":"https:\/\/reporterosdelsur.org\/diario\/wp-json\/wp\/v2\/posts\/58922\/revisions\/58924"}],"wp:featuredmedia":[{"embeddable":true,"href":"https:\/\/reporterosdelsur.org\/diario\/wp-json\/wp\/v2\/media\/58923"}],"wp:attachment":[{"href":"https:\/\/reporterosdelsur.org\/diario\/wp-json\/wp\/v2\/media?parent=58922"}],"wp:term":[{"taxonomy":"category","embeddable":true,"href":"https:\/\/reporterosdelsur.org\/diario\/wp-json\/wp\/v2\/categories?post=58922"},{"taxonomy":"post_tag","embeddable":true,"href":"https:\/\/reporterosdelsur.org\/diario\/wp-json\/wp\/v2\/tags?post=58922"}],"curies":[{"name":"wp","href":"https:\/\/api.w.org\/{rel}","templated":true}]}}