{"id":58915,"date":"2026-09-03T16:33:58","date_gmt":"2026-09-03T22:33:58","guid":{"rendered":"https:\/\/reporterosdelsur.org\/diario\/?p=58915"},"modified":"2026-09-03T16:34:02","modified_gmt":"2026-09-03T22:34:02","slug":"entregan-mil-317-medios-de-cobro-de-jovenes-construyendo-el-futuro-en-tabasco","status":"publish","type":"post","link":"https:\/\/reporterosdelsur.org\/diario\/2026\/09\/entregan-mil-317-medios-de-cobro-de-jovenes-construyendo-el-futuro-en-tabasco\/","title":{"rendered":"Entregan mil 317 medios de cobro de J\u00f3venes Construyendo el Futuro en Tabasco"},"content":{"rendered":"\n<p class=\"wp-block-paragraph\"><strong>El gobernador Javier May Rodr\u00edguez destac\u00f3 que el programa federal brinda a las juventudes oportunidades para adquirir experiencia laboral, fortalecer sus capacidades y ampliar sus posibilidades de incorporarse al mercado de trabajo.<\/strong><\/p>\n\n\n\n<p class=\"wp-block-paragraph\"><strong>Villahermosa, Tab.\u2014<\/strong> Un total de <strong>mil 317 medios de cobro del programa J\u00f3venes Construyendo el Futuro<\/strong> fueron entregados en Tabasco, como parte de la estrategia del Gobierno de M\u00e9xico para brindar a las nuevas generaciones herramientas y oportunidades que les permitan incorporarse al mercado laboral.<\/p>\n\n\n\n<p class=\"wp-block-paragraph\">Al atestiguar la entrega, el gobernador <strong>Javier May Rodr\u00edguez<\/strong> destac\u00f3 que el programa representa un respaldo para las juventudes, al reconocer su talento, capacidad y potencial para contribuir activamente al desarrollo de la entidad.<\/p>\n\n\n\n<p class=\"wp-block-paragraph\">Acompa\u00f1ado por el delegado de Programas para el Bienestar en Tabasco, <strong>Jos\u00e9 Pablo Mora G\u00f3mez<\/strong>, y j\u00f3venes beneficiarios, el mandatario explic\u00f3 que este esquema permite a sus participantes dar un primer paso en su trayectoria laboral y poner en pr\u00e1ctica los conocimientos y capacidades adquiridos.<\/p>\n\n\n\n<figure class=\"wp-block-image size-large\"><img loading=\"lazy\" decoding=\"async\" width=\"1024\" height=\"682\" src=\"https:\/\/reporterosdelsur.org\/diario\/wp-content\/uploads\/2026\/09\/Jov-const-1-1024x682.jpeg\" alt=\"\" class=\"wp-image-58917\" srcset=\"https:\/\/reporterosdelsur.org\/diario\/wp-content\/uploads\/2026\/09\/Jov-const-1-1024x682.jpeg 1024w, https:\/\/reporterosdelsur.org\/diario\/wp-content\/uploads\/2026\/09\/Jov-const-1-300x200.jpeg 300w, https:\/\/reporterosdelsur.org\/diario\/wp-content\/uploads\/2026\/09\/Jov-const-1-768x512.jpeg 768w, https:\/\/reporterosdelsur.org\/diario\/wp-content\/uploads\/2026\/09\/Jov-const-1-1200x800.jpeg 1200w, https:\/\/reporterosdelsur.org\/diario\/wp-content\/uploads\/2026\/09\/Jov-const-1-465x310.jpeg 465w, https:\/\/reporterosdelsur.org\/diario\/wp-content\/uploads\/2026\/09\/Jov-const-1-695x463.jpeg 695w, https:\/\/reporterosdelsur.org\/diario\/wp-content\/uploads\/2026\/09\/Jov-const-1.jpeg 1280w\" sizes=\"auto, (max-width: 1024px) 100vw, 1024px\" \/><\/figure>\n\n\n\n<p class=\"wp-block-paragraph\">May Rodr\u00edguez se\u00f1al\u00f3 que, adem\u00e1s del apoyo econ\u00f3mico, uno de los principales beneficios del programa es la posibilidad de <strong>adquirir experiencia laboral<\/strong>, conocer las din\u00e1micas de un centro de trabajo y asumir responsabilidades mientras desarrollan nuevos conocimientos mediante actividades cotidianas.<\/p>\n\n\n\n<p class=\"wp-block-paragraph\">\u201cSi bien el apoyo econ\u00f3mico es importante, lo realmente significativo es la experiencia que ustedes pueden construir durante estos meses\u201d, afirm\u00f3.<\/p>\n\n\n\n<p class=\"wp-block-paragraph\">El gobernador subray\u00f3 que J\u00f3venes Construyendo el Futuro abre oportunidades para fortalecer conocimientos y convertir las habilidades de sus participantes en herramientas para construir un mejor futuro y ampliar sus posibilidades de incorporaci\u00f3n al mercado laboral.<\/p>\n\n\n\n<figure class=\"wp-block-image size-large\"><img loading=\"lazy\" decoding=\"async\" width=\"1024\" height=\"682\" src=\"https:\/\/reporterosdelsur.org\/diario\/wp-content\/uploads\/2026\/09\/Jov-const-2-1024x682.jpeg\" alt=\"\" class=\"wp-image-58918\" srcset=\"https:\/\/reporterosdelsur.org\/diario\/wp-content\/uploads\/2026\/09\/Jov-const-2-1024x682.jpeg 1024w, https:\/\/reporterosdelsur.org\/diario\/wp-content\/uploads\/2026\/09\/Jov-const-2-300x200.jpeg 300w, https:\/\/reporterosdelsur.org\/diario\/wp-content\/uploads\/2026\/09\/Jov-const-2-768x512.jpeg 768w, https:\/\/reporterosdelsur.org\/diario\/wp-content\/uploads\/2026\/09\/Jov-const-2-1200x800.jpeg 1200w, https:\/\/reporterosdelsur.org\/diario\/wp-content\/uploads\/2026\/09\/Jov-const-2-465x310.jpeg 465w, https:\/\/reporterosdelsur.org\/diario\/wp-content\/uploads\/2026\/09\/Jov-const-2-695x463.jpeg 695w, https:\/\/reporterosdelsur.org\/diario\/wp-content\/uploads\/2026\/09\/Jov-const-2.jpeg 1280w\" sizes=\"auto, (max-width: 1024px) 100vw, 1024px\" \/><\/figure>\n\n\n\n<p class=\"wp-block-paragraph\">\u201cEn M\u00e9xico y Tabasco, su trabajo e ideas son parte de la transformaci\u00f3n que juntos estamos haciendo posible\u201d, enfatiz\u00f3.<\/p>\n\n\n\n<h3 class=\"wp-block-heading\">Respaldo a las nuevas generaciones<\/h3>\n\n\n\n<p class=\"wp-block-paragraph\">May Rodr\u00edguez reconoci\u00f3 el trabajo de la presidenta de M\u00e9xico, <strong>Claudia Sheinbaum Pardo<\/strong>, para mantener y fortalecer este programa federal, al considerar que constituye un respaldo importante para las juventudes del pa\u00eds.<\/p>\n\n\n\n<p class=\"wp-block-paragraph\">Afirm\u00f3 que desde el Gobierno del Pueblo se comparte la visi\u00f3n de que invertir en las nuevas generaciones significa ampliar las oportunidades para que puedan construir su propio camino y desarrollar plenamente sus capacidades.<\/p>\n\n\n\n<figure class=\"wp-block-image size-large\"><img loading=\"lazy\" decoding=\"async\" width=\"1024\" height=\"682\" src=\"https:\/\/reporterosdelsur.org\/diario\/wp-content\/uploads\/2026\/09\/Jov-const-4-1024x682.jpeg\" alt=\"\" class=\"wp-image-58919\" srcset=\"https:\/\/reporterosdelsur.org\/diario\/wp-content\/uploads\/2026\/09\/Jov-const-4-1024x682.jpeg 1024w, https:\/\/reporterosdelsur.org\/diario\/wp-content\/uploads\/2026\/09\/Jov-const-4-300x200.jpeg 300w, https:\/\/reporterosdelsur.org\/diario\/wp-content\/uploads\/2026\/09\/Jov-const-4-768x512.jpeg 768w, https:\/\/reporterosdelsur.org\/diario\/wp-content\/uploads\/2026\/09\/Jov-const-4-1200x800.jpeg 1200w, https:\/\/reporterosdelsur.org\/diario\/wp-content\/uploads\/2026\/09\/Jov-const-4-465x310.jpeg 465w, https:\/\/reporterosdelsur.org\/diario\/wp-content\/uploads\/2026\/09\/Jov-const-4-695x463.jpeg 695w, https:\/\/reporterosdelsur.org\/diario\/wp-content\/uploads\/2026\/09\/Jov-const-4.jpeg 1280w\" sizes=\"auto, (max-width: 1024px) 100vw, 1024px\" \/><\/figure>\n\n\n\n<p class=\"wp-block-paragraph\">El evento se llev\u00f3 a cabo en el <strong>Teatro Esperanza Iris<\/strong>, donde los j\u00f3venes beneficiarios recibieron los medios de cobro correspondientes para acceder al apoyo del programa.<\/p>\n\n\n\n<p class=\"wp-block-paragraph\">Por su parte, el delegado de Programas para el Bienestar, <strong>Jos\u00e9 Pablo Mora G\u00f3mez<\/strong>, convoc\u00f3 a las y los j\u00f3venes a aprovechar la oportunidad que representa J\u00f3venes Construyendo el Futuro para adquirir experiencia y acercarse al sector laboral.<\/p>\n\n\n\n<p class=\"wp-block-paragraph\">Explic\u00f3 que durante su participaci\u00f3n podr\u00e1n conocer el funcionamiento y operaci\u00f3n de las empresas o sectores donde desarrollar\u00e1n sus actividades, adem\u00e1s de fortalecer sus capacidades para incrementar sus posibilidades de permanencia o incorporaci\u00f3n al mercado laboral.<\/p>\n\n\n\n<figure class=\"wp-block-image size-large\"><img loading=\"lazy\" decoding=\"async\" width=\"1024\" height=\"682\" src=\"https:\/\/reporterosdelsur.org\/diario\/wp-content\/uploads\/2026\/09\/Jov-const-5-1024x682.jpeg\" alt=\"\" class=\"wp-image-58920\" srcset=\"https:\/\/reporterosdelsur.org\/diario\/wp-content\/uploads\/2026\/09\/Jov-const-5-1024x682.jpeg 1024w, https:\/\/reporterosdelsur.org\/diario\/wp-content\/uploads\/2026\/09\/Jov-const-5-300x200.jpeg 300w, https:\/\/reporterosdelsur.org\/diario\/wp-content\/uploads\/2026\/09\/Jov-const-5-768x512.jpeg 768w, https:\/\/reporterosdelsur.org\/diario\/wp-content\/uploads\/2026\/09\/Jov-const-5-1200x800.jpeg 1200w, https:\/\/reporterosdelsur.org\/diario\/wp-content\/uploads\/2026\/09\/Jov-const-5-465x310.jpeg 465w, https:\/\/reporterosdelsur.org\/diario\/wp-content\/uploads\/2026\/09\/Jov-const-5-695x463.jpeg 695w, https:\/\/reporterosdelsur.org\/diario\/wp-content\/uploads\/2026\/09\/Jov-const-5.jpeg 1280w\" sizes=\"auto, (max-width: 1024px) 100vw, 1024px\" \/><\/figure>\n\n\n\n<p class=\"wp-block-paragraph\">\u201cPara que durante este a\u00f1o puedan adquirir experiencias, conocer el funcionamiento, la operaci\u00f3n de las empresas o los sectores donde van a estar y se puedan posicionar\u201d, expres\u00f3.<\/p>\n\n\n\n<p class=\"wp-block-paragraph\">De esta manera, el programa busca que las juventudes no solo reciban un apoyo econ\u00f3mico, sino que tambi\u00e9n desarrollen experiencia y herramientas que les permitan enfrentar con mayores capacidades su incorporaci\u00f3n a la vida laboral.<\/p>\n","protected":false},"excerpt":{"rendered":"<p>El gobernador Javier May Rodr\u00edguez destac\u00f3 que el programa federal brinda a las juventudes oportunidades para adquirir experiencia laboral, fortalecer sus capacidades y ampliar sus posibilidades de incorporarse al mercado de trabajo. Villahermosa, Tab.\u2014 Un total de mil 317 medios de cobro del programa J\u00f3venes Construyendo el Futuro fueron entregados<span class=\"more-link theme-more-link\"><a href=\"https:\/\/reporterosdelsur.org\/diario\/2026\/09\/entregan-mil-317-medios-de-cobro-de-jovenes-construyendo-el-futuro-en-tabasco\/\">Leer Nota Complete<\/a><\/span><\/p>\n","protected":false},"author":2,"featured_media":58916,"comment_status":"open","ping_status":"open","sticky":false,"template":"","format":"standard","meta":{"footnotes":"","jetpack_publicize_message":"","jetpack_publicize_feature_enabled":true,"jetpack_social_post_already_shared":true,"jetpack_social_options":{"image_generator_settings":{"template":"highway","default_image_id":0,"font":"","enabled":false},"version":2}},"categories":[2],"tags":[736,2393,418,177,2392,38,640,333],"class_list":["entry","author-guza0892gmail-com","post-58915","post","type-post","status-publish","format-standard","has-post-thumbnail","category-tabasco","tag-audiencia-publica","tag-el-futuro","tag-gobierno-de-tabasco","tag-javier-may-rodriguez","tag-jovenes-constriyendo","tag-noticias","tag-obras-sociales","tag-seguridad"],"jetpack_publicize_connections":[],"featured_image_urls":{"full":["https:\/\/reporterosdelsur.org\/diario\/wp-content\/uploads\/2026\/09\/Jov-const-6.jpeg",1280,853,false],"thumbnail":["https:\/\/reporterosdelsur.org\/diario\/wp-content\/uploads\/2026\/09\/Jov-const-6-150x150.jpeg",150,150,true],"medium":["https:\/\/reporterosdelsur.org\/diario\/wp-content\/uploads\/2026\/09\/Jov-const-6-300x200.jpeg",300,200,true],"medium_large":["https:\/\/reporterosdelsur.org\/diario\/wp-content\/uploads\/2026\/09\/Jov-const-6-768x512.jpeg",768,512,true],"large":["https:\/\/reporterosdelsur.org\/diario\/wp-content\/uploads\/2026\/09\/Jov-const-6-1024x682.jpeg",1024,682,true],"1536x1536":["https:\/\/reporterosdelsur.org\/diario\/wp-content\/uploads\/2026\/09\/Jov-const-6.jpeg",1280,853,false],"2048x2048":["https:\/\/reporterosdelsur.org\/diario\/wp-content\/uploads\/2026\/09\/Jov-const-6.jpeg",1280,853,false],"ultp_layout_landscape_large":["https:\/\/reporterosdelsur.org\/diario\/wp-content\/uploads\/2026\/09\/Jov-const-6-1200x800.jpeg",1200,800,true],"ultp_layout_landscape":["https:\/\/reporterosdelsur.org\/diario\/wp-content\/uploads\/2026\/09\/Jov-const-6-870x570.jpeg",870,570,true],"ultp_layout_portrait":["https:\/\/reporterosdelsur.org\/diario\/wp-content\/uploads\/2026\/09\/Jov-const-6-600x853.jpeg",600,853,true],"ultp_layout_square":["https:\/\/reporterosdelsur.org\/diario\/wp-content\/uploads\/2026\/09\/Jov-const-6-600x600.jpeg",600,600,true],"hoot-medium-thumb":["https:\/\/reporterosdelsur.org\/diario\/wp-content\/uploads\/2026\/09\/Jov-const-6-460x400.jpeg",460,400,true],"hoot-preview":["https:\/\/reporterosdelsur.org\/diario\/wp-content\/uploads\/2026\/09\/Jov-const-6-465x310.jpeg",465,310,true],"hoot-preview-thumb":["https:\/\/reporterosdelsur.org\/diario\/wp-content\/uploads\/2026\/09\/Jov-const-6-465x550.jpeg",465,550,true],"hoot-large-thumb":["https:\/\/reporterosdelsur.org\/diario\/wp-content\/uploads\/2026\/09\/Jov-const-6-690x550.jpeg",690,550,true],"hoot-preview-large":["https:\/\/reporterosdelsur.org\/diario\/wp-content\/uploads\/2026\/09\/Jov-const-6-695x463.jpeg",695,463,true],"hoot-wide-thumb":["https:\/\/reporterosdelsur.org\/diario\/wp-content\/uploads\/2026\/09\/Jov-const-6-920x425.jpeg",920,425,true],"hoot-extra-wide-thumb":["https:\/\/reporterosdelsur.org\/diario\/wp-content\/uploads\/2026\/09\/Jov-const-6-1035x425.jpeg",1035,425,true]},"author_info":{"display_name":"Reporteros del Sur","author_link":"https:\/\/reporterosdelsur.org\/diario\/author\/guza0892gmail-com\/"},"category_info":"<a href=\"https:\/\/reporterosdelsur.org\/diario\/category\/tabasco\/\" rel=\"category tag\">Tabasco<\/a>","tag_info":"Tabasco","comment_count":"0","_links":{"self":[{"href":"https:\/\/reporterosdelsur.org\/diario\/wp-json\/wp\/v2\/posts\/58915","targetHints":{"allow":["GET"]}}],"collection":[{"href":"https:\/\/reporterosdelsur.org\/diario\/wp-json\/wp\/v2\/posts"}],"about":[{"href":"https:\/\/reporterosdelsur.org\/diario\/wp-json\/wp\/v2\/types\/post"}],"author":[{"embeddable":true,"href":"https:\/\/reporterosdelsur.org\/diario\/wp-json\/wp\/v2\/users\/2"}],"replies":[{"embeddable":true,"href":"https:\/\/reporterosdelsur.org\/diario\/wp-json\/wp\/v2\/comments?post=58915"}],"version-history":[{"count":2,"href":"https:\/\/reporterosdelsur.org\/diario\/wp-json\/wp\/v2\/posts\/58915\/revisions"}],"predecessor-version":[{"id":58962,"href":"https:\/\/reporterosdelsur.org\/diario\/wp-json\/wp\/v2\/posts\/58915\/revisions\/58962"}],"wp:featuredmedia":[{"embeddable":true,"href":"https:\/\/reporterosdelsur.org\/diario\/wp-json\/wp\/v2\/media\/58916"}],"wp:attachment":[{"href":"https:\/\/reporterosdelsur.org\/diario\/wp-json\/wp\/v2\/media?parent=58915"}],"wp:term":[{"taxonomy":"category","embeddable":true,"href":"https:\/\/reporterosdelsur.org\/diario\/wp-json\/wp\/v2\/categories?post=58915"},{"taxonomy":"post_tag","embeddable":true,"href":"https:\/\/reporterosdelsur.org\/diario\/wp-json\/wp\/v2\/tags?post=58915"}],"curies":[{"name":"wp","href":"https:\/\/api.w.org\/{rel}","templated":true}]}}