{"id":58911,"date":"2026-09-03T16:28:30","date_gmt":"2026-09-03T22:28:30","guid":{"rendered":"https:\/\/reporterosdelsur.org\/diario\/?p=58911"},"modified":"2026-09-03T16:28:33","modified_gmt":"2026-09-03T22:28:33","slug":"atienden-problema-electrico-en-secundaria-jaime-torres-bodet-tras-protesta-de-padres","status":"publish","type":"post","link":"https:\/\/reporterosdelsur.org\/diario\/2026\/09\/atienden-problema-electrico-en-secundaria-jaime-torres-bodet-tras-protesta-de-padres\/","title":{"rendered":"Atienden problema el\u00e9ctrico en secundaria Jaime Torres Bodet tras protesta de padres"},"content":{"rendered":"\n<p class=\"wp-block-paragraph\"><strong>La secretaria de Educaci\u00f3n, Patricia Iparrea S\u00e1nchez, inform\u00f3 que la problem\u00e1tica de energ\u00eda el\u00e9ctrica en la Secundaria Federal Jaime Torres Bodet ya fue atendida y aclar\u00f3 que los recursos de La Escuela es Nuestra son administrados por los comit\u00e9s de padres de familia.<\/strong><\/p>\n\n\n\n<p class=\"wp-block-paragraph\"><strong>Villahermosa, Tab.\u2014<\/strong> Luego de la manifestaci\u00f3n realizada por padres de familia de la <strong>Escuela Secundaria Federal \u201cJaime Torres Bodet\u201d<\/strong>, la secretaria de Educaci\u00f3n de Tabasco, <strong>Patricia Iparrea S\u00e1nchez<\/strong>, inform\u00f3 que el problema relacionado con el suministro de energ\u00eda el\u00e9ctrica en el plantel fue atendido.<\/p>\n\n\n\n<p class=\"wp-block-paragraph\">La funcionaria explic\u00f3 que los recursos del programa federal <strong>La Escuela es Nuestra<\/strong> no son ejercidos directamente por la Secretar\u00eda de Educaci\u00f3n de Tabasco (SETAB), sino por los propios comit\u00e9s de padres de familia, quienes determinan las acciones y adquisiciones que se realizan con estos recursos.<\/p>\n\n\n\n<p class=\"wp-block-paragraph\">Iparrea S\u00e1nchez se\u00f1al\u00f3 que durante las <strong>Jornadas de Atenci\u00f3n en Territorio<\/strong> es frecuente recibir reportes de escuelas que enfrentan problemas relacionados con el suministro el\u00e9ctrico, una situaci\u00f3n que, dijo, en algunos casos est\u00e1 relacionada con la adquisici\u00f3n de transformadores reparados o de segunda mano.<\/p>\n\n\n\n<p class=\"wp-block-paragraph\">Explic\u00f3 que esta situaci\u00f3n puede generar dificultades ante la <strong>Comisi\u00f3n Federal de Electricidad (CFE)<\/strong>, particularmente cuando no se cuenta con la documentaci\u00f3n que acredite la adquisici\u00f3n del equipo.<\/p>\n\n\n\n<figure class=\"wp-block-image size-large\"><img loading=\"lazy\" decoding=\"async\" width=\"743\" height=\"1024\" src=\"https:\/\/reporterosdelsur.org\/diario\/wp-content\/uploads\/2026\/09\/CFE-2-1-743x1024.jpg\" alt=\"\" class=\"wp-image-58913\" srcset=\"https:\/\/reporterosdelsur.org\/diario\/wp-content\/uploads\/2026\/09\/CFE-2-1-743x1024.jpg 743w, https:\/\/reporterosdelsur.org\/diario\/wp-content\/uploads\/2026\/09\/CFE-2-1-218x300.jpg 218w, https:\/\/reporterosdelsur.org\/diario\/wp-content\/uploads\/2026\/09\/CFE-2-1-768x1058.jpg 768w, https:\/\/reporterosdelsur.org\/diario\/wp-content\/uploads\/2026\/09\/CFE-2-1-1115x1536.jpg 1115w, https:\/\/reporterosdelsur.org\/diario\/wp-content\/uploads\/2026\/09\/CFE-2-1-1487x2048.jpg 1487w, https:\/\/reporterosdelsur.org\/diario\/wp-content\/uploads\/2026\/09\/CFE-2-1-399x550.jpg 399w, https:\/\/reporterosdelsur.org\/diario\/wp-content\/uploads\/2026\/09\/CFE-2-1-363x500.jpg 363w, https:\/\/reporterosdelsur.org\/diario\/wp-content\/uploads\/2026\/09\/CFE-2-1.jpg 1844w\" sizes=\"auto, (max-width: 743px) 100vw, 743px\" \/><figcaption class=\"wp-element-caption\">oplus_32<\/figcaption><\/figure>\n\n\n\n<p class=\"wp-block-paragraph\">\u201cTodos los pap\u00e1s llegan con temas de energ\u00eda. Porque aparte tambi\u00e9n se ponen a comprar transformadores que son de segunda mano, que fueron reparados y que no sirven, entonces la Comisi\u00f3n Federal de Electricidad, si t\u00fa no presentas una factura, pues no te baja el suministro de energ\u00eda\u201d, se\u00f1al\u00f3.<\/p>\n\n\n\n<h3 class=\"wp-block-heading\">Recursos bajo responsabilidad de los comit\u00e9s<\/h3>\n\n\n\n<p class=\"wp-block-paragraph\">La secretaria reiter\u00f3 que los recursos de <strong>La Escuela es Nuestra<\/strong> son administrados por los comit\u00e9s escolares, por lo que la SETAB no interviene directamente en su ejercicio.<\/p>\n\n\n\n<p class=\"wp-block-paragraph\">Ante las inconformidades expresadas por los padres de familia, destac\u00f3 la importancia de que las adquisiciones de infraestructura y equipos para los planteles educativos se realicen con las especificaciones adecuadas y con la documentaci\u00f3n correspondiente, a fin de evitar problemas posteriores.<\/p>\n\n\n\n<p class=\"wp-block-paragraph\">La funcionaria asegur\u00f3 que la problem\u00e1tica de la Secundaria Jaime Torres Bodet fue atendida, luego de que padres de familia recurrieran a la protesta para exigir condiciones adecuadas para el desarrollo de las actividades escolares.<\/p>\n\n\n\n<p class=\"wp-block-paragraph\">El caso vuelve a poner sobre la mesa las dificultades que enfrentan algunos planteles educativos para garantizar servicios b\u00e1sicos como la energ\u00eda el\u00e9ctrica, indispensables para que estudiantes y docentes puedan desarrollar sus actividades en condiciones adecuadas.<\/p>\n","protected":false},"excerpt":{"rendered":"<p>La secretaria de Educaci\u00f3n, Patricia Iparrea S\u00e1nchez, inform\u00f3 que la problem\u00e1tica de energ\u00eda el\u00e9ctrica en la Secundaria Federal Jaime Torres Bodet ya fue atendida y aclar\u00f3 que los recursos de La Escuela es Nuestra son administrados por los comit\u00e9s de padres de familia. Villahermosa, Tab.\u2014 Luego de la manifestaci\u00f3n realizada<span class=\"more-link theme-more-link\"><a href=\"https:\/\/reporterosdelsur.org\/diario\/2026\/09\/atienden-problema-electrico-en-secundaria-jaime-torres-bodet-tras-protesta-de-padres\/\">Leer Nota Complete<\/a><\/span><\/p>\n","protected":false},"author":2,"featured_media":58912,"comment_status":"open","ping_status":"open","sticky":false,"template":"","format":"standard","meta":{"footnotes":"","jetpack_publicize_message":"","jetpack_publicize_feature_enabled":true,"jetpack_social_post_already_shared":true,"jetpack_social_options":{"image_generator_settings":{"template":"highway","default_image_id":0,"font":"","enabled":false},"version":2}},"categories":[2],"tags":[535,202,368,442,340,452,84,38,333,367,35],"class_list":["entry","author-guza0892gmail-com","post-58911","post","type-post","status-publish","format-standard","has-post-thumbnail","category-tabasco","tag-alumnos","tag-cfe","tag-educacion-2","tag-estudiantes","tag-gobierno-del-estado","tag-ieat","tag-javier-may","tag-noticias","tag-seguridad","tag-setab","tag-tabasco"],"jetpack_publicize_connections":[],"featured_image_urls":{"full":["https:\/\/reporterosdelsur.org\/diario\/wp-content\/uploads\/2026\/09\/CFE-2.jpg",1844,2540,false],"thumbnail":["https:\/\/reporterosdelsur.org\/diario\/wp-content\/uploads\/2026\/09\/CFE-2-150x150.jpg",150,150,true],"medium":["https:\/\/reporterosdelsur.org\/diario\/wp-content\/uploads\/2026\/09\/CFE-2-218x300.jpg",218,300,true],"medium_large":["https:\/\/reporterosdelsur.org\/diario\/wp-content\/uploads\/2026\/09\/CFE-2-768x1058.jpg",768,1058,true],"large":["https:\/\/reporterosdelsur.org\/diario\/wp-content\/uploads\/2026\/09\/CFE-2-743x1024.jpg",743,1024,true],"1536x1536":["https:\/\/reporterosdelsur.org\/diario\/wp-content\/uploads\/2026\/09\/CFE-2-1115x1536.jpg",1115,1536,true],"2048x2048":["https:\/\/reporterosdelsur.org\/diario\/wp-content\/uploads\/2026\/09\/CFE-2-1487x2048.jpg",1487,2048,true],"ultp_layout_landscape_large":["https:\/\/reporterosdelsur.org\/diario\/wp-content\/uploads\/2026\/09\/CFE-2-1200x800.jpg",1200,800,true],"ultp_layout_landscape":["https:\/\/reporterosdelsur.org\/diario\/wp-content\/uploads\/2026\/09\/CFE-2-870x570.jpg",870,570,true],"ultp_layout_portrait":["https:\/\/reporterosdelsur.org\/diario\/wp-content\/uploads\/2026\/09\/CFE-2-600x900.jpg",600,900,true],"ultp_layout_square":["https:\/\/reporterosdelsur.org\/diario\/wp-content\/uploads\/2026\/09\/CFE-2-600x600.jpg",600,600,true],"hoot-medium-thumb":["https:\/\/reporterosdelsur.org\/diario\/wp-content\/uploads\/2026\/09\/CFE-2-460x400.jpg",460,400,true],"hoot-preview":["https:\/\/reporterosdelsur.org\/diario\/wp-content\/uploads\/2026\/09\/CFE-2-399x550.jpg",399,550,true],"hoot-preview-thumb":["https:\/\/reporterosdelsur.org\/diario\/wp-content\/uploads\/2026\/09\/CFE-2-465x550.jpg",465,550,true],"hoot-large-thumb":["https:\/\/reporterosdelsur.org\/diario\/wp-content\/uploads\/2026\/09\/CFE-2-690x550.jpg",690,550,true],"hoot-preview-large":["https:\/\/reporterosdelsur.org\/diario\/wp-content\/uploads\/2026\/09\/CFE-2-363x500.jpg",363,500,true],"hoot-wide-thumb":["https:\/\/reporterosdelsur.org\/diario\/wp-content\/uploads\/2026\/09\/CFE-2-920x425.jpg",920,425,true],"hoot-extra-wide-thumb":["https:\/\/reporterosdelsur.org\/diario\/wp-content\/uploads\/2026\/09\/CFE-2-1035x425.jpg",1035,425,true]},"author_info":{"display_name":"Reporteros del Sur","author_link":"https:\/\/reporterosdelsur.org\/diario\/author\/guza0892gmail-com\/"},"category_info":"<a href=\"https:\/\/reporterosdelsur.org\/diario\/category\/tabasco\/\" rel=\"category tag\">Tabasco<\/a>","tag_info":"Tabasco","comment_count":"0","_links":{"self":[{"href":"https:\/\/reporterosdelsur.org\/diario\/wp-json\/wp\/v2\/posts\/58911","targetHints":{"allow":["GET"]}}],"collection":[{"href":"https:\/\/reporterosdelsur.org\/diario\/wp-json\/wp\/v2\/posts"}],"about":[{"href":"https:\/\/reporterosdelsur.org\/diario\/wp-json\/wp\/v2\/types\/post"}],"author":[{"embeddable":true,"href":"https:\/\/reporterosdelsur.org\/diario\/wp-json\/wp\/v2\/users\/2"}],"replies":[{"embeddable":true,"href":"https:\/\/reporterosdelsur.org\/diario\/wp-json\/wp\/v2\/comments?post=58911"}],"version-history":[{"count":1,"href":"https:\/\/reporterosdelsur.org\/diario\/wp-json\/wp\/v2\/posts\/58911\/revisions"}],"predecessor-version":[{"id":58914,"href":"https:\/\/reporterosdelsur.org\/diario\/wp-json\/wp\/v2\/posts\/58911\/revisions\/58914"}],"wp:featuredmedia":[{"embeddable":true,"href":"https:\/\/reporterosdelsur.org\/diario\/wp-json\/wp\/v2\/media\/58912"}],"wp:attachment":[{"href":"https:\/\/reporterosdelsur.org\/diario\/wp-json\/wp\/v2\/media?parent=58911"}],"wp:term":[{"taxonomy":"category","embeddable":true,"href":"https:\/\/reporterosdelsur.org\/diario\/wp-json\/wp\/v2\/categories?post=58911"},{"taxonomy":"post_tag","embeddable":true,"href":"https:\/\/reporterosdelsur.org\/diario\/wp-json\/wp\/v2\/tags?post=58911"}],"curies":[{"name":"wp","href":"https:\/\/api.w.org\/{rel}","templated":true}]}}