{"id":58905,"date":"2026-09-03T16:20:07","date_gmt":"2026-09-03T22:20:07","guid":{"rendered":"https:\/\/reporterosdelsur.org\/diario\/?p=58905"},"modified":"2026-09-03T16:20:11","modified_gmt":"2026-09-03T22:20:11","slug":"miguel-moheno-fortalece-presencia-del-pvem-en-comunidades-de-cardenas","status":"publish","type":"post","link":"https:\/\/reporterosdelsur.org\/diario\/2026\/09\/miguel-moheno-fortalece-presencia-del-pvem-en-comunidades-de-cardenas\/","title":{"rendered":"Miguel Moheno fortalece presencia del PVEM en comunidades de C\u00e1rdenas"},"content":{"rendered":"\n<p class=\"wp-block-paragraph\"><strong>El diputado local Miguel \u00c1ngel Moheno Pi\u00f1era visit\u00f3 Ingenios Santa Rosal\u00eda, donde sostuvo reuniones con habitantes, representantes de Beta San Miguel y personal del ingenio, adem\u00e1s de tomar protesta a los Comit\u00e9s Verdes y brindar apoyo a un jard\u00edn de ni\u00f1os.<\/strong><\/p>\n\n\n\n<p class=\"wp-block-paragraph\"><strong>C\u00e1rdenas, Tab.\u2014<\/strong> Con una agenda de cercan\u00eda y atenci\u00f3n directa a las comunidades, el diputado local <strong>Miguel \u00c1ngel Moheno Pi\u00f1era<\/strong> visit\u00f3 la comunidad de Ingenios Santa Rosal\u00eda, donde sostuvo un encuentro con habitantes, representantes de Beta San Miguel y personal del ingenio, adem\u00e1s de conocer los talleres que se imparten en la zona.<\/p>\n\n\n\n<p class=\"wp-block-paragraph\">Durante su recorrido, el legislador reconoci\u00f3 el esfuerzo y la preparaci\u00f3n de quienes participan en estas actividades, al considerar que la capacitaci\u00f3n contribuye a fortalecer sus capacidades y generar nuevas oportunidades para las familias de la regi\u00f3n.<\/p>\n\n\n\n<figure class=\"wp-block-image size-large\"><img loading=\"lazy\" decoding=\"async\" width=\"682\" height=\"1024\" src=\"https:\/\/reporterosdelsur.org\/diario\/wp-content\/uploads\/2026\/09\/Moheno-3-682x1024.jpeg\" alt=\"\" class=\"wp-image-58907\" srcset=\"https:\/\/reporterosdelsur.org\/diario\/wp-content\/uploads\/2026\/09\/Moheno-3-682x1024.jpeg 682w, https:\/\/reporterosdelsur.org\/diario\/wp-content\/uploads\/2026\/09\/Moheno-3-200x300.jpeg 200w, https:\/\/reporterosdelsur.org\/diario\/wp-content\/uploads\/2026\/09\/Moheno-3-768x1153.jpeg 768w, https:\/\/reporterosdelsur.org\/diario\/wp-content\/uploads\/2026\/09\/Moheno-3-1023x1536.jpeg 1023w, https:\/\/reporterosdelsur.org\/diario\/wp-content\/uploads\/2026\/09\/Moheno-3-600x900.jpeg 600w, https:\/\/reporterosdelsur.org\/diario\/wp-content\/uploads\/2026\/09\/Moheno-3-366x550.jpeg 366w, https:\/\/reporterosdelsur.org\/diario\/wp-content\/uploads\/2026\/09\/Moheno-3-333x500.jpeg 333w, https:\/\/reporterosdelsur.org\/diario\/wp-content\/uploads\/2026\/09\/Moheno-3.jpeg 1066w\" sizes=\"auto, (max-width: 682px) 100vw, 682px\" \/><\/figure>\n\n\n\n<p class=\"wp-block-paragraph\">Uno de los principales actos de la visita fue la <strong>toma de protesta de los Comit\u00e9s Verdes<\/strong> de la regi\u00f3n de C\u00e1rdenas, con lo que se busca fortalecer la organizaci\u00f3n y participaci\u00f3n ciudadana en torno al Partido Verde Ecologista de M\u00e9xico (PVEM).<\/p>\n\n\n\n<p class=\"wp-block-paragraph\">Moheno Pi\u00f1era destac\u00f3 la importancia de incorporar a mujeres y hombres comprometidos con sus comunidades, preparados y con voluntad de participar en acciones que contribuyan al bienestar de las familias cardenenses.<\/p>\n\n\n\n<figure class=\"wp-block-image size-large\"><img loading=\"lazy\" decoding=\"async\" width=\"1024\" height=\"682\" src=\"https:\/\/reporterosdelsur.org\/diario\/wp-content\/uploads\/2026\/09\/Moheno-2-1024x682.jpeg\" alt=\"\" class=\"wp-image-58908\" srcset=\"https:\/\/reporterosdelsur.org\/diario\/wp-content\/uploads\/2026\/09\/Moheno-2-1024x682.jpeg 1024w, https:\/\/reporterosdelsur.org\/diario\/wp-content\/uploads\/2026\/09\/Moheno-2-300x200.jpeg 300w, https:\/\/reporterosdelsur.org\/diario\/wp-content\/uploads\/2026\/09\/Moheno-2-768x512.jpeg 768w, https:\/\/reporterosdelsur.org\/diario\/wp-content\/uploads\/2026\/09\/Moheno-2-1536x1023.jpeg 1536w, https:\/\/reporterosdelsur.org\/diario\/wp-content\/uploads\/2026\/09\/Moheno-2-1200x800.jpeg 1200w, https:\/\/reporterosdelsur.org\/diario\/wp-content\/uploads\/2026\/09\/Moheno-2-465x310.jpeg 465w, https:\/\/reporterosdelsur.org\/diario\/wp-content\/uploads\/2026\/09\/Moheno-2-695x463.jpeg 695w, https:\/\/reporterosdelsur.org\/diario\/wp-content\/uploads\/2026\/09\/Moheno-2.jpeg 1600w\" sizes=\"auto, (max-width: 1024px) 100vw, 1024px\" \/><\/figure>\n\n\n\n<h3 class=\"wp-block-heading\">Apoyo a la educaci\u00f3n<\/h3>\n\n\n\n<p class=\"wp-block-paragraph\">Como parte de sus actividades en la localidad, el diputado tambi\u00e9n brind\u00f3 apoyo a un <strong>jard\u00edn de ni\u00f1os<\/strong>, refrendando su compromiso con la educaci\u00f3n y con las nuevas generaciones.<\/p>\n\n\n\n<p class=\"wp-block-paragraph\">Se\u00f1al\u00f3 que este tipo de acciones forman parte de una agenda de trabajo cercana a la poblaci\u00f3n, cuyo prop\u00f3sito es escuchar de manera directa las necesidades de las comunidades y acompa\u00f1arlas mediante gestiones y apoyos concretos.<\/p>\n\n\n\n<figure class=\"wp-block-image size-large\"><img loading=\"lazy\" decoding=\"async\" width=\"682\" height=\"1024\" src=\"https:\/\/reporterosdelsur.org\/diario\/wp-content\/uploads\/2026\/09\/Moheno-4-682x1024.jpeg\" alt=\"\" class=\"wp-image-58909\" srcset=\"https:\/\/reporterosdelsur.org\/diario\/wp-content\/uploads\/2026\/09\/Moheno-4-682x1024.jpeg 682w, https:\/\/reporterosdelsur.org\/diario\/wp-content\/uploads\/2026\/09\/Moheno-4-200x300.jpeg 200w, https:\/\/reporterosdelsur.org\/diario\/wp-content\/uploads\/2026\/09\/Moheno-4-768x1153.jpeg 768w, https:\/\/reporterosdelsur.org\/diario\/wp-content\/uploads\/2026\/09\/Moheno-4-1023x1536.jpeg 1023w, https:\/\/reporterosdelsur.org\/diario\/wp-content\/uploads\/2026\/09\/Moheno-4-600x900.jpeg 600w, https:\/\/reporterosdelsur.org\/diario\/wp-content\/uploads\/2026\/09\/Moheno-4-366x550.jpeg 366w, https:\/\/reporterosdelsur.org\/diario\/wp-content\/uploads\/2026\/09\/Moheno-4-333x500.jpeg 333w, https:\/\/reporterosdelsur.org\/diario\/wp-content\/uploads\/2026\/09\/Moheno-4.jpeg 1066w\" sizes=\"auto, (max-width: 682px) 100vw, 682px\" \/><\/figure>\n\n\n\n<p class=\"wp-block-paragraph\">El legislador reiter\u00f3 que continuar\u00e1 recorriendo las distintas comunidades de C\u00e1rdenas para mantener contacto directo con la ciudadan\u00eda y conocer las principales necesidades de cada regi\u00f3n.<\/p>\n\n\n\n<p class=\"wp-block-paragraph\">Asimismo, refrend\u00f3 su compromiso con los ideales del Partido Verde Ecologista de M\u00e9xico y con la construcci\u00f3n de un proyecto pol\u00edtico participativo y cercano, enfocado en sumar voluntades y trabajar por el bienestar de las familias del municipio.<\/p>\n","protected":false},"excerpt":{"rendered":"<p>El diputado local Miguel \u00c1ngel Moheno Pi\u00f1era visit\u00f3 Ingenios Santa Rosal\u00eda, donde sostuvo reuniones con habitantes, representantes de Beta San Miguel y personal del ingenio, adem\u00e1s de tomar protesta a los Comit\u00e9s Verdes y brindar apoyo a un jard\u00edn de ni\u00f1os. C\u00e1rdenas, Tab.\u2014 Con una agenda de cercan\u00eda y atenci\u00f3n<span class=\"more-link theme-more-link\"><a href=\"https:\/\/reporterosdelsur.org\/diario\/2026\/09\/miguel-moheno-fortalece-presencia-del-pvem-en-comunidades-de-cardenas\/\">Leer Nota Complete<\/a><\/span><\/p>\n","protected":false},"author":1,"featured_media":58906,"comment_status":"open","ping_status":"open","sticky":false,"template":"","format":"standard","meta":{"footnotes":"","jetpack_publicize_message":"","jetpack_publicize_feature_enabled":true,"jetpack_social_post_already_shared":true,"jetpack_social_options":{"image_generator_settings":{"template":"highway","default_image_id":0,"font":"","enabled":false},"version":2}},"categories":[2],"tags":[581,192,403,242,38,35],"class_list":["entry","author-admin","post-58905","post","type-post","status-publish","format-standard","has-post-thumbnail","category-tabasco","tag-apoyos-sociales","tag-cardenas","tag-congreso-del-estado","tag-diputados","tag-noticias","tag-tabasco"],"jetpack_publicize_connections":[],"featured_image_urls":{"full":["https:\/\/reporterosdelsur.org\/diario\/wp-content\/uploads\/2026\/09\/Moheno-7.jpeg",1600,1066,false],"thumbnail":["https:\/\/reporterosdelsur.org\/diario\/wp-content\/uploads\/2026\/09\/Moheno-7-150x150.jpeg",150,150,true],"medium":["https:\/\/reporterosdelsur.org\/diario\/wp-content\/uploads\/2026\/09\/Moheno-7-300x200.jpeg",300,200,true],"medium_large":["https:\/\/reporterosdelsur.org\/diario\/wp-content\/uploads\/2026\/09\/Moheno-7-768x512.jpeg",768,512,true],"large":["https:\/\/reporterosdelsur.org\/diario\/wp-content\/uploads\/2026\/09\/Moheno-7-1024x682.jpeg",1024,682,true],"1536x1536":["https:\/\/reporterosdelsur.org\/diario\/wp-content\/uploads\/2026\/09\/Moheno-7-1536x1023.jpeg",1536,1023,true],"2048x2048":["https:\/\/reporterosdelsur.org\/diario\/wp-content\/uploads\/2026\/09\/Moheno-7.jpeg",1600,1066,false],"ultp_layout_landscape_large":["https:\/\/reporterosdelsur.org\/diario\/wp-content\/uploads\/2026\/09\/Moheno-7-1200x800.jpeg",1200,800,true],"ultp_layout_landscape":["https:\/\/reporterosdelsur.org\/diario\/wp-content\/uploads\/2026\/09\/Moheno-7-870x570.jpeg",870,570,true],"ultp_layout_portrait":["https:\/\/reporterosdelsur.org\/diario\/wp-content\/uploads\/2026\/09\/Moheno-7-600x900.jpeg",600,900,true],"ultp_layout_square":["https:\/\/reporterosdelsur.org\/diario\/wp-content\/uploads\/2026\/09\/Moheno-7-600x600.jpeg",600,600,true],"hoot-medium-thumb":["https:\/\/reporterosdelsur.org\/diario\/wp-content\/uploads\/2026\/09\/Moheno-7-460x400.jpeg",460,400,true],"hoot-preview":["https:\/\/reporterosdelsur.org\/diario\/wp-content\/uploads\/2026\/09\/Moheno-7-465x310.jpeg",465,310,true],"hoot-preview-thumb":["https:\/\/reporterosdelsur.org\/diario\/wp-content\/uploads\/2026\/09\/Moheno-7-465x550.jpeg",465,550,true],"hoot-large-thumb":["https:\/\/reporterosdelsur.org\/diario\/wp-content\/uploads\/2026\/09\/Moheno-7-690x550.jpeg",690,550,true],"hoot-preview-large":["https:\/\/reporterosdelsur.org\/diario\/wp-content\/uploads\/2026\/09\/Moheno-7-695x463.jpeg",695,463,true],"hoot-wide-thumb":["https:\/\/reporterosdelsur.org\/diario\/wp-content\/uploads\/2026\/09\/Moheno-7-920x425.jpeg",920,425,true],"hoot-extra-wide-thumb":["https:\/\/reporterosdelsur.org\/diario\/wp-content\/uploads\/2026\/09\/Moheno-7-1035x425.jpeg",1035,425,true]},"author_info":{"display_name":"Reporteros del Sur","author_link":"https:\/\/reporterosdelsur.org\/diario\/author\/admin\/"},"category_info":"<a href=\"https:\/\/reporterosdelsur.org\/diario\/category\/tabasco\/\" rel=\"category tag\">Tabasco<\/a>","tag_info":"Tabasco","comment_count":"0","_links":{"self":[{"href":"https:\/\/reporterosdelsur.org\/diario\/wp-json\/wp\/v2\/posts\/58905","targetHints":{"allow":["GET"]}}],"collection":[{"href":"https:\/\/reporterosdelsur.org\/diario\/wp-json\/wp\/v2\/posts"}],"about":[{"href":"https:\/\/reporterosdelsur.org\/diario\/wp-json\/wp\/v2\/types\/post"}],"author":[{"embeddable":true,"href":"https:\/\/reporterosdelsur.org\/diario\/wp-json\/wp\/v2\/users\/1"}],"replies":[{"embeddable":true,"href":"https:\/\/reporterosdelsur.org\/diario\/wp-json\/wp\/v2\/comments?post=58905"}],"version-history":[{"count":1,"href":"https:\/\/reporterosdelsur.org\/diario\/wp-json\/wp\/v2\/posts\/58905\/revisions"}],"predecessor-version":[{"id":58910,"href":"https:\/\/reporterosdelsur.org\/diario\/wp-json\/wp\/v2\/posts\/58905\/revisions\/58910"}],"wp:featuredmedia":[{"embeddable":true,"href":"https:\/\/reporterosdelsur.org\/diario\/wp-json\/wp\/v2\/media\/58906"}],"wp:attachment":[{"href":"https:\/\/reporterosdelsur.org\/diario\/wp-json\/wp\/v2\/media?parent=58905"}],"wp:term":[{"taxonomy":"category","embeddable":true,"href":"https:\/\/reporterosdelsur.org\/diario\/wp-json\/wp\/v2\/categories?post=58905"},{"taxonomy":"post_tag","embeddable":true,"href":"https:\/\/reporterosdelsur.org\/diario\/wp-json\/wp\/v2\/tags?post=58905"}],"curies":[{"name":"wp","href":"https:\/\/api.w.org\/{rel}","templated":true}]}}