{"id":58898,"date":"2026-09-03T16:14:17","date_gmt":"2026-09-03T22:14:17","guid":{"rendered":"https:\/\/reporterosdelsur.org\/diario\/?p=58898"},"modified":"2026-09-03T16:14:23","modified_gmt":"2026-09-03T22:14:23","slug":"tabasco-fortalece-prevencion-de-desastres-con-ciencia-y-tecnologia-durante-ci-red-2026","status":"publish","type":"post","link":"https:\/\/reporterosdelsur.org\/diario\/2026\/09\/tabasco-fortalece-prevencion-de-desastres-con-ciencia-y-tecnologia-durante-ci-red-2026\/","title":{"rendered":"Tabasco fortalece prevenci\u00f3n de desastres con ciencia y tecnolog\u00eda durante CI-RED 2026"},"content":{"rendered":"\n<p class=\"wp-block-paragraph\"><strong>El gobernador Javier May Rodr\u00edguez inaugur\u00f3 el Primer Congreso Internacional para la Reducci\u00f3n de Riesgos de Desastres, donde destac\u00f3 la importancia de unir esfuerzos entre gobierno, academia y ciencia para anticipar amenazas, prevenir emergencias y proteger a las comunidades ante fen\u00f3menos hidrometeorol\u00f3gicos y el cambio clim\u00e1tico.<\/strong><\/p>\n\n\n\n<p class=\"wp-block-paragraph\"><strong>Villahermosa, Tab.\u2014<\/strong> Ante los desaf\u00edos que representan los fen\u00f3menos hidrometeorol\u00f3gicos y los efectos del cambio clim\u00e1tico, Tabasco fortalece la coordinaci\u00f3n entre ciencia, academia y gobierno para anticipar riesgos, prevenir desastres y proteger a las comunidades, afirm\u00f3 el gobernador <strong>Javier May Rodr\u00edguez<\/strong> durante la inauguraci\u00f3n del <strong>Primer Congreso Internacional para la Reducci\u00f3n de Riesgos de Desastres (CI-RED 2026)<\/strong>.<\/p>\n\n\n\n<p class=\"wp-block-paragraph\">Desde el Centro Internacional de Vinculaci\u00f3n y Ense\u00f1anza de la Universidad Ju\u00e1rez Aut\u00f3noma de Tabasco (UJAT), sede del encuentro, el mandatario destac\u00f3 que la entidad est\u00e1 marcada por su estrecha relaci\u00f3n con el agua y las comunidades, por lo que los fen\u00f3menos hidrometeorol\u00f3gicos forman parte de una realidad que hist\u00f3ricamente ha puesto a prueba tanto a la poblaci\u00f3n como a las instituciones.<\/p>\n\n\n\n<figure class=\"wp-block-image size-large\"><img loading=\"lazy\" decoding=\"async\" width=\"1024\" height=\"683\" src=\"https:\/\/reporterosdelsur.org\/diario\/wp-content\/uploads\/2026\/09\/Congreso-5-1024x683.jpeg\" alt=\"\" class=\"wp-image-58900\" srcset=\"https:\/\/reporterosdelsur.org\/diario\/wp-content\/uploads\/2026\/09\/Congreso-5-1024x683.jpeg 1024w, https:\/\/reporterosdelsur.org\/diario\/wp-content\/uploads\/2026\/09\/Congreso-5-300x200.jpeg 300w, https:\/\/reporterosdelsur.org\/diario\/wp-content\/uploads\/2026\/09\/Congreso-5-768x512.jpeg 768w, https:\/\/reporterosdelsur.org\/diario\/wp-content\/uploads\/2026\/09\/Congreso-5-1200x800.jpeg 1200w, https:\/\/reporterosdelsur.org\/diario\/wp-content\/uploads\/2026\/09\/Congreso-5-465x310.jpeg 465w, https:\/\/reporterosdelsur.org\/diario\/wp-content\/uploads\/2026\/09\/Congreso-5-695x464.jpeg 695w, https:\/\/reporterosdelsur.org\/diario\/wp-content\/uploads\/2026\/09\/Congreso-5.jpeg 1280w\" sizes=\"auto, (max-width: 1024px) 100vw, 1024px\" \/><\/figure>\n\n\n\n<p class=\"wp-block-paragraph\">May Rodr\u00edguez se\u00f1al\u00f3 que las experiencias derivadas de estos fen\u00f3menos han dejado aprendizajes que deben transformarse en conocimiento, herramientas y estrategias que permitan mejorar la prevenci\u00f3n y reducir los impactos de futuras emergencias.<\/p>\n\n\n\n<p class=\"wp-block-paragraph\">El mandatario resalt\u00f3 que el intercambio de experiencias nacionales e internacionales contribuye a fortalecer las capacidades de Tabasco y a generar acciones coordinadas frente a uno de los principales desaf\u00edos para el desarrollo sostenible.<\/p>\n\n\n\n<p class=\"wp-block-paragraph\">El congreso es organizado por el Gobierno del Pueblo, a trav\u00e9s del <strong>Instituto de Protecci\u00f3n Civil del Estado de Tabasco (IPCET)<\/strong>, en coordinaci\u00f3n con organismos e instituciones nacionales e internacionales.<\/p>\n\n\n\n<figure class=\"wp-block-image size-large\"><img loading=\"lazy\" decoding=\"async\" width=\"1024\" height=\"683\" src=\"https:\/\/reporterosdelsur.org\/diario\/wp-content\/uploads\/2026\/09\/Congreso-4-1024x683.jpeg\" alt=\"\" class=\"wp-image-58901\" srcset=\"https:\/\/reporterosdelsur.org\/diario\/wp-content\/uploads\/2026\/09\/Congreso-4-1024x683.jpeg 1024w, https:\/\/reporterosdelsur.org\/diario\/wp-content\/uploads\/2026\/09\/Congreso-4-300x200.jpeg 300w, https:\/\/reporterosdelsur.org\/diario\/wp-content\/uploads\/2026\/09\/Congreso-4-768x512.jpeg 768w, https:\/\/reporterosdelsur.org\/diario\/wp-content\/uploads\/2026\/09\/Congreso-4-1200x800.jpeg 1200w, https:\/\/reporterosdelsur.org\/diario\/wp-content\/uploads\/2026\/09\/Congreso-4-465x310.jpeg 465w, https:\/\/reporterosdelsur.org\/diario\/wp-content\/uploads\/2026\/09\/Congreso-4-695x464.jpeg 695w, https:\/\/reporterosdelsur.org\/diario\/wp-content\/uploads\/2026\/09\/Congreso-4.jpeg 1280w\" sizes=\"auto, (max-width: 1024px) 100vw, 1024px\" \/><\/figure>\n\n\n\n<h3 class=\"wp-block-heading\">Prevenci\u00f3n, coordinaci\u00f3n y tecnolog\u00eda<\/h3>\n\n\n\n<p class=\"wp-block-paragraph\">El coordinador del IPCET, <strong>Armando Pulido Pardo<\/strong>, sostuvo que reducir los riesgos de desastres requiere anticipar, prevenir, comunicar y coordinar esfuerzos, adem\u00e1s de construir capacidades en las instituciones y comunidades.<\/p>\n\n\n\n<p class=\"wp-block-paragraph\">Explic\u00f3 que durante dos d\u00edas se desarrollar\u00e1n conferencias, paneles, simposios y talleres relacionados con <strong>resiliencia h\u00eddrica, sistemas de alerta temprana, salud, territorio, tecnolog\u00eda, inteligencia artificial e informaci\u00f3n geoespacial<\/strong>.<\/p>\n\n\n\n<p class=\"wp-block-paragraph\">Pulido Pardo destac\u00f3 que la reducci\u00f3n de riesgos es una tarea interdisciplinaria y colectiva, por lo que uno de los principales objetivos del encuentro es lograr que el conocimiento cient\u00edfico se traduzca en mejores pol\u00edticas p\u00fablicas, comunidades m\u00e1s preparadas, instituciones coordinadas y territorios m\u00e1s seguros y resilientes.<\/p>\n\n\n\n<figure class=\"wp-block-image size-large\"><img loading=\"lazy\" decoding=\"async\" width=\"1024\" height=\"683\" src=\"https:\/\/reporterosdelsur.org\/diario\/wp-content\/uploads\/2026\/09\/Congreso-6-1024x683.jpeg\" alt=\"\" class=\"wp-image-58902\" srcset=\"https:\/\/reporterosdelsur.org\/diario\/wp-content\/uploads\/2026\/09\/Congreso-6-1024x683.jpeg 1024w, https:\/\/reporterosdelsur.org\/diario\/wp-content\/uploads\/2026\/09\/Congreso-6-300x200.jpeg 300w, https:\/\/reporterosdelsur.org\/diario\/wp-content\/uploads\/2026\/09\/Congreso-6-768x512.jpeg 768w, https:\/\/reporterosdelsur.org\/diario\/wp-content\/uploads\/2026\/09\/Congreso-6-1200x800.jpeg 1200w, https:\/\/reporterosdelsur.org\/diario\/wp-content\/uploads\/2026\/09\/Congreso-6-465x310.jpeg 465w, https:\/\/reporterosdelsur.org\/diario\/wp-content\/uploads\/2026\/09\/Congreso-6-695x464.jpeg 695w, https:\/\/reporterosdelsur.org\/diario\/wp-content\/uploads\/2026\/09\/Congreso-6.jpeg 1280w\" sizes=\"auto, (max-width: 1024px) 100vw, 1024px\" \/><\/figure>\n\n\n\n<h3 class=\"wp-block-heading\">Actualizar\u00e1n mapas de riesgo de inundaciones<\/h3>\n\n\n\n<p class=\"wp-block-paragraph\">Durante la jornada inaugural, en la que tambi\u00e9n se entregaron reconocimientos a los ganadores del <strong>Premio Estatal por la Reducci\u00f3n de Riesgos de Desastres 2026<\/strong>, el coordinador de la Unidad de Proyectos para la Prevenci\u00f3n de Riesgos de Desastres del Programa de las Naciones Unidas para el Desarrollo (PNUD), <strong>Javier Moya Garc\u00eda<\/strong>, inform\u00f3 que se trabaja con Tabasco en la elaboraci\u00f3n de <strong>17 nuevos mapas de modelaci\u00f3n de inundaciones<\/strong>.<\/p>\n\n\n\n<p class=\"wp-block-paragraph\">Estos instrumentos permitir\u00e1n actualizar los Atlas de Riesgos de la entidad bajo una visi\u00f3n de cuencas, considerando periodos de retorno de <strong>5, 10, 20, 50 y 100 a\u00f1os<\/strong>.<\/p>\n\n\n\n<p class=\"wp-block-paragraph\">Moya Garc\u00eda explic\u00f3 que los nuevos mapas contribuir\u00e1n a mejorar la toma de decisiones en materia de inversi\u00f3n, fortalecer la infraestructura p\u00fablica y poner informaci\u00f3n a disposici\u00f3n de la ciudadan\u00eda para que tambi\u00e9n pueda adoptar medidas preventivas.<\/p>\n\n\n\n<figure class=\"wp-block-image size-large\"><img loading=\"lazy\" decoding=\"async\" width=\"1024\" height=\"683\" src=\"https:\/\/reporterosdelsur.org\/diario\/wp-content\/uploads\/2026\/09\/Congreso-2-1024x683.jpeg\" alt=\"\" class=\"wp-image-58903\" srcset=\"https:\/\/reporterosdelsur.org\/diario\/wp-content\/uploads\/2026\/09\/Congreso-2-1024x683.jpeg 1024w, https:\/\/reporterosdelsur.org\/diario\/wp-content\/uploads\/2026\/09\/Congreso-2-300x200.jpeg 300w, https:\/\/reporterosdelsur.org\/diario\/wp-content\/uploads\/2026\/09\/Congreso-2-768x512.jpeg 768w, https:\/\/reporterosdelsur.org\/diario\/wp-content\/uploads\/2026\/09\/Congreso-2-1200x800.jpeg 1200w, https:\/\/reporterosdelsur.org\/diario\/wp-content\/uploads\/2026\/09\/Congreso-2-465x310.jpeg 465w, https:\/\/reporterosdelsur.org\/diario\/wp-content\/uploads\/2026\/09\/Congreso-2-695x464.jpeg 695w, https:\/\/reporterosdelsur.org\/diario\/wp-content\/uploads\/2026\/09\/Congreso-2.jpeg 1280w\" sizes=\"auto, (max-width: 1024px) 100vw, 1024px\" \/><\/figure>\n\n\n\n<h3 class=\"wp-block-heading\">UJAT apuesta por la educaci\u00f3n para prevenir<\/h3>\n\n\n\n<p class=\"wp-block-paragraph\">Por su parte, el rector de la UJAT, <strong>Guillermo Narv\u00e1ez Osorio<\/strong>, afirm\u00f3 que aunque los fen\u00f3menos naturales pueden ser inevitables, las tragedias humanas en muchos casos pueden prevenirse.<\/p>\n\n\n\n<p class=\"wp-block-paragraph\">Destac\u00f3 que las universidades tienen la responsabilidad de investigar, formar especialistas, desarrollar tecnolog\u00eda y promover una cultura de prevenci\u00f3n que permita reducir la vulnerabilidad de las comunidades.<\/p>\n\n\n\n<p class=\"wp-block-paragraph\">En este sentido, resalt\u00f3 el trabajo de la <strong>Casa del Agua de la UJAT<\/strong>, reconocida en la categor\u00eda Educaci\u00f3n para la Resiliencia del Premio Estatal por la Reducci\u00f3n de Riesgos de Desastres, como un ejemplo de las acciones que pueden contribuir a fortalecer la preparaci\u00f3n ante los riesgos.<\/p>\n\n\n\n<p class=\"wp-block-paragraph\">Narv\u00e1ez Osorio llam\u00f3 a convertir el conocimiento cient\u00edfico en proyectos, pol\u00edticas p\u00fablicas y decisiones que permitan proteger a las comunidades y salvar vidas.<\/p>\n\n\n\n<p class=\"wp-block-paragraph\">Con el CI-RED 2026, Tabasco busca consolidar un espacio de intercambio entre especialistas, autoridades, acad\u00e9micos, cuerpos de emergencia y sociedad para fortalecer una cultura de prevenci\u00f3n y avanzar hacia territorios con mayor capacidad de respuesta ante los efectos del cambio clim\u00e1tico y los fen\u00f3menos hidrometeorol\u00f3gicos.<\/p>\n","protected":false},"excerpt":{"rendered":"<p>El gobernador Javier May Rodr\u00edguez inaugur\u00f3 el Primer Congreso Internacional para la Reducci\u00f3n de Riesgos de Desastres, donde destac\u00f3 la importancia de unir esfuerzos entre gobierno, academia y ciencia para anticipar amenazas, prevenir emergencias y proteger a las comunidades ante fen\u00f3menos hidrometeorol\u00f3gicos y el cambio clim\u00e1tico. Villahermosa, Tab.\u2014 Ante los<span class=\"more-link theme-more-link\"><a href=\"https:\/\/reporterosdelsur.org\/diario\/2026\/09\/tabasco-fortalece-prevencion-de-desastres-con-ciencia-y-tecnologia-durante-ci-red-2026\/\">Leer Nota Complete<\/a><\/span><\/p>\n","protected":false},"author":1,"featured_media":58899,"comment_status":"open","ping_status":"open","sticky":false,"template":"","format":"standard","meta":{"footnotes":"","jetpack_publicize_message":"","jetpack_publicize_feature_enabled":true,"jetpack_social_post_already_shared":true,"jetpack_social_options":{"image_generator_settings":{"template":"highway","default_image_id":0,"font":"","enabled":false},"version":2}},"categories":[2],"tags":[736,438,1413,418,177,714,38,640,1765],"class_list":["entry","author-admin","post-58898","post","type-post","status-publish","format-standard","has-post-thumbnail","category-tabasco","tag-audiencia-publica","tag-cambio-climatico","tag-ciencia","tag-gobierno-de-tabasco","tag-javier-may-rodriguez","tag-medio-ambiente","tag-noticias","tag-obras-sociales","tag-tecnologia"],"jetpack_publicize_connections":[],"featured_image_urls":{"full":["https:\/\/reporterosdelsur.org\/diario\/wp-content\/uploads\/2026\/09\/Congreso-1.jpeg",1280,854,false],"thumbnail":["https:\/\/reporterosdelsur.org\/diario\/wp-content\/uploads\/2026\/09\/Congreso-1-150x150.jpeg",150,150,true],"medium":["https:\/\/reporterosdelsur.org\/diario\/wp-content\/uploads\/2026\/09\/Congreso-1-300x200.jpeg",300,200,true],"medium_large":["https:\/\/reporterosdelsur.org\/diario\/wp-content\/uploads\/2026\/09\/Congreso-1-768x512.jpeg",768,512,true],"large":["https:\/\/reporterosdelsur.org\/diario\/wp-content\/uploads\/2026\/09\/Congreso-1-1024x683.jpeg",1024,683,true],"1536x1536":["https:\/\/reporterosdelsur.org\/diario\/wp-content\/uploads\/2026\/09\/Congreso-1.jpeg",1280,854,false],"2048x2048":["https:\/\/reporterosdelsur.org\/diario\/wp-content\/uploads\/2026\/09\/Congreso-1.jpeg",1280,854,false],"ultp_layout_landscape_large":["https:\/\/reporterosdelsur.org\/diario\/wp-content\/uploads\/2026\/09\/Congreso-1-1200x800.jpeg",1200,800,true],"ultp_layout_landscape":["https:\/\/reporterosdelsur.org\/diario\/wp-content\/uploads\/2026\/09\/Congreso-1-870x570.jpeg",870,570,true],"ultp_layout_portrait":["https:\/\/reporterosdelsur.org\/diario\/wp-content\/uploads\/2026\/09\/Congreso-1-600x854.jpeg",600,854,true],"ultp_layout_square":["https:\/\/reporterosdelsur.org\/diario\/wp-content\/uploads\/2026\/09\/Congreso-1-600x600.jpeg",600,600,true],"hoot-medium-thumb":["https:\/\/reporterosdelsur.org\/diario\/wp-content\/uploads\/2026\/09\/Congreso-1-460x400.jpeg",460,400,true],"hoot-preview":["https:\/\/reporterosdelsur.org\/diario\/wp-content\/uploads\/2026\/09\/Congreso-1-465x310.jpeg",465,310,true],"hoot-preview-thumb":["https:\/\/reporterosdelsur.org\/diario\/wp-content\/uploads\/2026\/09\/Congreso-1-465x550.jpeg",465,550,true],"hoot-large-thumb":["https:\/\/reporterosdelsur.org\/diario\/wp-content\/uploads\/2026\/09\/Congreso-1-690x550.jpeg",690,550,true],"hoot-preview-large":["https:\/\/reporterosdelsur.org\/diario\/wp-content\/uploads\/2026\/09\/Congreso-1-695x464.jpeg",695,464,true],"hoot-wide-thumb":["https:\/\/reporterosdelsur.org\/diario\/wp-content\/uploads\/2026\/09\/Congreso-1-920x425.jpeg",920,425,true],"hoot-extra-wide-thumb":["https:\/\/reporterosdelsur.org\/diario\/wp-content\/uploads\/2026\/09\/Congreso-1-1035x425.jpeg",1035,425,true]},"author_info":{"display_name":"Reporteros del Sur","author_link":"https:\/\/reporterosdelsur.org\/diario\/author\/admin\/"},"category_info":"<a href=\"https:\/\/reporterosdelsur.org\/diario\/category\/tabasco\/\" rel=\"category tag\">Tabasco<\/a>","tag_info":"Tabasco","comment_count":"0","_links":{"self":[{"href":"https:\/\/reporterosdelsur.org\/diario\/wp-json\/wp\/v2\/posts\/58898","targetHints":{"allow":["GET"]}}],"collection":[{"href":"https:\/\/reporterosdelsur.org\/diario\/wp-json\/wp\/v2\/posts"}],"about":[{"href":"https:\/\/reporterosdelsur.org\/diario\/wp-json\/wp\/v2\/types\/post"}],"author":[{"embeddable":true,"href":"https:\/\/reporterosdelsur.org\/diario\/wp-json\/wp\/v2\/users\/1"}],"replies":[{"embeddable":true,"href":"https:\/\/reporterosdelsur.org\/diario\/wp-json\/wp\/v2\/comments?post=58898"}],"version-history":[{"count":1,"href":"https:\/\/reporterosdelsur.org\/diario\/wp-json\/wp\/v2\/posts\/58898\/revisions"}],"predecessor-version":[{"id":58904,"href":"https:\/\/reporterosdelsur.org\/diario\/wp-json\/wp\/v2\/posts\/58898\/revisions\/58904"}],"wp:featuredmedia":[{"embeddable":true,"href":"https:\/\/reporterosdelsur.org\/diario\/wp-json\/wp\/v2\/media\/58899"}],"wp:attachment":[{"href":"https:\/\/reporterosdelsur.org\/diario\/wp-json\/wp\/v2\/media?parent=58898"}],"wp:term":[{"taxonomy":"category","embeddable":true,"href":"https:\/\/reporterosdelsur.org\/diario\/wp-json\/wp\/v2\/categories?post=58898"},{"taxonomy":"post_tag","embeddable":true,"href":"https:\/\/reporterosdelsur.org\/diario\/wp-json\/wp\/v2\/tags?post=58898"}],"curies":[{"name":"wp","href":"https:\/\/api.w.org\/{rel}","templated":true}]}}