{"id":58895,"date":"2026-09-03T16:07:35","date_gmt":"2026-09-03T22:07:35","guid":{"rendered":"https:\/\/reporterosdelsur.org\/diario\/?p=58895"},"modified":"2026-09-03T16:07:38","modified_gmt":"2026-09-03T22:07:38","slug":"nelson-gallegos-vaca-asume-coordinacion-de-la-bancada-del-prd-en-el-congreso-de-tabasco","status":"publish","type":"post","link":"https:\/\/reporterosdelsur.org\/diario\/2026\/09\/nelson-gallegos-vaca-asume-coordinacion-de-la-bancada-del-prd-en-el-congreso-de-tabasco\/","title":{"rendered":"Nelson Gallegos Vaca asume coordinaci\u00f3n de la bancada del PRD en el Congreso de Tabasco"},"content":{"rendered":"\n<p class=\"wp-block-paragraph\"><strong>El diputado Nelson Humberto Gallegos Vaca encabezar\u00e1 la fracci\u00f3n parlamentaria del PRD durante el \u00faltimo a\u00f1o de la LXV Legislatura, con una agenda centrada en seguridad, derechos humanos, empleo, salud y mejores condiciones para las familias tabasque\u00f1as.<\/strong><\/p>\n\n\n\n<p class=\"wp-block-paragraph\"><strong>Villahermosa, Tab.\u2014<\/strong> De cara al inicio del \u00faltimo a\u00f1o de ejercicio constitucional de la LXV Legislatura, el diputado <strong>Nelson Humberto Gallegos Vaca<\/strong> fue presentado este jueves como nuevo coordinador de la fracci\u00f3n parlamentaria del Partido de la Revoluci\u00f3n Democr\u00e1tica (PRD) en el Congreso del Estado de Tabasco.<\/p>\n\n\n\n<p class=\"wp-block-paragraph\">Durante el mismo encuentro, la bancada perredista present\u00f3 la agenda legislativa que impulsar\u00e1 durante el pr\u00f3ximo periodo ordinario de sesiones, con el prop\u00f3sito de atender los principales problemas que enfrenta la poblaci\u00f3n tabasque\u00f1a.<\/p>\n\n\n\n<p class=\"wp-block-paragraph\">El diputado <strong>Francisco Javier Cabrera Sandoval<\/strong> inform\u00f3 que la designaci\u00f3n de Gallegos Vaca como coordinador parlamentario fue tomada por consenso entre los cuatro integrantes de la fracci\u00f3n.<\/p>\n\n\n\n<p class=\"wp-block-paragraph\">Como parte de la nueva estructura, <strong>Claudia G\u00f3mez G\u00f3mez<\/strong> continuar\u00e1 como vicecoordinadora y ocupar\u00e1 adem\u00e1s la vicepresidencia de la Mesa Directiva durante este \u00faltimo a\u00f1o legislativo. Asimismo, <strong>Orqu\u00eddea L\u00f3pez Izquierdo<\/strong> y Francisco Javier Cabrera Sandoval continuar\u00e1n como integrantes de la bancada y trabajar\u00e1n de manera coordinada con el nuevo l\u00edder parlamentario.<\/p>\n\n\n\n<p class=\"wp-block-paragraph\">Al asumir la coordinaci\u00f3n, Gallegos Vaca afirm\u00f3 que, junto con sus compa\u00f1eras y compa\u00f1ero de bancada, impulsar\u00e1 una agenda enfocada en <strong>derechos humanos, seguridad, empleo, salud y dignidad<\/strong>, considerados como ejes rectores de su trabajo legislativo.<\/p>\n\n\n\n<figure class=\"wp-block-image size-large\"><img loading=\"lazy\" decoding=\"async\" width=\"1024\" height=\"768\" src=\"https:\/\/reporterosdelsur.org\/diario\/wp-content\/uploads\/2026\/09\/PRD-1024x768.jpg\" alt=\"\" class=\"wp-image-58896\" srcset=\"https:\/\/reporterosdelsur.org\/diario\/wp-content\/uploads\/2026\/09\/PRD-1024x768.jpg 1024w, https:\/\/reporterosdelsur.org\/diario\/wp-content\/uploads\/2026\/09\/PRD-300x225.jpg 300w, https:\/\/reporterosdelsur.org\/diario\/wp-content\/uploads\/2026\/09\/PRD-768x576.jpg 768w, https:\/\/reporterosdelsur.org\/diario\/wp-content\/uploads\/2026\/09\/PRD-1536x1152.jpg 1536w, https:\/\/reporterosdelsur.org\/diario\/wp-content\/uploads\/2026\/09\/PRD-465x349.jpg 465w, https:\/\/reporterosdelsur.org\/diario\/wp-content\/uploads\/2026\/09\/PRD-667x500.jpg 667w, https:\/\/reporterosdelsur.org\/diario\/wp-content\/uploads\/2026\/09\/PRD.jpg 2048w\" sizes=\"auto, (max-width: 1024px) 100vw, 1024px\" \/><\/figure>\n\n\n\n<p class=\"wp-block-paragraph\">El legislador sostuvo que la agenda parlamentaria del PRD no representa una lista de buenas intenciones, sino que plantea compromisos concretos frente a las problem\u00e1ticas que afectan a las familias tabasque\u00f1as.<\/p>\n\n\n\n<p class=\"wp-block-paragraph\">En conferencia de prensa, acompa\u00f1ado por Claudia G\u00f3mez G\u00f3mez, Orqu\u00eddea L\u00f3pez Izquierdo y Javier Cabrera Sandoval, destac\u00f3 que el cierre del ciclo legislativo debe caracterizarse por resultados, rendici\u00f3n de cuentas y trabajo hasta el \u00faltimo d\u00eda, en lugar de conformismo o c\u00e1lculos pol\u00edticos.<\/p>\n\n\n\n<h3 class=\"wp-block-heading\">Seguridad, uno de los principales retos<\/h3>\n\n\n\n<p class=\"wp-block-paragraph\">Durante su intervenci\u00f3n, Gallegos Vaca puso especial \u00e9nfasis en la situaci\u00f3n de seguridad que enfrenta Tabasco, al se\u00f1alar que la inseguridad no puede reducirse \u00fanicamente a cifras, debido a que tiene un impacto directo en la vida cotidiana de las familias.<\/p>\n\n\n\n<p class=\"wp-block-paragraph\">\u201cLa inseguridad no es una cifra lejana\u201d, expres\u00f3, al referirse a las familias que viven con temor, las personas que modifican sus rutinas por miedo, los comerciantes que enfrentan amenazas y las comunidades que han dejado de sentirse tranquilas.<\/p>\n\n\n\n<p class=\"wp-block-paragraph\">Ante este panorama, la fracci\u00f3n parlamentaria del PRD plante\u00f3 mantener una postura cr\u00edtica y propositiva desde el Congreso estatal, con el objetivo de promover acciones que contribuyan a mejorar las condiciones de seguridad y bienestar de la poblaci\u00f3n.<\/p>\n\n\n\n<p class=\"wp-block-paragraph\">Gallegos Vaca reiter\u00f3 que la bancada trabajar\u00e1 de manera coordinada para que el \u00faltimo a\u00f1o de la LXV Legislatura se traduzca en resultados concretos y en iniciativas que respondan a las necesidades de las familias tabasque\u00f1as.<\/p>\n","protected":false},"excerpt":{"rendered":"<p>El diputado Nelson Humberto Gallegos Vaca encabezar\u00e1 la fracci\u00f3n parlamentaria del PRD durante el \u00faltimo a\u00f1o de la LXV Legislatura, con una agenda centrada en seguridad, derechos humanos, empleo, salud y mejores condiciones para las familias tabasque\u00f1as. Villahermosa, Tab.\u2014 De cara al inicio del \u00faltimo a\u00f1o de ejercicio constitucional de<span class=\"more-link theme-more-link\"><a href=\"https:\/\/reporterosdelsur.org\/diario\/2026\/09\/nelson-gallegos-vaca-asume-coordinacion-de-la-bancada-del-prd-en-el-congreso-de-tabasco\/\">Leer Nota Complete<\/a><\/span><\/p>\n","protected":false},"author":1,"featured_media":58896,"comment_status":"open","ping_status":"open","sticky":false,"template":"","format":"standard","meta":{"footnotes":"","jetpack_publicize_message":"","jetpack_publicize_feature_enabled":true,"jetpack_social_post_already_shared":true,"jetpack_social_options":{"image_generator_settings":{"template":"highway","default_image_id":0,"font":"","enabled":false},"version":2}},"categories":[2],"tags":[2391,403,358,38,422,35],"class_list":["entry","author-admin","post-58895","post","type-post","status-publish","format-standard","has-post-thumbnail","category-tabasco","tag-bancadas","tag-congreso-del-estado","tag-diputados-locales","tag-noticias","tag-prd-tabasco","tag-tabasco"],"jetpack_publicize_connections":[],"featured_image_urls":{"full":["https:\/\/reporterosdelsur.org\/diario\/wp-content\/uploads\/2026\/09\/PRD.jpg",2048,1536,false],"thumbnail":["https:\/\/reporterosdelsur.org\/diario\/wp-content\/uploads\/2026\/09\/PRD-150x150.jpg",150,150,true],"medium":["https:\/\/reporterosdelsur.org\/diario\/wp-content\/uploads\/2026\/09\/PRD-300x225.jpg",300,225,true],"medium_large":["https:\/\/reporterosdelsur.org\/diario\/wp-content\/uploads\/2026\/09\/PRD-768x576.jpg",768,576,true],"large":["https:\/\/reporterosdelsur.org\/diario\/wp-content\/uploads\/2026\/09\/PRD-1024x768.jpg",1024,768,true],"1536x1536":["https:\/\/reporterosdelsur.org\/diario\/wp-content\/uploads\/2026\/09\/PRD-1536x1152.jpg",1536,1152,true],"2048x2048":["https:\/\/reporterosdelsur.org\/diario\/wp-content\/uploads\/2026\/09\/PRD.jpg",2048,1536,false],"ultp_layout_landscape_large":["https:\/\/reporterosdelsur.org\/diario\/wp-content\/uploads\/2026\/09\/PRD-1200x800.jpg",1200,800,true],"ultp_layout_landscape":["https:\/\/reporterosdelsur.org\/diario\/wp-content\/uploads\/2026\/09\/PRD-870x570.jpg",870,570,true],"ultp_layout_portrait":["https:\/\/reporterosdelsur.org\/diario\/wp-content\/uploads\/2026\/09\/PRD-600x900.jpg",600,900,true],"ultp_layout_square":["https:\/\/reporterosdelsur.org\/diario\/wp-content\/uploads\/2026\/09\/PRD-600x600.jpg",600,600,true],"hoot-medium-thumb":["https:\/\/reporterosdelsur.org\/diario\/wp-content\/uploads\/2026\/09\/PRD-460x400.jpg",460,400,true],"hoot-preview":["https:\/\/reporterosdelsur.org\/diario\/wp-content\/uploads\/2026\/09\/PRD-465x349.jpg",465,349,true],"hoot-preview-thumb":["https:\/\/reporterosdelsur.org\/diario\/wp-content\/uploads\/2026\/09\/PRD-465x550.jpg",465,550,true],"hoot-large-thumb":["https:\/\/reporterosdelsur.org\/diario\/wp-content\/uploads\/2026\/09\/PRD-690x550.jpg",690,550,true],"hoot-preview-large":["https:\/\/reporterosdelsur.org\/diario\/wp-content\/uploads\/2026\/09\/PRD-667x500.jpg",667,500,true],"hoot-wide-thumb":["https:\/\/reporterosdelsur.org\/diario\/wp-content\/uploads\/2026\/09\/PRD-920x425.jpg",920,425,true],"hoot-extra-wide-thumb":["https:\/\/reporterosdelsur.org\/diario\/wp-content\/uploads\/2026\/09\/PRD-1035x425.jpg",1035,425,true]},"author_info":{"display_name":"Reporteros del Sur","author_link":"https:\/\/reporterosdelsur.org\/diario\/author\/admin\/"},"category_info":"<a href=\"https:\/\/reporterosdelsur.org\/diario\/category\/tabasco\/\" rel=\"category tag\">Tabasco<\/a>","tag_info":"Tabasco","comment_count":"0","_links":{"self":[{"href":"https:\/\/reporterosdelsur.org\/diario\/wp-json\/wp\/v2\/posts\/58895","targetHints":{"allow":["GET"]}}],"collection":[{"href":"https:\/\/reporterosdelsur.org\/diario\/wp-json\/wp\/v2\/posts"}],"about":[{"href":"https:\/\/reporterosdelsur.org\/diario\/wp-json\/wp\/v2\/types\/post"}],"author":[{"embeddable":true,"href":"https:\/\/reporterosdelsur.org\/diario\/wp-json\/wp\/v2\/users\/1"}],"replies":[{"embeddable":true,"href":"https:\/\/reporterosdelsur.org\/diario\/wp-json\/wp\/v2\/comments?post=58895"}],"version-history":[{"count":1,"href":"https:\/\/reporterosdelsur.org\/diario\/wp-json\/wp\/v2\/posts\/58895\/revisions"}],"predecessor-version":[{"id":58897,"href":"https:\/\/reporterosdelsur.org\/diario\/wp-json\/wp\/v2\/posts\/58895\/revisions\/58897"}],"wp:featuredmedia":[{"embeddable":true,"href":"https:\/\/reporterosdelsur.org\/diario\/wp-json\/wp\/v2\/media\/58896"}],"wp:attachment":[{"href":"https:\/\/reporterosdelsur.org\/diario\/wp-json\/wp\/v2\/media?parent=58895"}],"wp:term":[{"taxonomy":"category","embeddable":true,"href":"https:\/\/reporterosdelsur.org\/diario\/wp-json\/wp\/v2\/categories?post=58895"},{"taxonomy":"post_tag","embeddable":true,"href":"https:\/\/reporterosdelsur.org\/diario\/wp-json\/wp\/v2\/tags?post=58895"}],"curies":[{"name":"wp","href":"https:\/\/api.w.org\/{rel}","templated":true}]}}