{"id":58885,"date":"2026-09-03T15:25:29","date_gmt":"2026-09-03T21:25:29","guid":{"rendered":"https:\/\/reporterosdelsur.org\/diario\/?p=58885"},"modified":"2026-09-03T15:25:32","modified_gmt":"2026-09-03T21:25:32","slug":"tabasco-impulsa-desarrollo-energetico-con-responsabilidad-ambiental-durante-sos26","status":"publish","type":"post","link":"https:\/\/reporterosdelsur.org\/diario\/2026\/09\/tabasco-impulsa-desarrollo-energetico-con-responsabilidad-ambiental-durante-sos26\/","title":{"rendered":"Tabasco impulsa desarrollo energ\u00e9tico con responsabilidad ambiental durante SOS26"},"content":{"rendered":"\n<p class=\"wp-block-paragraph\"><strong>El gobernador Javier May Rodr\u00edguez inaugur\u00f3 la Convenci\u00f3n Internacional de Sostenibilidad, Energ\u00eda y Medio Ambiente SOS26, donde destac\u00f3 la aportaci\u00f3n hist\u00f3rica de Tabasco al sector energ\u00e9tico y llam\u00f3 a fortalecer el equilibrio entre desarrollo industrial, innovaci\u00f3n y protecci\u00f3n ambiental.<\/strong><\/p>\n\n\n\n<p class=\"wp-block-paragraph\"><strong>Villahermosa, Tab.\u2014<\/strong> Con el objetivo de promover un desarrollo energ\u00e9tico basado en la \u00e9tica, la innovaci\u00f3n y el cuidado del medio ambiente, el gobernador Javier May Rodr\u00edguez inaugur\u00f3 este jueves la <strong>Convenci\u00f3n Internacional de Sostenibilidad, Energ\u00eda y Medio Ambiente SOS26<\/strong>, que re\u00fane en Tabasco a representantes del sector energ\u00e9tico, empresarial, acad\u00e9mico y ambiental.<\/p>\n\n\n\n<p class=\"wp-block-paragraph\">Durante el acto inaugural, el mandatario estatal destac\u00f3 la importancia que Tabasco ha tenido durante d\u00e9cadas en el desarrollo energ\u00e9tico de M\u00e9xico, particularmente por su riqueza natural y su vocaci\u00f3n petrolera.<\/p>\n\n\n\n<p class=\"wp-block-paragraph\">Ante Andrea Gonz\u00e1lez Hern\u00e1ndez, directora ejecutiva de la Agencia de Seguridad de Energ\u00eda y Ambiente (ASEA), quien acudi\u00f3 en representaci\u00f3n de la presidenta Claudia Sheinbaum Pardo, May Rodr\u00edguez se\u00f1al\u00f3 que el encuentro busca fortalecer las capacidades del estado para incorporar nuevas tecnolog\u00edas y mejores pr\u00e1cticas que permitan avanzar hacia un modelo de desarrollo con mayor equilibrio ambiental.<\/p>\n\n\n\n<figure class=\"wp-block-image size-large\"><img loading=\"lazy\" decoding=\"async\" width=\"1024\" height=\"682\" src=\"https:\/\/reporterosdelsur.org\/diario\/wp-content\/uploads\/2026\/09\/SOS-4-1024x682.jpeg\" alt=\"\" class=\"wp-image-58887\" srcset=\"https:\/\/reporterosdelsur.org\/diario\/wp-content\/uploads\/2026\/09\/SOS-4-1024x682.jpeg 1024w, https:\/\/reporterosdelsur.org\/diario\/wp-content\/uploads\/2026\/09\/SOS-4-300x200.jpeg 300w, https:\/\/reporterosdelsur.org\/diario\/wp-content\/uploads\/2026\/09\/SOS-4-768x512.jpeg 768w, https:\/\/reporterosdelsur.org\/diario\/wp-content\/uploads\/2026\/09\/SOS-4-1200x800.jpeg 1200w, https:\/\/reporterosdelsur.org\/diario\/wp-content\/uploads\/2026\/09\/SOS-4-465x310.jpeg 465w, https:\/\/reporterosdelsur.org\/diario\/wp-content\/uploads\/2026\/09\/SOS-4-695x463.jpeg 695w, https:\/\/reporterosdelsur.org\/diario\/wp-content\/uploads\/2026\/09\/SOS-4.jpeg 1280w\" sizes=\"auto, (max-width: 1024px) 100vw, 1024px\" \/><\/figure>\n\n\n\n<p class=\"wp-block-paragraph\">El gobernador sostuvo que, en un contexto en el que la soberan\u00eda energ\u00e9tica vuelve a ocupar un papel estrat\u00e9gico para las naciones, es necesario ir m\u00e1s all\u00e1 y construir una relaci\u00f3n responsable entre la actividad industrial y el entorno natural.<\/p>\n\n\n\n<p class=\"wp-block-paragraph\">\u201cEsta convenci\u00f3n forma parte de la b\u00fasqueda de un mayor equilibrio entre la industria y el medio ambiente, un requisito indispensable hacia la sostenibilidad\u201d, afirm\u00f3.<\/p>\n\n\n\n<p class=\"wp-block-paragraph\">Por su parte, Andrea Gonz\u00e1lez Hern\u00e1ndez celebr\u00f3 que Tabasco sea sede de este encuentro internacional, al considerar que resulta natural que una entidad con una importante vocaci\u00f3n petrolera sea tambi\u00e9n escenario de la discusi\u00f3n sobre nuevas alternativas para la transici\u00f3n energ\u00e9tica, la innovaci\u00f3n y la protecci\u00f3n ambiental.<\/p>\n\n\n\n<figure class=\"wp-block-image size-large\"><img loading=\"lazy\" decoding=\"async\" width=\"1024\" height=\"682\" src=\"https:\/\/reporterosdelsur.org\/diario\/wp-content\/uploads\/2026\/09\/SOS-3-1024x682.jpeg\" alt=\"\" class=\"wp-image-58888\" srcset=\"https:\/\/reporterosdelsur.org\/diario\/wp-content\/uploads\/2026\/09\/SOS-3-1024x682.jpeg 1024w, https:\/\/reporterosdelsur.org\/diario\/wp-content\/uploads\/2026\/09\/SOS-3-300x200.jpeg 300w, https:\/\/reporterosdelsur.org\/diario\/wp-content\/uploads\/2026\/09\/SOS-3-768x512.jpeg 768w, https:\/\/reporterosdelsur.org\/diario\/wp-content\/uploads\/2026\/09\/SOS-3-1200x800.jpeg 1200w, https:\/\/reporterosdelsur.org\/diario\/wp-content\/uploads\/2026\/09\/SOS-3-465x310.jpeg 465w, https:\/\/reporterosdelsur.org\/diario\/wp-content\/uploads\/2026\/09\/SOS-3-695x463.jpeg 695w, https:\/\/reporterosdelsur.org\/diario\/wp-content\/uploads\/2026\/09\/SOS-3.jpeg 1280w\" sizes=\"auto, (max-width: 1024px) 100vw, 1024px\" \/><\/figure>\n\n\n\n<p class=\"wp-block-paragraph\">Ante empresarios, l\u00edderes del sector energ\u00e9tico, organizaciones especializadas, c\u00e1maras empresariales, asociaciones y autoridades estatales y municipales, la funcionaria refrend\u00f3 el compromiso del Gobierno de M\u00e9xico, a trav\u00e9s de la ASEA, para impulsar proyectos energ\u00e9ticos que cumplan con los m\u00e1s altos est\u00e1ndares de seguridad.<\/p>\n\n\n\n<p class=\"wp-block-paragraph\">Subray\u00f3 que el desarrollo de estas actividades debe garantizar la protecci\u00f3n de las personas y del medio ambiente, con una visi\u00f3n de sostenibilidad que permita atender las necesidades actuales sin comprometer las posibilidades de las futuras generaciones.<\/p>\n\n\n\n<p class=\"wp-block-paragraph\">En tanto, la titular de la Secretar\u00eda de Medio Ambiente y Desarrollo Sostenible (SEMADES), Sheila Guadalupe Cadena Nieto, resalt\u00f3 que durante los dos d\u00edas de actividades en el Centro de Convenciones se buscar\u00e1 generar ideas, alianzas, proyectos y di\u00e1logos que puedan trascender el recinto y contribuir a construir una agenda com\u00fan entre energ\u00eda y medio ambiente.<\/p>\n\n\n\n<p class=\"wp-block-paragraph\">\u201cTodos tenemos la responsabilidad compartida de pensar desde hoy en el mundo en el que queremos vivir\u201d, expres\u00f3.<\/p>\n\n\n\n<figure class=\"wp-block-image size-large\"><img loading=\"lazy\" decoding=\"async\" width=\"1024\" height=\"682\" src=\"https:\/\/reporterosdelsur.org\/diario\/wp-content\/uploads\/2026\/09\/SOS-2-1024x682.jpeg\" alt=\"\" class=\"wp-image-58889\" srcset=\"https:\/\/reporterosdelsur.org\/diario\/wp-content\/uploads\/2026\/09\/SOS-2-1024x682.jpeg 1024w, https:\/\/reporterosdelsur.org\/diario\/wp-content\/uploads\/2026\/09\/SOS-2-300x200.jpeg 300w, https:\/\/reporterosdelsur.org\/diario\/wp-content\/uploads\/2026\/09\/SOS-2-768x512.jpeg 768w, https:\/\/reporterosdelsur.org\/diario\/wp-content\/uploads\/2026\/09\/SOS-2-1200x800.jpeg 1200w, https:\/\/reporterosdelsur.org\/diario\/wp-content\/uploads\/2026\/09\/SOS-2-465x310.jpeg 465w, https:\/\/reporterosdelsur.org\/diario\/wp-content\/uploads\/2026\/09\/SOS-2-695x463.jpeg 695w, https:\/\/reporterosdelsur.org\/diario\/wp-content\/uploads\/2026\/09\/SOS-2.jpeg 1280w\" sizes=\"auto, (max-width: 1024px) 100vw, 1024px\" \/><\/figure>\n\n\n\n<p class=\"wp-block-paragraph\">La funcionaria destac\u00f3 la participaci\u00f3n de gobiernos, empresas, especialistas, investigadores, acad\u00e9micos, organizaciones y representantes de distintas regiones de M\u00e9xico y otros pa\u00edses, quienes intercambiar\u00e1n experiencias y propuestas en materia de sostenibilidad.<\/p>\n\n\n\n<p class=\"wp-block-paragraph\">Como parte de la ceremonia inaugural, el gobernador Javier May Rodr\u00edguez entreg\u00f3 reconocimientos a <strong>Kareli Rub\u00ed Guzm\u00e1n<\/strong> y <strong>Gustavo Miguel Malakianakis<\/strong>, quienes obtuvieron destacados promedios durante el curso de formaci\u00f3n impartido por la SEMADES.<\/p>\n\n\n\n<p class=\"wp-block-paragraph\">Con SOS26, Tabasco busca posicionarse como un espacio de di\u00e1logo sobre los retos y oportunidades que enfrenta el sector energ\u00e9tico, bajo una perspectiva que combine desarrollo econ\u00f3mico, innovaci\u00f3n tecnol\u00f3gica y protecci\u00f3n del medio ambiente.<\/p>\n","protected":false},"excerpt":{"rendered":"<p>El gobernador Javier May Rodr\u00edguez inaugur\u00f3 la Convenci\u00f3n Internacional de Sostenibilidad, Energ\u00eda y Medio Ambiente SOS26, donde destac\u00f3 la aportaci\u00f3n hist\u00f3rica de Tabasco al sector energ\u00e9tico y llam\u00f3 a fortalecer el equilibrio entre desarrollo industrial, innovaci\u00f3n y protecci\u00f3n ambiental. Villahermosa, Tab.\u2014 Con el objetivo de promover un desarrollo energ\u00e9tico basado<span class=\"more-link theme-more-link\"><a href=\"https:\/\/reporterosdelsur.org\/diario\/2026\/09\/tabasco-impulsa-desarrollo-energetico-con-responsabilidad-ambiental-durante-sos26\/\">Leer Nota Complete<\/a><\/span><\/p>\n","protected":false},"author":1,"featured_media":58886,"comment_status":"open","ping_status":"open","sticky":false,"template":"","format":"standard","meta":{"footnotes":"","jetpack_publicize_message":"","jetpack_publicize_feature_enabled":true,"jetpack_social_post_already_shared":true,"jetpack_social_options":{"image_generator_settings":{"template":"highway","default_image_id":0,"font":"","enabled":false},"version":2}},"categories":[2],"tags":[2389,736,418,177,38,640,333,350,2329],"class_list":["entry","author-admin","post-58885","post","type-post","status-publish","format-standard","has-post-thumbnail","category-tabasco","tag-asea","tag-audiencia-publica","tag-gobierno-de-tabasco","tag-javier-may-rodriguez","tag-noticias","tag-obras-sociales","tag-seguridad","tag-semades","tag-sos26"],"jetpack_publicize_connections":[],"featured_image_urls":{"full":["https:\/\/reporterosdelsur.org\/diario\/wp-content\/uploads\/2026\/09\/SOS-1.jpeg",1280,853,false],"thumbnail":["https:\/\/reporterosdelsur.org\/diario\/wp-content\/uploads\/2026\/09\/SOS-1-150x150.jpeg",150,150,true],"medium":["https:\/\/reporterosdelsur.org\/diario\/wp-content\/uploads\/2026\/09\/SOS-1-300x200.jpeg",300,200,true],"medium_large":["https:\/\/reporterosdelsur.org\/diario\/wp-content\/uploads\/2026\/09\/SOS-1-768x512.jpeg",768,512,true],"large":["https:\/\/reporterosdelsur.org\/diario\/wp-content\/uploads\/2026\/09\/SOS-1-1024x682.jpeg",1024,682,true],"1536x1536":["https:\/\/reporterosdelsur.org\/diario\/wp-content\/uploads\/2026\/09\/SOS-1.jpeg",1280,853,false],"2048x2048":["https:\/\/reporterosdelsur.org\/diario\/wp-content\/uploads\/2026\/09\/SOS-1.jpeg",1280,853,false],"ultp_layout_landscape_large":["https:\/\/reporterosdelsur.org\/diario\/wp-content\/uploads\/2026\/09\/SOS-1-1200x800.jpeg",1200,800,true],"ultp_layout_landscape":["https:\/\/reporterosdelsur.org\/diario\/wp-content\/uploads\/2026\/09\/SOS-1-870x570.jpeg",870,570,true],"ultp_layout_portrait":["https:\/\/reporterosdelsur.org\/diario\/wp-content\/uploads\/2026\/09\/SOS-1-600x853.jpeg",600,853,true],"ultp_layout_square":["https:\/\/reporterosdelsur.org\/diario\/wp-content\/uploads\/2026\/09\/SOS-1-600x600.jpeg",600,600,true],"hoot-medium-thumb":["https:\/\/reporterosdelsur.org\/diario\/wp-content\/uploads\/2026\/09\/SOS-1-460x400.jpeg",460,400,true],"hoot-preview":["https:\/\/reporterosdelsur.org\/diario\/wp-content\/uploads\/2026\/09\/SOS-1-465x310.jpeg",465,310,true],"hoot-preview-thumb":["https:\/\/reporterosdelsur.org\/diario\/wp-content\/uploads\/2026\/09\/SOS-1-465x550.jpeg",465,550,true],"hoot-large-thumb":["https:\/\/reporterosdelsur.org\/diario\/wp-content\/uploads\/2026\/09\/SOS-1-690x550.jpeg",690,550,true],"hoot-preview-large":["https:\/\/reporterosdelsur.org\/diario\/wp-content\/uploads\/2026\/09\/SOS-1-695x463.jpeg",695,463,true],"hoot-wide-thumb":["https:\/\/reporterosdelsur.org\/diario\/wp-content\/uploads\/2026\/09\/SOS-1-920x425.jpeg",920,425,true],"hoot-extra-wide-thumb":["https:\/\/reporterosdelsur.org\/diario\/wp-content\/uploads\/2026\/09\/SOS-1-1035x425.jpeg",1035,425,true]},"author_info":{"display_name":"Reporteros del Sur","author_link":"https:\/\/reporterosdelsur.org\/diario\/author\/admin\/"},"category_info":"<a href=\"https:\/\/reporterosdelsur.org\/diario\/category\/tabasco\/\" rel=\"category tag\">Tabasco<\/a>","tag_info":"Tabasco","comment_count":"0","_links":{"self":[{"href":"https:\/\/reporterosdelsur.org\/diario\/wp-json\/wp\/v2\/posts\/58885","targetHints":{"allow":["GET"]}}],"collection":[{"href":"https:\/\/reporterosdelsur.org\/diario\/wp-json\/wp\/v2\/posts"}],"about":[{"href":"https:\/\/reporterosdelsur.org\/diario\/wp-json\/wp\/v2\/types\/post"}],"author":[{"embeddable":true,"href":"https:\/\/reporterosdelsur.org\/diario\/wp-json\/wp\/v2\/users\/1"}],"replies":[{"embeddable":true,"href":"https:\/\/reporterosdelsur.org\/diario\/wp-json\/wp\/v2\/comments?post=58885"}],"version-history":[{"count":1,"href":"https:\/\/reporterosdelsur.org\/diario\/wp-json\/wp\/v2\/posts\/58885\/revisions"}],"predecessor-version":[{"id":58890,"href":"https:\/\/reporterosdelsur.org\/diario\/wp-json\/wp\/v2\/posts\/58885\/revisions\/58890"}],"wp:featuredmedia":[{"embeddable":true,"href":"https:\/\/reporterosdelsur.org\/diario\/wp-json\/wp\/v2\/media\/58886"}],"wp:attachment":[{"href":"https:\/\/reporterosdelsur.org\/diario\/wp-json\/wp\/v2\/media?parent=58885"}],"wp:term":[{"taxonomy":"category","embeddable":true,"href":"https:\/\/reporterosdelsur.org\/diario\/wp-json\/wp\/v2\/categories?post=58885"},{"taxonomy":"post_tag","embeddable":true,"href":"https:\/\/reporterosdelsur.org\/diario\/wp-json\/wp\/v2\/tags?post=58885"}],"curies":[{"name":"wp","href":"https:\/\/api.w.org\/{rel}","templated":true}]}}