{"id":58838,"date":"2026-09-02T16:15:04","date_gmt":"2026-09-02T22:15:04","guid":{"rendered":"https:\/\/reporterosdelsur.org\/diario\/?p=58838"},"modified":"2026-09-02T19:21:01","modified_gmt":"2026-09-03T01:21:01","slug":"entregan-autobuses-a-estudiantes-de-la-upgm-y-el-itsc-para-fortalecer-su-formacion-profesional","status":"publish","type":"post","link":"https:\/\/reporterosdelsur.org\/diario\/2026\/09\/entregan-autobuses-a-estudiantes-de-la-upgm-y-el-itsc-para-fortalecer-su-formacion-profesional\/","title":{"rendered":"JMR entrega autobuses a estudiantes de la Universidad Polit\u00e9cnica del Golfo y Tecnol\u00f3gico de Comalcalco&#8230;"},"content":{"rendered":"\n<p class=\"wp-block-paragraph\"><strong>El programa Movilidad Estudiantil beneficiar\u00e1 a 5 mil 750 j\u00f3venes de Para\u00edso y Comalcalco, quienes contar\u00e1n con transporte para realizar pr\u00e1cticas, visitas acad\u00e9micas y actividades fuera de las aulas.<\/strong><\/p>\n\n\n\n<p class=\"wp-block-paragraph\"><strong>VILLAHERMOSA, TAB.\u2014<\/strong> Con el objetivo de acercar a los estudiantes a los espacios donde puedan poner en pr\u00e1ctica los conocimientos adquiridos en las aulas, el gobernador <strong>Javier May Rodr\u00edguez<\/strong> (JMR) puso en marcha el programa <strong>Movilidad Estudiantil<\/strong>, mediante la entrega de autobuses a la Universidad Polit\u00e9cnica del Golfo de M\u00e9xico (UPGM) y al Instituto Tecnol\u00f3gico Superior de Comalcalco (ITSC).<\/p>\n\n\n\n<figure class=\"wp-block-embed is-type-rich is-provider-x wp-block-embed-x\"><div class=\"wp-block-embed__wrapper\">\n<blockquote class=\"twitter-tweet\" data-width=\"550\" data-dnt=\"true\"><p lang=\"es\" dir=\"ltr\">Como parte del programa &quot;Movilidad estudiantil&quot;, hicimos entrega de las llaves simb\u00f3licas de  unidades nuevas y modernas, a la Universidad Polit\u00e9cnica del Golfo de M\u00e9xico y al Instituto Tecnol\u00f3gico de Comalcalco. <br><br>Confiamos en la educaci\u00f3n polit\u00e9cnica porque tiene relaci\u00f3n\u2026 <a href=\"https:\/\/t.co\/tteQpGtYrJ\">pic.twitter.com\/tteQpGtYrJ<\/a><\/p>&mdash; JAVIER MAY (@TabascoJavier) <a href=\"https:\/\/x.com\/TabascoJavier\/status\/2095194973125689718?ref_src=twsrc%5Etfw\">September 2, 2026<\/a><\/blockquote><script async src=\"https:\/\/platform.x.com\/widgets.js\" charset=\"utf-8\"><\/script>\n<\/div><\/figure>\n\n\n\n<p class=\"wp-block-paragraph\">Durante visitas por separado a ambas instituciones de educaci\u00f3n superior, el mandatario estatal destac\u00f3 que el transporte permitir\u00e1 fortalecer la formaci\u00f3n profesional de miles de j\u00f3venes, particularmente en carreras que requieren pr\u00e1cticas, visitas t\u00e9cnicas y acercamiento directo con el sector productivo.<\/p>\n\n\n\n<figure class=\"wp-block-image size-large\"><img loading=\"lazy\" decoding=\"async\" width=\"1024\" height=\"682\" src=\"https:\/\/reporterosdelsur.org\/diario\/wp-content\/uploads\/2026\/09\/Uni-10-1024x682.jpeg\" alt=\"\" class=\"wp-image-58840\" srcset=\"https:\/\/reporterosdelsur.org\/diario\/wp-content\/uploads\/2026\/09\/Uni-10-1024x682.jpeg 1024w, https:\/\/reporterosdelsur.org\/diario\/wp-content\/uploads\/2026\/09\/Uni-10-300x200.jpeg 300w, https:\/\/reporterosdelsur.org\/diario\/wp-content\/uploads\/2026\/09\/Uni-10-768x512.jpeg 768w, https:\/\/reporterosdelsur.org\/diario\/wp-content\/uploads\/2026\/09\/Uni-10-1200x800.jpeg 1200w, https:\/\/reporterosdelsur.org\/diario\/wp-content\/uploads\/2026\/09\/Uni-10-465x310.jpeg 465w, https:\/\/reporterosdelsur.org\/diario\/wp-content\/uploads\/2026\/09\/Uni-10-695x463.jpeg 695w, https:\/\/reporterosdelsur.org\/diario\/wp-content\/uploads\/2026\/09\/Uni-10.jpeg 1280w\" sizes=\"auto, (max-width: 1024px) 100vw, 1024px\" \/><\/figure>\n\n\n\n<p class=\"wp-block-paragraph\">Acompa\u00f1ado por la secretaria de Educaci\u00f3n, <strong>Patricia Iparrea S\u00e1nchez<\/strong>, May Rodr\u00edguez se\u00f1al\u00f3 que el Gobierno del Pueblo reconoce el papel que desempe\u00f1an las universidades y tecnol\u00f3gicos en la preparaci\u00f3n de nuevas generaciones de profesionistas, cuyas capacidades est\u00e1n vinculadas con las necesidades y transformaciones que enfrentan Tabasco y M\u00e9xico.<\/p>\n\n\n\n<figure class=\"wp-block-embed is-type-video is-provider-youtube wp-block-embed-youtube wp-embed-aspect-16-9 wp-has-aspect-ratio\"><div class=\"wp-block-embed__wrapper\">\n<iframe loading=\"lazy\" title=\"Gobernador Javier May, en apoyo a la Movilidad Estudiantil\" width=\"1440\" height=\"810\" src=\"https:\/\/www.youtube.com\/embed\/cUAlx5jWZo0?feature=oembed\" frameborder=\"0\" allow=\"accelerometer; autoplay; clipboard-write; encrypted-media; gyroscope; picture-in-picture; web-share\" referrerpolicy=\"strict-origin-when-cross-origin\" allowfullscreen><\/iframe>\n<\/div><\/figure>\n\n\n\n<h3 class=\"wp-block-heading\">Transporte para 2 mil 400 estudiantes en Para\u00edso<\/h3>\n\n\n\n<p class=\"wp-block-paragraph\">En la Universidad Polit\u00e9cnica del Golfo de M\u00e9xico, ubicada en <strong>Para\u00edso<\/strong>, el gobernador, acompa\u00f1ado por la alcaldesa <strong>Mar\u00eda Luisa Hern\u00e1ndez Flores<\/strong> y la rectora <strong>Flor de la Cruz Gonz\u00e1lez<\/strong>, destac\u00f3 que contar con una unidad moderna de transporte representa una herramienta fundamental para los estudiantes.<\/p>\n\n\n\n<figure class=\"wp-block-embed is-type-rich is-provider-x wp-block-embed-x\"><div class=\"wp-block-embed__wrapper\">\n<blockquote class=\"twitter-tweet\" data-width=\"550\" data-dnt=\"true\"><p lang=\"es\" dir=\"ltr\">La educaci\u00f3n es un pilar fundamental para el desarrollo de nuestras juventudes, ellos tendr\u00e1n traslados seguros, una mejor movilidad y m\u00e1s herramientas para su desarrollo. Confiamos en la formaci\u00f3n tecnol\u00f3gica de Tabasco.<a href=\"https:\/\/x.com\/hashtag\/LaVerdaderaRiquezdeTabasco?src=hash&amp;ref_src=twsrc%5Etfw\">#LaVerdaderaRiquezdeTabasco<\/a> <a href=\"https:\/\/t.co\/OsF2jNgIbL\">pic.twitter.com\/OsF2jNgIbL<\/a><\/p>&mdash; JAVIER MAY (@TabascoJavier) <a href=\"https:\/\/x.com\/TabascoJavier\/status\/2095317755629117517?ref_src=twsrc%5Etfw\">September 3, 2026<\/a><\/blockquote><script async src=\"https:\/\/platform.x.com\/widgets.js\" charset=\"utf-8\"><\/script>\n<\/div><\/figure>\n\n\n\n<p class=\"wp-block-paragraph\">Explic\u00f3 que diversas materias requieren que los j\u00f3venes se trasladen fuera del campus para complementar su preparaci\u00f3n acad\u00e9mica, por lo que el nuevo autob\u00fas facilitar\u00e1 su participaci\u00f3n en actividades pr\u00e1cticas y de vinculaci\u00f3n.<\/p>\n\n\n\n<figure class=\"wp-block-image size-large\"><img loading=\"lazy\" decoding=\"async\" width=\"1024\" height=\"682\" src=\"https:\/\/reporterosdelsur.org\/diario\/wp-content\/uploads\/2026\/09\/poli5-1024x682.jpeg\" alt=\"\" class=\"wp-image-58861\" srcset=\"https:\/\/reporterosdelsur.org\/diario\/wp-content\/uploads\/2026\/09\/poli5-1024x682.jpeg 1024w, https:\/\/reporterosdelsur.org\/diario\/wp-content\/uploads\/2026\/09\/poli5-300x200.jpeg 300w, https:\/\/reporterosdelsur.org\/diario\/wp-content\/uploads\/2026\/09\/poli5-768x512.jpeg 768w, https:\/\/reporterosdelsur.org\/diario\/wp-content\/uploads\/2026\/09\/poli5-1200x800.jpeg 1200w, https:\/\/reporterosdelsur.org\/diario\/wp-content\/uploads\/2026\/09\/poli5-465x310.jpeg 465w, https:\/\/reporterosdelsur.org\/diario\/wp-content\/uploads\/2026\/09\/poli5-695x463.jpeg 695w, https:\/\/reporterosdelsur.org\/diario\/wp-content\/uploads\/2026\/09\/poli5.jpeg 1280w\" sizes=\"auto, (max-width: 1024px) 100vw, 1024px\" \/><\/figure>\n\n\n\n<figure class=\"wp-block-image size-large\"><img loading=\"lazy\" decoding=\"async\" width=\"1024\" height=\"682\" src=\"https:\/\/reporterosdelsur.org\/diario\/wp-content\/uploads\/2026\/09\/poli3-1024x682.jpeg\" alt=\"\" class=\"wp-image-58853\" srcset=\"https:\/\/reporterosdelsur.org\/diario\/wp-content\/uploads\/2026\/09\/poli3-1024x682.jpeg 1024w, https:\/\/reporterosdelsur.org\/diario\/wp-content\/uploads\/2026\/09\/poli3-300x200.jpeg 300w, https:\/\/reporterosdelsur.org\/diario\/wp-content\/uploads\/2026\/09\/poli3-768x512.jpeg 768w, https:\/\/reporterosdelsur.org\/diario\/wp-content\/uploads\/2026\/09\/poli3-1200x800.jpeg 1200w, https:\/\/reporterosdelsur.org\/diario\/wp-content\/uploads\/2026\/09\/poli3-465x310.jpeg 465w, https:\/\/reporterosdelsur.org\/diario\/wp-content\/uploads\/2026\/09\/poli3-695x463.jpeg 695w, https:\/\/reporterosdelsur.org\/diario\/wp-content\/uploads\/2026\/09\/poli3.jpeg 1280w\" sizes=\"auto, (max-width: 1024px) 100vw, 1024px\" \/><\/figure>\n\n\n\n<p class=\"wp-block-paragraph\">La unidad beneficiar\u00e1 directamente a <strong>2 mil 400 estudiantes<\/strong> de la UPGM.<\/p>\n\n\n\n<p class=\"wp-block-paragraph\">Durante el acto, la comunidad universitaria resalt\u00f3 que el nuevo transporte permitir\u00e1 fortalecer la conexi\u00f3n entre la formaci\u00f3n acad\u00e9mica y el sector productivo, ampliando las oportunidades para que los estudiantes conozcan de manera directa los espacios donde posteriormente podr\u00e1n desarrollar su actividad profesional.<\/p>\n\n\n\n<figure class=\"wp-block-image size-large\"><img loading=\"lazy\" decoding=\"async\" width=\"1024\" height=\"682\" src=\"https:\/\/reporterosdelsur.org\/diario\/wp-content\/uploads\/2026\/09\/poli-1024x682.jpeg\" alt=\"\" class=\"wp-image-58855\" srcset=\"https:\/\/reporterosdelsur.org\/diario\/wp-content\/uploads\/2026\/09\/poli-1024x682.jpeg 1024w, https:\/\/reporterosdelsur.org\/diario\/wp-content\/uploads\/2026\/09\/poli-300x200.jpeg 300w, https:\/\/reporterosdelsur.org\/diario\/wp-content\/uploads\/2026\/09\/poli-768x512.jpeg 768w, https:\/\/reporterosdelsur.org\/diario\/wp-content\/uploads\/2026\/09\/poli-1200x800.jpeg 1200w, https:\/\/reporterosdelsur.org\/diario\/wp-content\/uploads\/2026\/09\/poli-465x310.jpeg 465w, https:\/\/reporterosdelsur.org\/diario\/wp-content\/uploads\/2026\/09\/poli-695x463.jpeg 695w, https:\/\/reporterosdelsur.org\/diario\/wp-content\/uploads\/2026\/09\/poli.jpeg 1280w\" sizes=\"auto, (max-width: 1024px) 100vw, 1024px\" \/><\/figure>\n\n\n\n<figure class=\"wp-block-image size-large\"><img loading=\"lazy\" decoding=\"async\" width=\"1024\" height=\"682\" src=\"https:\/\/reporterosdelsur.org\/diario\/wp-content\/uploads\/2026\/09\/poli4-1024x682.jpeg\" alt=\"\" class=\"wp-image-58856\" srcset=\"https:\/\/reporterosdelsur.org\/diario\/wp-content\/uploads\/2026\/09\/poli4-1024x682.jpeg 1024w, https:\/\/reporterosdelsur.org\/diario\/wp-content\/uploads\/2026\/09\/poli4-300x200.jpeg 300w, https:\/\/reporterosdelsur.org\/diario\/wp-content\/uploads\/2026\/09\/poli4-768x512.jpeg 768w, https:\/\/reporterosdelsur.org\/diario\/wp-content\/uploads\/2026\/09\/poli4-1200x800.jpeg 1200w, https:\/\/reporterosdelsur.org\/diario\/wp-content\/uploads\/2026\/09\/poli4-465x310.jpeg 465w, https:\/\/reporterosdelsur.org\/diario\/wp-content\/uploads\/2026\/09\/poli4-695x463.jpeg 695w, https:\/\/reporterosdelsur.org\/diario\/wp-content\/uploads\/2026\/09\/poli4.jpeg 1280w\" sizes=\"auto, (max-width: 1024px) 100vw, 1024px\" \/><\/figure>\n\n\n\n<h3 class=\"wp-block-heading\">ITSC recibe unidad para 3 mil 350 estudiantes<\/h3>\n\n\n\n<p class=\"wp-block-paragraph\">M\u00e1s tarde, como parte de su gira de trabajo por la Chontalpa, Javier May Rodr\u00edguez acudi\u00f3 al <strong>Instituto Tecnol\u00f3gico Superior de Comalcalco<\/strong>, donde entreg\u00f3 otro autob\u00fas que estar\u00e1 destinado a los <strong>3 mil 350 estudiantes<\/strong> que cursan alguna de las 11 licenciaturas e ingenier\u00edas que ofrece la instituci\u00f3n.<\/p>\n\n\n\n<figure class=\"wp-block-image size-large\"><img loading=\"lazy\" decoding=\"async\" width=\"1024\" height=\"683\" src=\"https:\/\/reporterosdelsur.org\/diario\/wp-content\/uploads\/2026\/09\/tec3-1024x683.jpeg\" alt=\"\" class=\"wp-image-58857\" srcset=\"https:\/\/reporterosdelsur.org\/diario\/wp-content\/uploads\/2026\/09\/tec3-1024x683.jpeg 1024w, https:\/\/reporterosdelsur.org\/diario\/wp-content\/uploads\/2026\/09\/tec3-300x200.jpeg 300w, https:\/\/reporterosdelsur.org\/diario\/wp-content\/uploads\/2026\/09\/tec3-768x512.jpeg 768w, https:\/\/reporterosdelsur.org\/diario\/wp-content\/uploads\/2026\/09\/tec3-1200x800.jpeg 1200w, https:\/\/reporterosdelsur.org\/diario\/wp-content\/uploads\/2026\/09\/tec3-465x310.jpeg 465w, https:\/\/reporterosdelsur.org\/diario\/wp-content\/uploads\/2026\/09\/tec3-695x464.jpeg 695w, https:\/\/reporterosdelsur.org\/diario\/wp-content\/uploads\/2026\/09\/tec3.jpeg 1280w\" sizes=\"auto, (max-width: 1024px) 100vw, 1024px\" \/><\/figure>\n\n\n\n<figure class=\"wp-block-image size-large\"><img loading=\"lazy\" decoding=\"async\" width=\"1024\" height=\"683\" src=\"https:\/\/reporterosdelsur.org\/diario\/wp-content\/uploads\/2026\/09\/Uni-5-1024x683.jpeg\" alt=\"\" class=\"wp-image-58842\" srcset=\"https:\/\/reporterosdelsur.org\/diario\/wp-content\/uploads\/2026\/09\/Uni-5-1024x683.jpeg 1024w, https:\/\/reporterosdelsur.org\/diario\/wp-content\/uploads\/2026\/09\/Uni-5-300x200.jpeg 300w, https:\/\/reporterosdelsur.org\/diario\/wp-content\/uploads\/2026\/09\/Uni-5-768x512.jpeg 768w, https:\/\/reporterosdelsur.org\/diario\/wp-content\/uploads\/2026\/09\/Uni-5-1200x800.jpeg 1200w, https:\/\/reporterosdelsur.org\/diario\/wp-content\/uploads\/2026\/09\/Uni-5-465x310.jpeg 465w, https:\/\/reporterosdelsur.org\/diario\/wp-content\/uploads\/2026\/09\/Uni-5-695x464.jpeg 695w, https:\/\/reporterosdelsur.org\/diario\/wp-content\/uploads\/2026\/09\/Uni-5.jpeg 1280w\" sizes=\"auto, (max-width: 1024px) 100vw, 1024px\" \/><\/figure>\n\n\n\n<p class=\"wp-block-paragraph\">Junto al alcalde de Comalcalco, <strong>Ovidio Peralta Su\u00e1rez<\/strong>, y el director general del ITSC, <strong>Isidro Jim\u00e9nez Le\u00f3n<\/strong>, el gobernador reiter\u00f3 que los institutos tecnol\u00f3gicos son fundamentales para impulsar el desarrollo de Tabasco, al formar profesionistas con conocimientos relacionados directamente con las necesidades de la entidad y del pa\u00eds.<\/p>\n\n\n\n<p class=\"wp-block-paragraph\">En representaci\u00f3n de la comunidad estudiantil, <strong>Andrea Morales de la Cruz<\/strong>, alumna de noveno semestre de Ingenier\u00eda Electr\u00f3nica, agradeci\u00f3 el apoyo y se\u00f1al\u00f3 que la nueva unidad permitir\u00e1 ampliar las posibilidades de aprendizaje de los j\u00f3venes.<\/p>\n\n\n\n<p class=\"wp-block-paragraph\">Destac\u00f3 que el autob\u00fas representa una conexi\u00f3n directa entre las aulas y el sector productivo, al facilitar los traslados necesarios para que los estudiantes puedan complementar su preparaci\u00f3n profesional.<\/p>\n\n\n\n<figure class=\"wp-block-image size-large\"><img loading=\"lazy\" decoding=\"async\" width=\"1024\" height=\"683\" src=\"https:\/\/reporterosdelsur.org\/diario\/wp-content\/uploads\/2026\/09\/tec4-1024x683.jpeg\" alt=\"\" class=\"wp-image-58858\" srcset=\"https:\/\/reporterosdelsur.org\/diario\/wp-content\/uploads\/2026\/09\/tec4-1024x683.jpeg 1024w, https:\/\/reporterosdelsur.org\/diario\/wp-content\/uploads\/2026\/09\/tec4-300x200.jpeg 300w, https:\/\/reporterosdelsur.org\/diario\/wp-content\/uploads\/2026\/09\/tec4-768x512.jpeg 768w, https:\/\/reporterosdelsur.org\/diario\/wp-content\/uploads\/2026\/09\/tec4-1200x800.jpeg 1200w, https:\/\/reporterosdelsur.org\/diario\/wp-content\/uploads\/2026\/09\/tec4-465x310.jpeg 465w, https:\/\/reporterosdelsur.org\/diario\/wp-content\/uploads\/2026\/09\/tec4-695x464.jpeg 695w, https:\/\/reporterosdelsur.org\/diario\/wp-content\/uploads\/2026\/09\/tec4.jpeg 1280w\" sizes=\"auto, (max-width: 1024px) 100vw, 1024px\" \/><\/figure>\n\n\n\n<h3 class=\"wp-block-heading\">Mejorar\u00e1n instalaciones del Tecnol\u00f3gico<\/h3>\n\n\n\n<p class=\"wp-block-paragraph\">Durante su visita al ITSC, el gobernador anunci\u00f3 adem\u00e1s que su administraci\u00f3n apoyar\u00e1 al plantel con trabajos de <strong>impermeabilizaci\u00f3n de aulas, correcci\u00f3n del drenaje y pintura de las instalaciones<\/strong>.<\/p>\n\n\n\n<p class=\"wp-block-paragraph\">Las acciones se realizar\u00e1n debido a que el tecnol\u00f3gico ser\u00e1 sede, en noviembre pr\u00f3ximo, del <strong>Congreso Internacional del Cacao y el Chocolate<\/strong>, evento que congregar\u00e1 a visitantes y participantes de diferentes lugares y para el cual se busca que las instalaciones se encuentren en condiciones adecuadas.<\/p>\n\n\n\n<figure class=\"wp-block-image size-large\"><img loading=\"lazy\" decoding=\"async\" width=\"1024\" height=\"683\" src=\"https:\/\/reporterosdelsur.org\/diario\/wp-content\/uploads\/2026\/09\/tec5-1024x683.jpeg\" alt=\"\" class=\"wp-image-58859\" srcset=\"https:\/\/reporterosdelsur.org\/diario\/wp-content\/uploads\/2026\/09\/tec5-1024x683.jpeg 1024w, https:\/\/reporterosdelsur.org\/diario\/wp-content\/uploads\/2026\/09\/tec5-300x200.jpeg 300w, https:\/\/reporterosdelsur.org\/diario\/wp-content\/uploads\/2026\/09\/tec5-768x512.jpeg 768w, https:\/\/reporterosdelsur.org\/diario\/wp-content\/uploads\/2026\/09\/tec5-1200x800.jpeg 1200w, https:\/\/reporterosdelsur.org\/diario\/wp-content\/uploads\/2026\/09\/tec5-465x310.jpeg 465w, https:\/\/reporterosdelsur.org\/diario\/wp-content\/uploads\/2026\/09\/tec5-695x464.jpeg 695w, https:\/\/reporterosdelsur.org\/diario\/wp-content\/uploads\/2026\/09\/tec5.jpeg 1280w\" sizes=\"auto, (max-width: 1024px) 100vw, 1024px\" \/><\/figure>\n\n\n\n<p class=\"wp-block-paragraph\">May Rodr\u00edguez subray\u00f3 que estas acciones forman parte del compromiso de generar mejores condiciones para la comunidad estudiantil y que los j\u00f3venes puedan sentirse orgullosos de la instituci\u00f3n en la que se forman.<\/p>\n\n\n\n<p class=\"wp-block-paragraph\">Con la entrega de ambas unidades, el programa Movilidad Estudiantil incorpora una herramienta que permitir\u00e1 a <strong>5 mil 750 estudiantes<\/strong> de la UPGM y el ITSC contar con mayores facilidades para realizar actividades acad\u00e9micas fuera de sus centros educativos.<\/p>\n\n\n\n<p class=\"wp-block-paragraph\">El Gobierno del Estado se\u00f1al\u00f3 que este tipo de apoyos busca que la formaci\u00f3n universitaria y tecnol\u00f3gica no se limite a las aulas, sino que los estudiantes tengan mayores oportunidades para vincular sus conocimientos con la realidad productiva y profesional de Tabasco.<\/p>\n","protected":false},"excerpt":{"rendered":"<p>El programa Movilidad Estudiantil beneficiar\u00e1 a 5 mil 750 j\u00f3venes de Para\u00edso y Comalcalco, quienes contar\u00e1n con transporte para realizar pr\u00e1cticas, visitas acad\u00e9micas y actividades fuera de las aulas. VILLAHERMOSA, TAB.\u2014 Con el objetivo de acercar a los estudiantes a los espacios donde puedan poner en pr\u00e1ctica los conocimientos adquiridos<span class=\"more-link theme-more-link\"><a href=\"https:\/\/reporterosdelsur.org\/diario\/2026\/09\/entregan-autobuses-a-estudiantes-de-la-upgm-y-el-itsc-para-fortalecer-su-formacion-profesional\/\">Leer Nota Complete<\/a><\/span><\/p>\n","protected":false},"author":1,"featured_media":58839,"comment_status":"open","ping_status":"open","sticky":false,"template":"","format":"standard","meta":{"footnotes":"","jetpack_publicize_message":"","jetpack_publicize_feature_enabled":true,"jetpack_social_post_already_shared":true,"jetpack_social_options":{"image_generator_settings":{"template":"highway","default_image_id":0,"font":"","enabled":false},"version":2}},"categories":[6,2],"tags":[736,368,442,418,177,38,348,640,333,1399],"class_list":["entry","author-admin","post-58838","post","type-post","status-publish","format-standard","has-post-thumbnail","category-destacado","category-tabasco","tag-audiencia-publica","tag-educacion-2","tag-estudiantes","tag-gobierno-de-tabasco","tag-javier-may-rodriguez","tag-noticias","tag-obras-publicas","tag-obras-sociales","tag-seguridad","tag-universidad"],"jetpack_publicize_connections":[],"featured_image_urls":{"full":["https:\/\/reporterosdelsur.org\/diario\/wp-content\/uploads\/2026\/09\/Uni-7.jpeg",1280,854,false],"thumbnail":["https:\/\/reporterosdelsur.org\/diario\/wp-content\/uploads\/2026\/09\/Uni-7-150x150.jpeg",150,150,true],"medium":["https:\/\/reporterosdelsur.org\/diario\/wp-content\/uploads\/2026\/09\/Uni-7-300x200.jpeg",300,200,true],"medium_large":["https:\/\/reporterosdelsur.org\/diario\/wp-content\/uploads\/2026\/09\/Uni-7-768x512.jpeg",768,512,true],"large":["https:\/\/reporterosdelsur.org\/diario\/wp-content\/uploads\/2026\/09\/Uni-7-1024x683.jpeg",1024,683,true],"1536x1536":["https:\/\/reporterosdelsur.org\/diario\/wp-content\/uploads\/2026\/09\/Uni-7.jpeg",1280,854,false],"2048x2048":["https:\/\/reporterosdelsur.org\/diario\/wp-content\/uploads\/2026\/09\/Uni-7.jpeg",1280,854,false],"ultp_layout_landscape_large":["https:\/\/reporterosdelsur.org\/diario\/wp-content\/uploads\/2026\/09\/Uni-7-1200x800.jpeg",1200,800,true],"ultp_layout_landscape":["https:\/\/reporterosdelsur.org\/diario\/wp-content\/uploads\/2026\/09\/Uni-7-870x570.jpeg",870,570,true],"ultp_layout_portrait":["https:\/\/reporterosdelsur.org\/diario\/wp-content\/uploads\/2026\/09\/Uni-7-600x854.jpeg",600,854,true],"ultp_layout_square":["https:\/\/reporterosdelsur.org\/diario\/wp-content\/uploads\/2026\/09\/Uni-7-600x600.jpeg",600,600,true],"hoot-medium-thumb":["https:\/\/reporterosdelsur.org\/diario\/wp-content\/uploads\/2026\/09\/Uni-7-460x400.jpeg",460,400,true],"hoot-preview":["https:\/\/reporterosdelsur.org\/diario\/wp-content\/uploads\/2026\/09\/Uni-7-465x310.jpeg",465,310,true],"hoot-preview-thumb":["https:\/\/reporterosdelsur.org\/diario\/wp-content\/uploads\/2026\/09\/Uni-7-465x550.jpeg",465,550,true],"hoot-large-thumb":["https:\/\/reporterosdelsur.org\/diario\/wp-content\/uploads\/2026\/09\/Uni-7-690x550.jpeg",690,550,true],"hoot-preview-large":["https:\/\/reporterosdelsur.org\/diario\/wp-content\/uploads\/2026\/09\/Uni-7-695x464.jpeg",695,464,true],"hoot-wide-thumb":["https:\/\/reporterosdelsur.org\/diario\/wp-content\/uploads\/2026\/09\/Uni-7-920x425.jpeg",920,425,true],"hoot-extra-wide-thumb":["https:\/\/reporterosdelsur.org\/diario\/wp-content\/uploads\/2026\/09\/Uni-7-1035x425.jpeg",1035,425,true]},"author_info":{"display_name":"Reporteros del Sur","author_link":"https:\/\/reporterosdelsur.org\/diario\/author\/admin\/"},"category_info":"<a href=\"https:\/\/reporterosdelsur.org\/diario\/category\/destacado\/\" rel=\"category tag\">Destacado<\/a> <a href=\"https:\/\/reporterosdelsur.org\/diario\/category\/tabasco\/\" rel=\"category tag\">Tabasco<\/a>","tag_info":"Tabasco","comment_count":"0","_links":{"self":[{"href":"https:\/\/reporterosdelsur.org\/diario\/wp-json\/wp\/v2\/posts\/58838","targetHints":{"allow":["GET"]}}],"collection":[{"href":"https:\/\/reporterosdelsur.org\/diario\/wp-json\/wp\/v2\/posts"}],"about":[{"href":"https:\/\/reporterosdelsur.org\/diario\/wp-json\/wp\/v2\/types\/post"}],"author":[{"embeddable":true,"href":"https:\/\/reporterosdelsur.org\/diario\/wp-json\/wp\/v2\/users\/1"}],"replies":[{"embeddable":true,"href":"https:\/\/reporterosdelsur.org\/diario\/wp-json\/wp\/v2\/comments?post=58838"}],"version-history":[{"count":7,"href":"https:\/\/reporterosdelsur.org\/diario\/wp-json\/wp\/v2\/posts\/58838\/revisions"}],"predecessor-version":[{"id":58863,"href":"https:\/\/reporterosdelsur.org\/diario\/wp-json\/wp\/v2\/posts\/58838\/revisions\/58863"}],"wp:featuredmedia":[{"embeddable":true,"href":"https:\/\/reporterosdelsur.org\/diario\/wp-json\/wp\/v2\/media\/58839"}],"wp:attachment":[{"href":"https:\/\/reporterosdelsur.org\/diario\/wp-json\/wp\/v2\/media?parent=58838"}],"wp:term":[{"taxonomy":"category","embeddable":true,"href":"https:\/\/reporterosdelsur.org\/diario\/wp-json\/wp\/v2\/categories?post=58838"},{"taxonomy":"post_tag","embeddable":true,"href":"https:\/\/reporterosdelsur.org\/diario\/wp-json\/wp\/v2\/tags?post=58838"}],"curies":[{"name":"wp","href":"https:\/\/api.w.org\/{rel}","templated":true}]}}