{"id":58828,"date":"2026-09-02T15:38:55","date_gmt":"2026-09-02T21:38:55","guid":{"rendered":"https:\/\/reporterosdelsur.org\/diario\/?p=58828"},"modified":"2026-09-02T19:27:07","modified_gmt":"2026-09-03T01:27:07","slug":"villahermosa-se-prepara-para-la-sos26-el-encuentro-que-busca-transformar-el-futuro-energetico-y-ambiental","status":"publish","type":"post","link":"https:\/\/reporterosdelsur.org\/diario\/2026\/09\/villahermosa-se-prepara-para-la-sos26-el-encuentro-que-busca-transformar-el-futuro-energetico-y-ambiental\/","title":{"rendered":"Villahermosa se prepara para la SOS26, el encuentro que busca transformar el futuro energ\u00e9tico y ambiental"},"content":{"rendered":"\n<p class=\"wp-block-paragraph\"><strong>Durante dos d\u00edas, Tabasco ser\u00e1 punto de encuentro de l\u00edderes, especialistas, empresarios, acad\u00e9micos y delegaciones internacionales que analizar\u00e1n soluciones para impulsar el desarrollo econ\u00f3mico sin comprometer el medio ambiente.<\/strong><\/p>\n\n\n\n<p class=\"wp-block-paragraph\"><strong>VILLAHERMOSA, TAB.\u2014<\/strong> No hay plazo que no se cumpla. Este jueves 3 de septiembre, Villahermosa abrir\u00e1 sus puertas a la <strong>Convenci\u00f3n Internacional de Sostenibilidad SOS26<\/strong>, un encuentro que busca colocar a Tabasco en el centro de la discusi\u00f3n sobre el futuro energ\u00e9tico, ambiental y econ\u00f3mico.<\/p>\n\n\n\n<p class=\"wp-block-paragraph\">Durante los d\u00edas <strong>3 y 4 de septiembre<\/strong>, el Centro de Convenciones Tabasco 2000 se convertir\u00e1 en escenario de di\u00e1logo entre m\u00e1s de <strong>100 l\u00edderes y expositores<\/strong>, delegaciones internacionales, representantes de la academia y del sector industrial, quienes abordar\u00e1n los principales desaf\u00edos que enfrenta el mundo para alcanzar un desarrollo sostenible.<\/p>\n\n\n\n<figure class=\"wp-block-image size-large\"><img loading=\"lazy\" decoding=\"async\" width=\"819\" height=\"1024\" src=\"https:\/\/reporterosdelsur.org\/diario\/wp-content\/uploads\/2026\/09\/SOS26-4-819x1024.jpeg\" alt=\"\" class=\"wp-image-58830\" srcset=\"https:\/\/reporterosdelsur.org\/diario\/wp-content\/uploads\/2026\/09\/SOS26-4-819x1024.jpeg 819w, https:\/\/reporterosdelsur.org\/diario\/wp-content\/uploads\/2026\/09\/SOS26-4-240x300.jpeg 240w, https:\/\/reporterosdelsur.org\/diario\/wp-content\/uploads\/2026\/09\/SOS26-4-768x960.jpeg 768w, https:\/\/reporterosdelsur.org\/diario\/wp-content\/uploads\/2026\/09\/SOS26-4-440x550.jpeg 440w, https:\/\/reporterosdelsur.org\/diario\/wp-content\/uploads\/2026\/09\/SOS26-4-400x500.jpeg 400w, https:\/\/reporterosdelsur.org\/diario\/wp-content\/uploads\/2026\/09\/SOS26-4.jpeg 1080w\" sizes=\"auto, (max-width: 819px) 100vw, 819px\" \/><\/figure>\n\n\n\n<p class=\"wp-block-paragraph\">Organizada por el <strong>Gobierno del Estado, a trav\u00e9s de la Secretar\u00eda de Medio Ambiente y Desarrollo Sostenible (SEMADES)<\/strong>, la SOS26 plantea como uno de sus principales objetivos demostrar que el crecimiento econ\u00f3mico y la protecci\u00f3n de los recursos naturales no tienen que avanzar por caminos separados.<\/p>\n\n\n\n<p class=\"wp-block-paragraph\">El encuentro estar\u00e1 estructurado en cuatro ejes estrat\u00e9gicos: <strong>Hidrocarburos, Transici\u00f3n Energ\u00e9tica, Gesti\u00f3n del Agua y Sostenibilidad<\/strong>, temas que tienen una repercusi\u00f3n directa en la vida cotidiana de millones de personas y que representan algunos de los mayores retos para las pr\u00f3ximas generaciones.<\/p>\n\n\n\n<p class=\"wp-block-paragraph\">A trav\u00e9s de <strong>conferencias magistrales, paneles especializados y talleres<\/strong>, especialistas y participantes intercambiar\u00e1n experiencias y propuestas encaminadas a generar soluciones concretas, fortalecer alianzas y promover modelos de desarrollo con una mayor responsabilidad ambiental.<\/p>\n\n\n\n<figure class=\"wp-block-image size-full\"><img loading=\"lazy\" decoding=\"async\" width=\"512\" height=\"640\" src=\"https:\/\/reporterosdelsur.org\/diario\/wp-content\/uploads\/2026\/09\/SOS26-3.jpeg\" alt=\"\" class=\"wp-image-58831\" srcset=\"https:\/\/reporterosdelsur.org\/diario\/wp-content\/uploads\/2026\/09\/SOS26-3.jpeg 512w, https:\/\/reporterosdelsur.org\/diario\/wp-content\/uploads\/2026\/09\/SOS26-3-240x300.jpeg 240w, https:\/\/reporterosdelsur.org\/diario\/wp-content\/uploads\/2026\/09\/SOS26-3-440x550.jpeg 440w, https:\/\/reporterosdelsur.org\/diario\/wp-content\/uploads\/2026\/09\/SOS26-3-400x500.jpeg 400w\" sizes=\"auto, (max-width: 512px) 100vw, 512px\" \/><\/figure>\n\n\n\n<p class=\"wp-block-paragraph\">La dimensi\u00f3n social del encuentro tambi\u00e9n cobra relevancia, debido a que las decisiones relacionadas con energ\u00eda, agua y conservaci\u00f3n ambiental tienen efectos directos sobre las comunidades, la actividad productiva, la generaci\u00f3n de empleos y la calidad de vida.<\/p>\n\n\n\n<p class=\"wp-block-paragraph\">Con la llegada de la SOS26, Villahermosa se convierte durante dos d\u00edas en una plataforma para el intercambio de conocimientos y la construcci\u00f3n de acuerdos, con la expectativa de que las propuestas surgidas del encuentro puedan trascender las salas de conferencias y traducirse en acciones de largo alcance.<\/p>\n\n\n\n<figure class=\"wp-block-image size-large\"><img loading=\"lazy\" decoding=\"async\" width=\"819\" height=\"1024\" src=\"https:\/\/reporterosdelsur.org\/diario\/wp-content\/uploads\/2026\/09\/SOS26-2-819x1024.jpeg\" alt=\"\" class=\"wp-image-58832\" srcset=\"https:\/\/reporterosdelsur.org\/diario\/wp-content\/uploads\/2026\/09\/SOS26-2-819x1024.jpeg 819w, https:\/\/reporterosdelsur.org\/diario\/wp-content\/uploads\/2026\/09\/SOS26-2-240x300.jpeg 240w, https:\/\/reporterosdelsur.org\/diario\/wp-content\/uploads\/2026\/09\/SOS26-2-768x960.jpeg 768w, https:\/\/reporterosdelsur.org\/diario\/wp-content\/uploads\/2026\/09\/SOS26-2-440x550.jpeg 440w, https:\/\/reporterosdelsur.org\/diario\/wp-content\/uploads\/2026\/09\/SOS26-2-400x500.jpeg 400w, https:\/\/reporterosdelsur.org\/diario\/wp-content\/uploads\/2026\/09\/SOS26-2.jpeg 1080w\" sizes=\"auto, (max-width: 819px) 100vw, 819px\" \/><\/figure>\n\n\n\n<p class=\"wp-block-paragraph\">El llamado est\u00e1 dirigido a <strong>profesionistas, empresarios, investigadores, estudiantes y ciudadan\u00eda en general<\/strong>, quienes todav\u00eda tienen oportunidad de participar y conocer de primera mano las propuestas que marcar\u00e1n parte de la agenda energ\u00e9tica y ambiental.<\/p>\n\n\n\n<p class=\"wp-block-paragraph\">La Convenci\u00f3n Internacional SOS26 representa as\u00ed una oportunidad para que Tabasco proyecte sus capacidades ante M\u00e9xico y el mundo y, al mismo tiempo, participe en una conversaci\u00f3n indispensable: <strong>c\u00f3mo crecer, generar oportunidades y aprovechar los recursos sin comprometer el patrimonio ambiental de las futuras generaciones<\/strong>.<\/p>\n\n\n\n<p class=\"wp-block-paragraph\">Las personas interesadas a\u00fan pueden asegurar su participaci\u00f3n mediante el registro en la plataforma oficial de la Convenci\u00f3n Internacional SOS26.<\/p>\n","protected":false},"excerpt":{"rendered":"<p>Durante dos d\u00edas, Tabasco ser\u00e1 punto de encuentro de l\u00edderes, especialistas, empresarios, acad\u00e9micos y delegaciones internacionales que analizar\u00e1n soluciones para impulsar el desarrollo econ\u00f3mico sin comprometer el medio ambiente. VILLAHERMOSA, TAB.\u2014 No hay plazo que no se cumpla. Este jueves 3 de septiembre, Villahermosa abrir\u00e1 sus puertas a la Convenci\u00f3n<span class=\"more-link theme-more-link\"><a href=\"https:\/\/reporterosdelsur.org\/diario\/2026\/09\/villahermosa-se-prepara-para-la-sos26-el-encuentro-que-busca-transformar-el-futuro-energetico-y-ambiental\/\">Leer Nota Complete<\/a><\/span><\/p>\n","protected":false},"author":2,"featured_media":58829,"comment_status":"open","ping_status":"open","sticky":false,"template":"","format":"standard","meta":{"footnotes":"","jetpack_publicize_message":"","jetpack_publicize_feature_enabled":true,"jetpack_social_post_already_shared":true,"jetpack_social_options":{"image_generator_settings":{"template":"highway","default_image_id":0,"font":"","enabled":false},"version":2}},"categories":[6,2],"tags":[736,418,177,38,640,333],"class_list":["entry","author-guza0892gmail-com","post-58828","post","type-post","status-publish","format-standard","has-post-thumbnail","category-destacado","category-tabasco","tag-audiencia-publica","tag-gobierno-de-tabasco","tag-javier-may-rodriguez","tag-noticias","tag-obras-sociales","tag-seguridad"],"jetpack_publicize_connections":[],"featured_image_urls":{"full":["https:\/\/reporterosdelsur.org\/diario\/wp-content\/uploads\/2026\/09\/SOS26-1.jpeg",1280,1600,false],"thumbnail":["https:\/\/reporterosdelsur.org\/diario\/wp-content\/uploads\/2026\/09\/SOS26-1-150x150.jpeg",150,150,true],"medium":["https:\/\/reporterosdelsur.org\/diario\/wp-content\/uploads\/2026\/09\/SOS26-1-240x300.jpeg",240,300,true],"medium_large":["https:\/\/reporterosdelsur.org\/diario\/wp-content\/uploads\/2026\/09\/SOS26-1-768x960.jpeg",768,960,true],"large":["https:\/\/reporterosdelsur.org\/diario\/wp-content\/uploads\/2026\/09\/SOS26-1-819x1024.jpeg",819,1024,true],"1536x1536":["https:\/\/reporterosdelsur.org\/diario\/wp-content\/uploads\/2026\/09\/SOS26-1-1229x1536.jpeg",1229,1536,true],"2048x2048":["https:\/\/reporterosdelsur.org\/diario\/wp-content\/uploads\/2026\/09\/SOS26-1.jpeg",1280,1600,false],"ultp_layout_landscape_large":["https:\/\/reporterosdelsur.org\/diario\/wp-content\/uploads\/2026\/09\/SOS26-1-1200x800.jpeg",1200,800,true],"ultp_layout_landscape":["https:\/\/reporterosdelsur.org\/diario\/wp-content\/uploads\/2026\/09\/SOS26-1-870x570.jpeg",870,570,true],"ultp_layout_portrait":["https:\/\/reporterosdelsur.org\/diario\/wp-content\/uploads\/2026\/09\/SOS26-1-600x900.jpeg",600,900,true],"ultp_layout_square":["https:\/\/reporterosdelsur.org\/diario\/wp-content\/uploads\/2026\/09\/SOS26-1-600x600.jpeg",600,600,true],"hoot-medium-thumb":["https:\/\/reporterosdelsur.org\/diario\/wp-content\/uploads\/2026\/09\/SOS26-1-460x400.jpeg",460,400,true],"hoot-preview":["https:\/\/reporterosdelsur.org\/diario\/wp-content\/uploads\/2026\/09\/SOS26-1-440x550.jpeg",440,550,true],"hoot-preview-thumb":["https:\/\/reporterosdelsur.org\/diario\/wp-content\/uploads\/2026\/09\/SOS26-1-465x550.jpeg",465,550,true],"hoot-large-thumb":["https:\/\/reporterosdelsur.org\/diario\/wp-content\/uploads\/2026\/09\/SOS26-1-690x550.jpeg",690,550,true],"hoot-preview-large":["https:\/\/reporterosdelsur.org\/diario\/wp-content\/uploads\/2026\/09\/SOS26-1-400x500.jpeg",400,500,true],"hoot-wide-thumb":["https:\/\/reporterosdelsur.org\/diario\/wp-content\/uploads\/2026\/09\/SOS26-1-920x425.jpeg",920,425,true],"hoot-extra-wide-thumb":["https:\/\/reporterosdelsur.org\/diario\/wp-content\/uploads\/2026\/09\/SOS26-1-1035x425.jpeg",1035,425,true]},"author_info":{"display_name":"Reporteros del Sur","author_link":"https:\/\/reporterosdelsur.org\/diario\/author\/guza0892gmail-com\/"},"category_info":"<a href=\"https:\/\/reporterosdelsur.org\/diario\/category\/destacado\/\" rel=\"category tag\">Destacado<\/a> <a href=\"https:\/\/reporterosdelsur.org\/diario\/category\/tabasco\/\" rel=\"category tag\">Tabasco<\/a>","tag_info":"Tabasco","comment_count":"0","_links":{"self":[{"href":"https:\/\/reporterosdelsur.org\/diario\/wp-json\/wp\/v2\/posts\/58828","targetHints":{"allow":["GET"]}}],"collection":[{"href":"https:\/\/reporterosdelsur.org\/diario\/wp-json\/wp\/v2\/posts"}],"about":[{"href":"https:\/\/reporterosdelsur.org\/diario\/wp-json\/wp\/v2\/types\/post"}],"author":[{"embeddable":true,"href":"https:\/\/reporterosdelsur.org\/diario\/wp-json\/wp\/v2\/users\/2"}],"replies":[{"embeddable":true,"href":"https:\/\/reporterosdelsur.org\/diario\/wp-json\/wp\/v2\/comments?post=58828"}],"version-history":[{"count":1,"href":"https:\/\/reporterosdelsur.org\/diario\/wp-json\/wp\/v2\/posts\/58828\/revisions"}],"predecessor-version":[{"id":58833,"href":"https:\/\/reporterosdelsur.org\/diario\/wp-json\/wp\/v2\/posts\/58828\/revisions\/58833"}],"wp:featuredmedia":[{"embeddable":true,"href":"https:\/\/reporterosdelsur.org\/diario\/wp-json\/wp\/v2\/media\/58829"}],"wp:attachment":[{"href":"https:\/\/reporterosdelsur.org\/diario\/wp-json\/wp\/v2\/media?parent=58828"}],"wp:term":[{"taxonomy":"category","embeddable":true,"href":"https:\/\/reporterosdelsur.org\/diario\/wp-json\/wp\/v2\/categories?post=58828"},{"taxonomy":"post_tag","embeddable":true,"href":"https:\/\/reporterosdelsur.org\/diario\/wp-json\/wp\/v2\/tags?post=58828"}],"curies":[{"name":"wp","href":"https:\/\/api.w.org\/{rel}","templated":true}]}}