{"id":58822,"date":"2026-09-02T12:21:16","date_gmt":"2026-09-02T18:21:16","guid":{"rendered":"https:\/\/reporterosdelsur.org\/diario\/?p=58822"},"modified":"2026-09-02T12:21:19","modified_gmt":"2026-09-02T18:21:19","slug":"padres-bloquean-avenida-mina-exigen-aires-acondicionados-y-mejoras-en-secundaria","status":"publish","type":"post","link":"https:\/\/reporterosdelsur.org\/diario\/2026\/09\/padres-bloquean-avenida-mina-exigen-aires-acondicionados-y-mejoras-en-secundaria\/","title":{"rendered":"Padres bloquean avenida Mina; exigen aires acondicionados y mejoras en secundaria"},"content":{"rendered":"\n<p class=\"wp-block-paragraph\"><strong>Los inconformes de la Secundaria Federal No. 1 Jaime Torres Bodet denunciaron falta de climatizaci\u00f3n, problemas de agua y deficiencias en la infraestructura; personal de la Secretar\u00eda de Gobierno acudi\u00f3 al plantel para atender la protesta.<\/strong><\/p>\n\n\n\n<p class=\"wp-block-paragraph\"><strong>TABASCO.-<\/strong> Padres de familia de la Secundaria Federal No. 1 Jaime Torres Bodet bloquearon durante la ma\u00f1ana de este mi\u00e9rcoles la avenida Francisco Javier Mina, en su cruce con la calle Andr\u00e9s S\u00e1nchez Magallanes, en Villahermosa, para exigir atenci\u00f3n a las condiciones en que sus hijos reciben clases.<\/p>\n\n\n\n<p class=\"wp-block-paragraph\">Los manifestantes denunciaron principalmente la falta de sistemas de aire acondicionado en algunos salones, particularmente en aulas de segundo grado, adem\u00e1s de problemas relacionados con el suministro de agua y el mantenimiento general de las instalaciones.<\/p>\n\n\n\n<figure class=\"wp-block-image size-large\"><img loading=\"lazy\" decoding=\"async\" width=\"1024\" height=\"768\" src=\"https:\/\/reporterosdelsur.org\/diario\/wp-content\/uploads\/2026\/09\/Bloqueo-4-1024x768.jpg\" alt=\"\" class=\"wp-image-58824\" srcset=\"https:\/\/reporterosdelsur.org\/diario\/wp-content\/uploads\/2026\/09\/Bloqueo-4-1024x768.jpg 1024w, https:\/\/reporterosdelsur.org\/diario\/wp-content\/uploads\/2026\/09\/Bloqueo-4-300x225.jpg 300w, https:\/\/reporterosdelsur.org\/diario\/wp-content\/uploads\/2026\/09\/Bloqueo-4-768x576.jpg 768w, https:\/\/reporterosdelsur.org\/diario\/wp-content\/uploads\/2026\/09\/Bloqueo-4-1536x1152.jpg 1536w, https:\/\/reporterosdelsur.org\/diario\/wp-content\/uploads\/2026\/09\/Bloqueo-4-465x349.jpg 465w, https:\/\/reporterosdelsur.org\/diario\/wp-content\/uploads\/2026\/09\/Bloqueo-4-667x500.jpg 667w, https:\/\/reporterosdelsur.org\/diario\/wp-content\/uploads\/2026\/09\/Bloqueo-4.jpg 2048w\" sizes=\"auto, (max-width: 1024px) 100vw, 1024px\" \/><\/figure>\n\n\n\n<p class=\"wp-block-paragraph\">De acuerdo con los padres de familia, previamente se realiz\u00f3 una reuni\u00f3n con la directora del plantel, en la que plantearon la necesidad de instalar equipos de aire acondicionado y realizar trabajos de mantenimiento; sin embargo, se\u00f1alaron que no obtuvieron una respuesta favorable a sus demandas.<\/p>\n\n\n\n<p class=\"wp-block-paragraph\">Arisbe Grisel, madre de familia, afirm\u00f3 que la direcci\u00f3n del plantel se ha negado a destinar recursos para atender las necesidades de infraestructura y climatizaci\u00f3n de las aulas, mientras que, seg\u00fan su denuncia, la oficina de la directora s\u00ed cuenta con un equipo de aire acondicionado.<\/p>\n\n\n\n<figure class=\"wp-block-image size-large\"><img loading=\"lazy\" decoding=\"async\" width=\"1024\" height=\"768\" src=\"https:\/\/reporterosdelsur.org\/diario\/wp-content\/uploads\/2026\/09\/Bloqueo-3-1024x768.jpg\" alt=\"\" class=\"wp-image-58825\" srcset=\"https:\/\/reporterosdelsur.org\/diario\/wp-content\/uploads\/2026\/09\/Bloqueo-3-1024x768.jpg 1024w, https:\/\/reporterosdelsur.org\/diario\/wp-content\/uploads\/2026\/09\/Bloqueo-3-300x225.jpg 300w, https:\/\/reporterosdelsur.org\/diario\/wp-content\/uploads\/2026\/09\/Bloqueo-3-768x576.jpg 768w, https:\/\/reporterosdelsur.org\/diario\/wp-content\/uploads\/2026\/09\/Bloqueo-3-1536x1152.jpg 1536w, https:\/\/reporterosdelsur.org\/diario\/wp-content\/uploads\/2026\/09\/Bloqueo-3-465x349.jpg 465w, https:\/\/reporterosdelsur.org\/diario\/wp-content\/uploads\/2026\/09\/Bloqueo-3-667x500.jpg 667w, https:\/\/reporterosdelsur.org\/diario\/wp-content\/uploads\/2026\/09\/Bloqueo-3.jpg 2048w\" sizes=\"auto, (max-width: 1024px) 100vw, 1024px\" \/><\/figure>\n\n\n\n<p class=\"wp-block-paragraph\">Los inconformes se\u00f1alaron que las altas temperaturas hacen necesario contar con espacios adecuados para que los estudiantes puedan desarrollar sus actividades escolares en condiciones apropiadas.<\/p>\n\n\n\n<p class=\"wp-block-paragraph\">La protesta gener\u00f3 afectaciones a la circulaci\u00f3n vehicular sobre una de las principales avenidas de la capital tabasque\u00f1a, mientras padres de familia permanecieron en el lugar acompa\u00f1ados por alumnos.<\/p>\n\n\n\n<p class=\"wp-block-paragraph\">Ante el bloqueo, personal de la Secretar\u00eda de Gobierno de Tabasco acudi\u00f3 al plantel educativo para dialogar con los manifestantes y atender sus planteamientos.<\/p>\n\n\n\n<figure class=\"wp-block-image size-large\"><img loading=\"lazy\" decoding=\"async\" width=\"1024\" height=\"768\" src=\"https:\/\/reporterosdelsur.org\/diario\/wp-content\/uploads\/2026\/09\/Bloqueo-2-1024x768.jpg\" alt=\"\" class=\"wp-image-58826\" srcset=\"https:\/\/reporterosdelsur.org\/diario\/wp-content\/uploads\/2026\/09\/Bloqueo-2-1024x768.jpg 1024w, https:\/\/reporterosdelsur.org\/diario\/wp-content\/uploads\/2026\/09\/Bloqueo-2-300x225.jpg 300w, https:\/\/reporterosdelsur.org\/diario\/wp-content\/uploads\/2026\/09\/Bloqueo-2-768x576.jpg 768w, https:\/\/reporterosdelsur.org\/diario\/wp-content\/uploads\/2026\/09\/Bloqueo-2-1536x1152.jpg 1536w, https:\/\/reporterosdelsur.org\/diario\/wp-content\/uploads\/2026\/09\/Bloqueo-2-465x349.jpg 465w, https:\/\/reporterosdelsur.org\/diario\/wp-content\/uploads\/2026\/09\/Bloqueo-2-667x500.jpg 667w, https:\/\/reporterosdelsur.org\/diario\/wp-content\/uploads\/2026\/09\/Bloqueo-2.jpg 2048w\" sizes=\"auto, (max-width: 1024px) 100vw, 1024px\" \/><\/figure>\n\n\n\n<p class=\"wp-block-paragraph\">Los padres de familia demandaron que las autoridades educativas intervengan para revisar las condiciones del plantel y establecer compromisos que permitan resolver las deficiencias de manera efectiva.<\/p>\n\n\n\n<p class=\"wp-block-paragraph\">Hasta el momento, los inconformes mantienen su exigencia de contar con instalaciones dignas y condiciones adecuadas para el desarrollo de las actividades escolares, por lo que se espera que el di\u00e1logo con las autoridades permita alcanzar acuerdos y evitar que la protesta se prolongue.<\/p>\n","protected":false},"excerpt":{"rendered":"<p>Los inconformes de la Secundaria Federal No. 1 Jaime Torres Bodet denunciaron falta de climatizaci\u00f3n, problemas de agua y deficiencias en la infraestructura; personal de la Secretar\u00eda de Gobierno acudi\u00f3 al plantel para atender la protesta. TABASCO.- Padres de familia de la Secundaria Federal No. 1 Jaime Torres Bodet bloquearon<span class=\"more-link theme-more-link\"><a href=\"https:\/\/reporterosdelsur.org\/diario\/2026\/09\/padres-bloquean-avenida-mina-exigen-aires-acondicionados-y-mejoras-en-secundaria\/\">Leer Nota Complete<\/a><\/span><\/p>\n","protected":false},"author":1,"featured_media":58823,"comment_status":"open","ping_status":"open","sticky":false,"template":"","format":"standard","meta":{"footnotes":"","jetpack_publicize_message":"","jetpack_publicize_feature_enabled":true,"jetpack_social_post_already_shared":true,"jetpack_social_options":{"image_generator_settings":{"template":"highway","default_image_id":0,"font":"","enabled":false},"version":2}},"categories":[2],"tags":[535,1466,1465,1577,368,442,340,452,84,38,333,367,35,34],"class_list":["entry","author-admin","post-58822","post","type-post","status-publish","format-standard","has-post-thumbnail","category-tabasco","tag-alumnos","tag-cbtis","tag-cetis","tag-dgeti","tag-educacion-2","tag-estudiantes","tag-gobierno-del-estado","tag-ieat","tag-javier-may","tag-noticias","tag-seguridad","tag-setab","tag-tabasco","tag-villahermosa"],"jetpack_publicize_connections":[],"featured_image_urls":{"full":["https:\/\/reporterosdelsur.org\/diario\/wp-content\/uploads\/2026\/09\/Bloqueo-5.jpg",1600,1200,false],"thumbnail":["https:\/\/reporterosdelsur.org\/diario\/wp-content\/uploads\/2026\/09\/Bloqueo-5-150x150.jpg",150,150,true],"medium":["https:\/\/reporterosdelsur.org\/diario\/wp-content\/uploads\/2026\/09\/Bloqueo-5-300x225.jpg",300,225,true],"medium_large":["https:\/\/reporterosdelsur.org\/diario\/wp-content\/uploads\/2026\/09\/Bloqueo-5-768x576.jpg",768,576,true],"large":["https:\/\/reporterosdelsur.org\/diario\/wp-content\/uploads\/2026\/09\/Bloqueo-5-1024x768.jpg",1024,768,true],"1536x1536":["https:\/\/reporterosdelsur.org\/diario\/wp-content\/uploads\/2026\/09\/Bloqueo-5-1536x1152.jpg",1536,1152,true],"2048x2048":["https:\/\/reporterosdelsur.org\/diario\/wp-content\/uploads\/2026\/09\/Bloqueo-5.jpg",1600,1200,false],"ultp_layout_landscape_large":["https:\/\/reporterosdelsur.org\/diario\/wp-content\/uploads\/2026\/09\/Bloqueo-5-1200x800.jpg",1200,800,true],"ultp_layout_landscape":["https:\/\/reporterosdelsur.org\/diario\/wp-content\/uploads\/2026\/09\/Bloqueo-5-870x570.jpg",870,570,true],"ultp_layout_portrait":["https:\/\/reporterosdelsur.org\/diario\/wp-content\/uploads\/2026\/09\/Bloqueo-5-600x900.jpg",600,900,true],"ultp_layout_square":["https:\/\/reporterosdelsur.org\/diario\/wp-content\/uploads\/2026\/09\/Bloqueo-5-600x600.jpg",600,600,true],"hoot-medium-thumb":["https:\/\/reporterosdelsur.org\/diario\/wp-content\/uploads\/2026\/09\/Bloqueo-5-460x400.jpg",460,400,true],"hoot-preview":["https:\/\/reporterosdelsur.org\/diario\/wp-content\/uploads\/2026\/09\/Bloqueo-5-465x349.jpg",465,349,true],"hoot-preview-thumb":["https:\/\/reporterosdelsur.org\/diario\/wp-content\/uploads\/2026\/09\/Bloqueo-5-465x550.jpg",465,550,true],"hoot-large-thumb":["https:\/\/reporterosdelsur.org\/diario\/wp-content\/uploads\/2026\/09\/Bloqueo-5-690x550.jpg",690,550,true],"hoot-preview-large":["https:\/\/reporterosdelsur.org\/diario\/wp-content\/uploads\/2026\/09\/Bloqueo-5-667x500.jpg",667,500,true],"hoot-wide-thumb":["https:\/\/reporterosdelsur.org\/diario\/wp-content\/uploads\/2026\/09\/Bloqueo-5-920x425.jpg",920,425,true],"hoot-extra-wide-thumb":["https:\/\/reporterosdelsur.org\/diario\/wp-content\/uploads\/2026\/09\/Bloqueo-5-1035x425.jpg",1035,425,true]},"author_info":{"display_name":"Reporteros del Sur","author_link":"https:\/\/reporterosdelsur.org\/diario\/author\/admin\/"},"category_info":"<a href=\"https:\/\/reporterosdelsur.org\/diario\/category\/tabasco\/\" rel=\"category tag\">Tabasco<\/a>","tag_info":"Tabasco","comment_count":"0","_links":{"self":[{"href":"https:\/\/reporterosdelsur.org\/diario\/wp-json\/wp\/v2\/posts\/58822","targetHints":{"allow":["GET"]}}],"collection":[{"href":"https:\/\/reporterosdelsur.org\/diario\/wp-json\/wp\/v2\/posts"}],"about":[{"href":"https:\/\/reporterosdelsur.org\/diario\/wp-json\/wp\/v2\/types\/post"}],"author":[{"embeddable":true,"href":"https:\/\/reporterosdelsur.org\/diario\/wp-json\/wp\/v2\/users\/1"}],"replies":[{"embeddable":true,"href":"https:\/\/reporterosdelsur.org\/diario\/wp-json\/wp\/v2\/comments?post=58822"}],"version-history":[{"count":1,"href":"https:\/\/reporterosdelsur.org\/diario\/wp-json\/wp\/v2\/posts\/58822\/revisions"}],"predecessor-version":[{"id":58827,"href":"https:\/\/reporterosdelsur.org\/diario\/wp-json\/wp\/v2\/posts\/58822\/revisions\/58827"}],"wp:featuredmedia":[{"embeddable":true,"href":"https:\/\/reporterosdelsur.org\/diario\/wp-json\/wp\/v2\/media\/58823"}],"wp:attachment":[{"href":"https:\/\/reporterosdelsur.org\/diario\/wp-json\/wp\/v2\/media?parent=58822"}],"wp:term":[{"taxonomy":"category","embeddable":true,"href":"https:\/\/reporterosdelsur.org\/diario\/wp-json\/wp\/v2\/categories?post=58822"},{"taxonomy":"post_tag","embeddable":true,"href":"https:\/\/reporterosdelsur.org\/diario\/wp-json\/wp\/v2\/tags?post=58822"}],"curies":[{"name":"wp","href":"https:\/\/api.w.org\/{rel}","templated":true}]}}