{"id":58817,"date":"2026-09-02T12:11:33","date_gmt":"2026-09-02T18:11:33","guid":{"rendered":"https:\/\/reporterosdelsur.org\/diario\/?p=58817"},"modified":"2026-09-02T12:11:36","modified_gmt":"2026-09-02T18:11:36","slug":"tabasco-definira-a-finales-de-septiembre-regulacion-para-uso-de-celulares-en-escuelas","status":"publish","type":"post","link":"https:\/\/reporterosdelsur.org\/diario\/2026\/09\/tabasco-definira-a-finales-de-septiembre-regulacion-para-uso-de-celulares-en-escuelas\/","title":{"rendered":"Tabasco definir\u00e1 a finales de septiembre regulaci\u00f3n para uso de celulares en escuelas"},"content":{"rendered":"\n<p class=\"wp-block-paragraph\"><strong>La medida contempla todos los niveles educativos, desde preescolar hasta universidad, y ser\u00e1 resultado de acuerdos con docentes y padres de familia; los planteles establecer\u00e1n mecanismos para el resguardo de los equipos.<\/strong><\/p>\n\n\n\n<p class=\"wp-block-paragraph\"><strong>TABASCO.-<\/strong> A finales de septiembre se definir\u00e1 la regulaci\u00f3n para el uso de dispositivos m\u00f3viles en las escuelas de Tabasco, inform\u00f3 la secretaria de Educaci\u00f3n, Patricia Iparrea S\u00e1nchez, quien aclar\u00f3 que no se contempla una prohibici\u00f3n total de los tel\u00e9fonos celulares.<\/p>\n\n\n\n<p class=\"wp-block-paragraph\">La funcionaria explic\u00f3 que la medida aplicar\u00e1 en todos los niveles educativos, desde preescolar hasta universidad, y estar\u00e1 dirigida a toda la comunidad educativa.<\/p>\n\n\n\n<p class=\"wp-block-paragraph\">Detall\u00f3 que ya se llev\u00f3 a cabo una consulta con los docentes, mientras que est\u00e1 pendiente conocer la opini\u00f3n de los padres de familia. Esta encuesta se realizar\u00e1 durante las reuniones a las que sean convocados por los directores de los planteles.<\/p>\n\n\n\n<figure class=\"wp-block-image size-large\"><img loading=\"lazy\" decoding=\"async\" width=\"1024\" height=\"678\" src=\"https:\/\/reporterosdelsur.org\/diario\/wp-content\/uploads\/2026\/09\/Educ3-1024x678.jpg\" alt=\"\" class=\"wp-image-58819\" srcset=\"https:\/\/reporterosdelsur.org\/diario\/wp-content\/uploads\/2026\/09\/Educ3-1024x678.jpg 1024w, https:\/\/reporterosdelsur.org\/diario\/wp-content\/uploads\/2026\/09\/Educ3-300x199.jpg 300w, https:\/\/reporterosdelsur.org\/diario\/wp-content\/uploads\/2026\/09\/Educ3-768x509.jpg 768w, https:\/\/reporterosdelsur.org\/diario\/wp-content\/uploads\/2026\/09\/Educ3-1536x1017.jpg 1536w, https:\/\/reporterosdelsur.org\/diario\/wp-content\/uploads\/2026\/09\/Educ3-465x308.jpg 465w, https:\/\/reporterosdelsur.org\/diario\/wp-content\/uploads\/2026\/09\/Educ3-695x460.jpg 695w, https:\/\/reporterosdelsur.org\/diario\/wp-content\/uploads\/2026\/09\/Educ3.jpg 1848w\" sizes=\"auto, (max-width: 1024px) 100vw, 1024px\" \/><\/figure>\n\n\n\n<p class=\"wp-block-paragraph\">\u201cTenemos como fecha el mes de septiembre. Yo creo que a finales de septiembre ya les estar\u00edamos diciendo c\u00f3mo quedamos, pero esto aplicar\u00eda para todos los niveles y a toda la comunidad educativa\u201d, se\u00f1al\u00f3.<\/p>\n\n\n\n<p class=\"wp-block-paragraph\">Iparrea S\u00e1nchez precis\u00f3 que el objetivo no es prohibir completamente el uso de los dispositivos m\u00f3viles, sino establecer acuerdos y reglamentos que permitan regular su utilizaci\u00f3n dentro de los centros escolares.<\/p>\n\n\n\n<p class=\"wp-block-paragraph\">En este sentido, cada plantel determinar\u00e1 el mecanismo que utilizar\u00e1 para el resguardo de los equipos, considerando que para muchas familias los tel\u00e9fonos representan una herramienta de comunicaci\u00f3n con sus hijos, principalmente a la hora de la salida de clases.<\/p>\n\n\n\n<figure class=\"wp-block-image size-full\"><img loading=\"lazy\" decoding=\"async\" width=\"1024\" height=\"649\" src=\"https:\/\/reporterosdelsur.org\/diario\/wp-content\/uploads\/2026\/09\/Educ.jpg\" alt=\"\" class=\"wp-image-58820\" srcset=\"https:\/\/reporterosdelsur.org\/diario\/wp-content\/uploads\/2026\/09\/Educ.jpg 1024w, https:\/\/reporterosdelsur.org\/diario\/wp-content\/uploads\/2026\/09\/Educ-300x190.jpg 300w, https:\/\/reporterosdelsur.org\/diario\/wp-content\/uploads\/2026\/09\/Educ-768x487.jpg 768w, https:\/\/reporterosdelsur.org\/diario\/wp-content\/uploads\/2026\/09\/Educ-465x295.jpg 465w, https:\/\/reporterosdelsur.org\/diario\/wp-content\/uploads\/2026\/09\/Educ-695x440.jpg 695w\" sizes=\"auto, (max-width: 1024px) 100vw, 1024px\" \/><\/figure>\n\n\n\n<h3 class=\"wp-block-heading\">Matr\u00edcula se mantiene pese a baja en inscripciones<\/h3>\n\n\n\n<p class=\"wp-block-paragraph\">Por otra parte, la secretaria de Educaci\u00f3n inform\u00f3 que, pese a que al inicio del ciclo escolar se detect\u00f3 una disminuci\u00f3n en la matr\u00edcula, docentes realizaron labores de captaci\u00f3n de alumnos para evitar una mayor ca\u00edda en el n\u00famero de estudiantes.<\/p>\n\n\n\n<p class=\"wp-block-paragraph\">Como parte de estas acciones, el personal educativo incluso realiz\u00f3 visitas a domicilios para invitar a las familias a completar el proceso de inscripci\u00f3n, esfuerzo que, de acuerdo con la funcionaria, permiti\u00f3 mantener la matr\u00edcula en niveles similares a los de ciclos anteriores.<\/p>\n\n\n\n<p class=\"wp-block-paragraph\">Iparrea S\u00e1nchez se\u00f1al\u00f3 que alrededor de <strong>mil alumnos no concretaron su inscripci\u00f3n<\/strong>, aunque consider\u00f3 que, en t\u00e9rminos generales, el inicio del ciclo escolar fue favorable y present\u00f3 mejores condiciones respecto al a\u00f1o anterior.<\/p>\n\n\n\n<p class=\"wp-block-paragraph\">Finalmente, asegur\u00f3 que los reajustes realizados en los planteles educativos fueron m\u00ednimos y que la Secretar\u00eda de Educaci\u00f3n contin\u00faa trabajando para garantizar los espacios necesarios para atender la demanda escolar en la entidad.<\/p>\n","protected":false},"excerpt":{"rendered":"<p>La medida contempla todos los niveles educativos, desde preescolar hasta universidad, y ser\u00e1 resultado de acuerdos con docentes y padres de familia; los planteles establecer\u00e1n mecanismos para el resguardo de los equipos. TABASCO.- A finales de septiembre se definir\u00e1 la regulaci\u00f3n para el uso de dispositivos m\u00f3viles en las escuelas<span class=\"more-link theme-more-link\"><a href=\"https:\/\/reporterosdelsur.org\/diario\/2026\/09\/tabasco-definira-a-finales-de-septiembre-regulacion-para-uso-de-celulares-en-escuelas\/\">Leer Nota Complete<\/a><\/span><\/p>\n","protected":false},"author":1,"featured_media":58818,"comment_status":"open","ping_status":"open","sticky":false,"template":"","format":"standard","meta":{"footnotes":"","jetpack_publicize_message":"","jetpack_publicize_feature_enabled":true,"jetpack_social_post_already_shared":true,"jetpack_social_options":{"image_generator_settings":{"template":"highway","default_image_id":0,"font":"","enabled":false},"version":2}},"categories":[2],"tags":[535,1466,1465,1577,368,442,340,452,84,38,333,367,35,34],"class_list":["entry","author-admin","post-58817","post","type-post","status-publish","format-standard","has-post-thumbnail","category-tabasco","tag-alumnos","tag-cbtis","tag-cetis","tag-dgeti","tag-educacion-2","tag-estudiantes","tag-gobierno-del-estado","tag-ieat","tag-javier-may","tag-noticias","tag-seguridad","tag-setab","tag-tabasco","tag-villahermosa"],"jetpack_publicize_connections":[],"featured_image_urls":{"full":["https:\/\/reporterosdelsur.org\/diario\/wp-content\/uploads\/2026\/09\/Educ2.jpg",1086,881,false],"thumbnail":["https:\/\/reporterosdelsur.org\/diario\/wp-content\/uploads\/2026\/09\/Educ2-150x150.jpg",150,150,true],"medium":["https:\/\/reporterosdelsur.org\/diario\/wp-content\/uploads\/2026\/09\/Educ2-300x243.jpg",300,243,true],"medium_large":["https:\/\/reporterosdelsur.org\/diario\/wp-content\/uploads\/2026\/09\/Educ2-768x623.jpg",768,623,true],"large":["https:\/\/reporterosdelsur.org\/diario\/wp-content\/uploads\/2026\/09\/Educ2-1024x831.jpg",1024,831,true],"1536x1536":["https:\/\/reporterosdelsur.org\/diario\/wp-content\/uploads\/2026\/09\/Educ2.jpg",1086,881,false],"2048x2048":["https:\/\/reporterosdelsur.org\/diario\/wp-content\/uploads\/2026\/09\/Educ2.jpg",1086,881,false],"ultp_layout_landscape_large":["https:\/\/reporterosdelsur.org\/diario\/wp-content\/uploads\/2026\/09\/Educ2-1086x800.jpg",1086,800,true],"ultp_layout_landscape":["https:\/\/reporterosdelsur.org\/diario\/wp-content\/uploads\/2026\/09\/Educ2-870x570.jpg",870,570,true],"ultp_layout_portrait":["https:\/\/reporterosdelsur.org\/diario\/wp-content\/uploads\/2026\/09\/Educ2-600x881.jpg",600,881,true],"ultp_layout_square":["https:\/\/reporterosdelsur.org\/diario\/wp-content\/uploads\/2026\/09\/Educ2-600x600.jpg",600,600,true],"hoot-medium-thumb":["https:\/\/reporterosdelsur.org\/diario\/wp-content\/uploads\/2026\/09\/Educ2-460x400.jpg",460,400,true],"hoot-preview":["https:\/\/reporterosdelsur.org\/diario\/wp-content\/uploads\/2026\/09\/Educ2-465x377.jpg",465,377,true],"hoot-preview-thumb":["https:\/\/reporterosdelsur.org\/diario\/wp-content\/uploads\/2026\/09\/Educ2-465x550.jpg",465,550,true],"hoot-large-thumb":["https:\/\/reporterosdelsur.org\/diario\/wp-content\/uploads\/2026\/09\/Educ2-690x550.jpg",690,550,true],"hoot-preview-large":["https:\/\/reporterosdelsur.org\/diario\/wp-content\/uploads\/2026\/09\/Educ2-616x500.jpg",616,500,true],"hoot-wide-thumb":["https:\/\/reporterosdelsur.org\/diario\/wp-content\/uploads\/2026\/09\/Educ2-920x425.jpg",920,425,true],"hoot-extra-wide-thumb":["https:\/\/reporterosdelsur.org\/diario\/wp-content\/uploads\/2026\/09\/Educ2-1035x425.jpg",1035,425,true]},"author_info":{"display_name":"Reporteros del Sur","author_link":"https:\/\/reporterosdelsur.org\/diario\/author\/admin\/"},"category_info":"<a href=\"https:\/\/reporterosdelsur.org\/diario\/category\/tabasco\/\" rel=\"category tag\">Tabasco<\/a>","tag_info":"Tabasco","comment_count":"0","_links":{"self":[{"href":"https:\/\/reporterosdelsur.org\/diario\/wp-json\/wp\/v2\/posts\/58817","targetHints":{"allow":["GET"]}}],"collection":[{"href":"https:\/\/reporterosdelsur.org\/diario\/wp-json\/wp\/v2\/posts"}],"about":[{"href":"https:\/\/reporterosdelsur.org\/diario\/wp-json\/wp\/v2\/types\/post"}],"author":[{"embeddable":true,"href":"https:\/\/reporterosdelsur.org\/diario\/wp-json\/wp\/v2\/users\/1"}],"replies":[{"embeddable":true,"href":"https:\/\/reporterosdelsur.org\/diario\/wp-json\/wp\/v2\/comments?post=58817"}],"version-history":[{"count":1,"href":"https:\/\/reporterosdelsur.org\/diario\/wp-json\/wp\/v2\/posts\/58817\/revisions"}],"predecessor-version":[{"id":58821,"href":"https:\/\/reporterosdelsur.org\/diario\/wp-json\/wp\/v2\/posts\/58817\/revisions\/58821"}],"wp:featuredmedia":[{"embeddable":true,"href":"https:\/\/reporterosdelsur.org\/diario\/wp-json\/wp\/v2\/media\/58818"}],"wp:attachment":[{"href":"https:\/\/reporterosdelsur.org\/diario\/wp-json\/wp\/v2\/media?parent=58817"}],"wp:term":[{"taxonomy":"category","embeddable":true,"href":"https:\/\/reporterosdelsur.org\/diario\/wp-json\/wp\/v2\/categories?post=58817"},{"taxonomy":"post_tag","embeddable":true,"href":"https:\/\/reporterosdelsur.org\/diario\/wp-json\/wp\/v2\/tags?post=58817"}],"curies":[{"name":"wp","href":"https:\/\/api.w.org\/{rel}","templated":true}]}}