{"id":58800,"date":"2026-09-02T05:48:55","date_gmt":"2026-09-02T11:48:55","guid":{"rendered":"https:\/\/reporterosdelsur.org\/diario\/?p=58800"},"modified":"2026-09-02T05:48:59","modified_gmt":"2026-09-02T11:48:59","slug":"villahermosa-tendra-miercoles-de-intenso-calor-y-sensacion-termica-de-hasta-43c","status":"publish","type":"post","link":"https:\/\/reporterosdelsur.org\/diario\/2026\/09\/villahermosa-tendra-miercoles-de-intenso-calor-y-sensacion-termica-de-hasta-43c\/","title":{"rendered":"Villahermosa tendr\u00e1 mi\u00e9rcoles de intenso calor y sensaci\u00f3n t\u00e9rmica de hasta 43\u00b0C"},"content":{"rendered":"\n<p class=\"wp-block-paragraph\"><strong>La capital tabasque\u00f1a registrar\u00e1 una temperatura m\u00e1xima de entre 36 y 37 grados, con alta humedad y posibilidad de tormentas dispersas durante la tarde.<\/strong><\/p>\n\n\n\n<p class=\"wp-block-paragraph\"><strong>VILLAHERMOSA, TAB.-<\/strong> La capital tabasque\u00f1a enfrentar\u00e1 este mi\u00e9rcoles 2 de septiembre una jornada de intenso calor, con temperaturas que podr\u00edan alcanzar entre <strong>36 y 37 grados Celsius<\/strong>, mientras que la sensaci\u00f3n t\u00e9rmica llegar\u00e1 hasta los <strong>42 o 43 grados<\/strong> durante las horas de mayor calentamiento.<\/p>\n\n\n\n<p class=\"wp-block-paragraph\">Durante las primeras horas del d\u00eda, el term\u00f3metro registra alrededor de <strong>32 grados Celsius<\/strong>, con una sensaci\u00f3n t\u00e9rmica de hasta <strong>36 grados<\/strong>, condiciones que generan un ambiente sofocante para la poblaci\u00f3n.<\/p>\n\n\n\n<p class=\"wp-block-paragraph\">La temperatura m\u00ednima prevista ser\u00e1 de aproximadamente <strong>25 a 27 grados<\/strong>, por lo que el ambiente permanecer\u00e1 c\u00e1lido incluso durante las primeras horas de la ma\u00f1ana y la noche.<\/p>\n\n\n\n<h3 class=\"wp-block-heading\">Humedad incrementa el bochorno<\/h3>\n\n\n\n<p class=\"wp-block-paragraph\">La humedad relativa se ubica alrededor de <strong>63 por ciento<\/strong>, factor que contribuye a incrementar la sensaci\u00f3n de calor en Villahermosa.<\/p>\n\n\n\n<p class=\"wp-block-paragraph\">El viento soplar\u00e1 de manera moderada, con velocidades que podr\u00edan alcanzar aproximadamente <strong>18 kil\u00f3metros por hora<\/strong>, provenientes del noreste. Aunque estas corrientes podr\u00edan generar periodos de ligero alivio, no ser\u00e1n suficientes para eliminar el bochorno.<\/p>\n\n\n\n<p class=\"wp-block-paragraph\">El cielo presentar\u00e1 periodos de nubosidad durante la jornada. Durante la ma\u00f1ana podr\u00edan registrarse condiciones parcialmente soleadas, mientras que hacia la tarde aumentar\u00e1 la posibilidad de <strong>chubascos o tormentas dispersas<\/strong>.<\/p>\n\n\n\n<figure class=\"wp-block-image size-large\"><img loading=\"lazy\" decoding=\"async\" width=\"1024\" height=\"588\" src=\"https:\/\/reporterosdelsur.org\/diario\/wp-content\/uploads\/2026\/09\/Clima-2-1-1024x588.jpg\" alt=\"\" class=\"wp-image-58802\" srcset=\"https:\/\/reporterosdelsur.org\/diario\/wp-content\/uploads\/2026\/09\/Clima-2-1-1024x588.jpg 1024w, https:\/\/reporterosdelsur.org\/diario\/wp-content\/uploads\/2026\/09\/Clima-2-1-300x172.jpg 300w, https:\/\/reporterosdelsur.org\/diario\/wp-content\/uploads\/2026\/09\/Clima-2-1-768x441.jpg 768w, https:\/\/reporterosdelsur.org\/diario\/wp-content\/uploads\/2026\/09\/Clima-2-1-1536x882.jpg 1536w, https:\/\/reporterosdelsur.org\/diario\/wp-content\/uploads\/2026\/09\/Clima-2-1-465x267.jpg 465w, https:\/\/reporterosdelsur.org\/diario\/wp-content\/uploads\/2026\/09\/Clima-2-1-695x399.jpg 695w, https:\/\/reporterosdelsur.org\/diario\/wp-content\/uploads\/2026\/09\/Clima-2-1.jpg 2041w\" sizes=\"auto, (max-width: 1024px) 100vw, 1024px\" \/><\/figure>\n\n\n\n<p class=\"wp-block-paragraph\">La probabilidad de lluvia se estima en alrededor de <strong>35 por ciento<\/strong>, por lo que se recomienda a la poblaci\u00f3n mantenerse atenta a posibles cambios en las condiciones meteorol\u00f3gicas.<\/p>\n\n\n\n<h3 class=\"wp-block-heading\">Recomiendan extremar precauciones<\/h3>\n\n\n\n<p class=\"wp-block-paragraph\">Ante las elevadas temperaturas y la sensaci\u00f3n t\u00e9rmica que podr\u00eda superar los 40 grados, se recomienda evitar la exposici\u00f3n prolongada al sol, principalmente durante las horas de mayor radiaci\u00f3n.<\/p>\n\n\n\n<p class=\"wp-block-paragraph\">Tambi\u00e9n es conveniente mantenerse hidratado, utilizar ropa ligera y prestar especial atenci\u00f3n a ni\u00f1as, ni\u00f1os, adultos mayores y personas que realizan actividades al aire libre.<\/p>\n\n\n\n<p class=\"wp-block-paragraph\">Aunque la presencia de nubosidad podr\u00eda disminuir parcialmente la radiaci\u00f3n solar directa, las condiciones de humedad y calor mantendr\u00e1n un ambiente pesado durante buena parte del d\u00eda en la capital tabasque\u00f1a.<\/p>\n","protected":false},"excerpt":{"rendered":"<p>La capital tabasque\u00f1a registrar\u00e1 una temperatura m\u00e1xima de entre 36 y 37 grados, con alta humedad y posibilidad de tormentas dispersas durante la tarde. VILLAHERMOSA, TAB.- La capital tabasque\u00f1a enfrentar\u00e1 este mi\u00e9rcoles 2 de septiembre una jornada de intenso calor, con temperaturas que podr\u00edan alcanzar entre 36 y 37 grados<span class=\"more-link theme-more-link\"><a href=\"https:\/\/reporterosdelsur.org\/diario\/2026\/09\/villahermosa-tendra-miercoles-de-intenso-calor-y-sensacion-termica-de-hasta-43c\/\">Leer Nota Complete<\/a><\/span><\/p>\n","protected":false},"author":2,"featured_media":58801,"comment_status":"open","ping_status":"open","sticky":false,"template":"","format":"standard","meta":{"footnotes":"","jetpack_publicize_message":"","jetpack_publicize_feature_enabled":true,"jetpack_social_post_already_shared":true,"jetpack_social_options":{"image_generator_settings":{"template":"highway","default_image_id":0,"font":"","enabled":false},"version":2}},"categories":[2],"tags":[1364,1430,82,1088,731,1428,572,815,445,1427,1429,316,229,38,333,35,1365,1366,446],"class_list":["entry","author-guza0892gmail-com","post-58800","post","type-post","status-publish","format-standard","has-post-thumbnail","category-tabasco","tag-anegaciones","tag-atlantico","tag-calles","tag-calor","tag-casas","tag-ciclones","tag-clima","tag-colonias","tag-frente-frio","tag-golfo-de-mexico","tag-huracanes","tag-inundaciones","tag-lluvias","tag-noticias","tag-seguridad","tag-tabasco","tag-tormentas","tag-vientos-fuertes","tag-viviendas"],"jetpack_publicize_connections":[],"featured_image_urls":{"full":["https:\/\/reporterosdelsur.org\/diario\/wp-content\/uploads\/2026\/09\/Clima-1.jpg",1058,567,false],"thumbnail":["https:\/\/reporterosdelsur.org\/diario\/wp-content\/uploads\/2026\/09\/Clima-1-150x150.jpg",150,150,true],"medium":["https:\/\/reporterosdelsur.org\/diario\/wp-content\/uploads\/2026\/09\/Clima-1-300x161.jpg",300,161,true],"medium_large":["https:\/\/reporterosdelsur.org\/diario\/wp-content\/uploads\/2026\/09\/Clima-1-768x412.jpg",768,412,true],"large":["https:\/\/reporterosdelsur.org\/diario\/wp-content\/uploads\/2026\/09\/Clima-1-1024x549.jpg",1024,549,true],"1536x1536":["https:\/\/reporterosdelsur.org\/diario\/wp-content\/uploads\/2026\/09\/Clima-1.jpg",1058,567,false],"2048x2048":["https:\/\/reporterosdelsur.org\/diario\/wp-content\/uploads\/2026\/09\/Clima-1.jpg",1058,567,false],"ultp_layout_landscape_large":["https:\/\/reporterosdelsur.org\/diario\/wp-content\/uploads\/2026\/09\/Clima-1.jpg",1058,567,false],"ultp_layout_landscape":["https:\/\/reporterosdelsur.org\/diario\/wp-content\/uploads\/2026\/09\/Clima-1-870x567.jpg",870,567,true],"ultp_layout_portrait":["https:\/\/reporterosdelsur.org\/diario\/wp-content\/uploads\/2026\/09\/Clima-1-600x567.jpg",600,567,true],"ultp_layout_square":["https:\/\/reporterosdelsur.org\/diario\/wp-content\/uploads\/2026\/09\/Clima-1-600x567.jpg",600,567,true],"hoot-medium-thumb":["https:\/\/reporterosdelsur.org\/diario\/wp-content\/uploads\/2026\/09\/Clima-1-460x400.jpg",460,400,true],"hoot-preview":["https:\/\/reporterosdelsur.org\/diario\/wp-content\/uploads\/2026\/09\/Clima-1-465x249.jpg",465,249,true],"hoot-preview-thumb":["https:\/\/reporterosdelsur.org\/diario\/wp-content\/uploads\/2026\/09\/Clima-1-465x550.jpg",465,550,true],"hoot-large-thumb":["https:\/\/reporterosdelsur.org\/diario\/wp-content\/uploads\/2026\/09\/Clima-1-690x550.jpg",690,550,true],"hoot-preview-large":["https:\/\/reporterosdelsur.org\/diario\/wp-content\/uploads\/2026\/09\/Clima-1-695x372.jpg",695,372,true],"hoot-wide-thumb":["https:\/\/reporterosdelsur.org\/diario\/wp-content\/uploads\/2026\/09\/Clima-1-920x425.jpg",920,425,true],"hoot-extra-wide-thumb":["https:\/\/reporterosdelsur.org\/diario\/wp-content\/uploads\/2026\/09\/Clima-1-1035x425.jpg",1035,425,true]},"author_info":{"display_name":"Reporteros del Sur","author_link":"https:\/\/reporterosdelsur.org\/diario\/author\/guza0892gmail-com\/"},"category_info":"<a href=\"https:\/\/reporterosdelsur.org\/diario\/category\/tabasco\/\" rel=\"category tag\">Tabasco<\/a>","tag_info":"Tabasco","comment_count":"0","_links":{"self":[{"href":"https:\/\/reporterosdelsur.org\/diario\/wp-json\/wp\/v2\/posts\/58800","targetHints":{"allow":["GET"]}}],"collection":[{"href":"https:\/\/reporterosdelsur.org\/diario\/wp-json\/wp\/v2\/posts"}],"about":[{"href":"https:\/\/reporterosdelsur.org\/diario\/wp-json\/wp\/v2\/types\/post"}],"author":[{"embeddable":true,"href":"https:\/\/reporterosdelsur.org\/diario\/wp-json\/wp\/v2\/users\/2"}],"replies":[{"embeddable":true,"href":"https:\/\/reporterosdelsur.org\/diario\/wp-json\/wp\/v2\/comments?post=58800"}],"version-history":[{"count":1,"href":"https:\/\/reporterosdelsur.org\/diario\/wp-json\/wp\/v2\/posts\/58800\/revisions"}],"predecessor-version":[{"id":58803,"href":"https:\/\/reporterosdelsur.org\/diario\/wp-json\/wp\/v2\/posts\/58800\/revisions\/58803"}],"wp:featuredmedia":[{"embeddable":true,"href":"https:\/\/reporterosdelsur.org\/diario\/wp-json\/wp\/v2\/media\/58801"}],"wp:attachment":[{"href":"https:\/\/reporterosdelsur.org\/diario\/wp-json\/wp\/v2\/media?parent=58800"}],"wp:term":[{"taxonomy":"category","embeddable":true,"href":"https:\/\/reporterosdelsur.org\/diario\/wp-json\/wp\/v2\/categories?post=58800"},{"taxonomy":"post_tag","embeddable":true,"href":"https:\/\/reporterosdelsur.org\/diario\/wp-json\/wp\/v2\/tags?post=58800"}],"curies":[{"name":"wp","href":"https:\/\/api.w.org\/{rel}","templated":true}]}}