{"id":58792,"date":"2026-09-02T05:39:45","date_gmt":"2026-09-02T11:39:45","guid":{"rendered":"https:\/\/reporterosdelsur.org\/diario\/?p=58792"},"modified":"2026-09-02T07:45:55","modified_gmt":"2026-09-02T13:45:55","slug":"javier-may-da-inicio-a-las-fiestas-patrias-con-llamado-a-defender-la-soberania","status":"publish","type":"post","link":"https:\/\/reporterosdelsur.org\/diario\/2026\/09\/javier-may-da-inicio-a-las-fiestas-patrias-con-llamado-a-defender-la-soberania\/","title":{"rendered":"Javier May da inicio a las Fiestas Patrias con llamado a defender la soberan\u00eda"},"content":{"rendered":"\n<p class=\"wp-block-paragraph\"><strong>Desde Plaza de Armas, el gobernador de Tabasco encabez\u00f3 el encendido de luces patrias y convoc\u00f3 a las familias a honrar el legado de los h\u00e9roes de la Independencia y construir un pa\u00eds libre y con mayor bienestar.<\/strong><\/p>\n\n\n\n<p class=\"wp-block-paragraph\"><strong>VILLAHERMOSA, TAB.-<\/strong> El gobernador Javier May Rodr\u00edguez encabez\u00f3 la ceremonia de encendido de luces patrias en la emblem\u00e1tica Plaza de Armas de Villahermosa, con lo que dieron inicio oficialmente las celebraciones de las Fiestas Patrias en Tabasco.<\/p>\n\n\n\n<p class=\"wp-block-paragraph\">Ante cientos de familias que acudieron al llamado coraz\u00f3n pol\u00edtico del estado, el mandatario convoc\u00f3 a las y los tabasque\u00f1os a mantener presente el legado de quienes hicieron posible la Independencia de M\u00e9xico y, al mismo tiempo, mirar hacia el futuro para continuar construyendo un pa\u00eds soberano, libre y con mayor bienestar.<\/p>\n\n\n\n<p class=\"wp-block-paragraph\">Acompa\u00f1ado por el presidente del Poder Judicial del Estado, Carlos Efra\u00edn Res\u00e9ndez Bocanegra; el presidente de la Junta de Coordinaci\u00f3n Pol\u00edtica del Congreso local, Jorge Orlando Bracamonte Hern\u00e1ndez; y la alcaldesa de Centro, Yolanda Osuna Huerta, May Rodr\u00edguez destac\u00f3 la importancia de defender la soberan\u00eda nacional.<\/p>\n\n\n\n<figure class=\"wp-block-image size-large\"><img loading=\"lazy\" decoding=\"async\" width=\"1024\" height=\"682\" src=\"https:\/\/reporterosdelsur.org\/diario\/wp-content\/uploads\/2026\/09\/Luces-4-1024x682.jpeg\" alt=\"\" class=\"wp-image-58795\" srcset=\"https:\/\/reporterosdelsur.org\/diario\/wp-content\/uploads\/2026\/09\/Luces-4-1024x682.jpeg 1024w, https:\/\/reporterosdelsur.org\/diario\/wp-content\/uploads\/2026\/09\/Luces-4-300x200.jpeg 300w, https:\/\/reporterosdelsur.org\/diario\/wp-content\/uploads\/2026\/09\/Luces-4-768x512.jpeg 768w, https:\/\/reporterosdelsur.org\/diario\/wp-content\/uploads\/2026\/09\/Luces-4-1200x800.jpeg 1200w, https:\/\/reporterosdelsur.org\/diario\/wp-content\/uploads\/2026\/09\/Luces-4-465x310.jpeg 465w, https:\/\/reporterosdelsur.org\/diario\/wp-content\/uploads\/2026\/09\/Luces-4-695x463.jpeg 695w, https:\/\/reporterosdelsur.org\/diario\/wp-content\/uploads\/2026\/09\/Luces-4.jpeg 1280w\" sizes=\"auto, (max-width: 1024px) 100vw, 1024px\" \/><\/figure>\n\n\n\n<p class=\"wp-block-paragraph\">En este sentido, respald\u00f3 la postura de la presidenta Claudia Sheinbaum Pardo y retom\u00f3 su expresi\u00f3n de que <strong>\u201cla soberan\u00eda se defiende y no se negocia\u201d<\/strong>.<\/p>\n\n\n\n<p class=\"wp-block-paragraph\">Ante una Plaza de Armas iluminada con los colores verde, blanco y rojo, el gobernador sostuvo que M\u00e9xico puede mantener relaciones de colaboraci\u00f3n y acuerdos con otras naciones, pero sin renunciar a su independencia.<\/p>\n\n\n\n<p class=\"wp-block-paragraph\">\u201cUna cosa es colaboraci\u00f3n, participar y ponernos de acuerdo, y otra es no someternos a ning\u00fan imperio o naci\u00f3n por muy poderosa que se crea\u201d, afirm\u00f3.<\/p>\n\n\n\n<figure class=\"wp-block-image size-large\"><img loading=\"lazy\" decoding=\"async\" width=\"1024\" height=\"576\" src=\"https:\/\/reporterosdelsur.org\/diario\/wp-content\/uploads\/2026\/09\/Luces-2-1024x576.jpeg\" alt=\"\" class=\"wp-image-58793\" srcset=\"https:\/\/reporterosdelsur.org\/diario\/wp-content\/uploads\/2026\/09\/Luces-2-1024x576.jpeg 1024w, https:\/\/reporterosdelsur.org\/diario\/wp-content\/uploads\/2026\/09\/Luces-2-300x169.jpeg 300w, https:\/\/reporterosdelsur.org\/diario\/wp-content\/uploads\/2026\/09\/Luces-2-768x432.jpeg 768w, https:\/\/reporterosdelsur.org\/diario\/wp-content\/uploads\/2026\/09\/Luces-2-465x262.jpeg 465w, https:\/\/reporterosdelsur.org\/diario\/wp-content\/uploads\/2026\/09\/Luces-2-695x391.jpeg 695w, https:\/\/reporterosdelsur.org\/diario\/wp-content\/uploads\/2026\/09\/Luces-2.jpeg 1280w\" sizes=\"auto, (max-width: 1024px) 100vw, 1024px\" \/><\/figure>\n\n\n\n<h3 class=\"wp-block-heading\">Llama a mirar hacia el futuro<\/h3>\n\n\n\n<p class=\"wp-block-paragraph\">Javier May invit\u00f3 a las familias tabasque\u00f1as a aprovechar las celebraciones de septiembre no solamente para recordar a los h\u00e9roes de la Independencia, sino tambi\u00e9n para reflexionar sobre el rumbo que mantiene actualmente el pa\u00eds.<\/p>\n\n\n\n<p class=\"wp-block-paragraph\">Pidi\u00f3 reconocer los avances alcanzados durante el proceso de transformaci\u00f3n y analizar los objetivos que se mantienen para los pr\u00f3ximos a\u00f1os.<\/p>\n\n\n\n<figure class=\"wp-block-image size-large\"><img loading=\"lazy\" decoding=\"async\" width=\"1024\" height=\"738\" src=\"https:\/\/reporterosdelsur.org\/diario\/wp-content\/uploads\/2026\/09\/Luces-7-1024x738.jpeg\" alt=\"\" class=\"wp-image-58798\" srcset=\"https:\/\/reporterosdelsur.org\/diario\/wp-content\/uploads\/2026\/09\/Luces-7-1024x738.jpeg 1024w, https:\/\/reporterosdelsur.org\/diario\/wp-content\/uploads\/2026\/09\/Luces-7-300x216.jpeg 300w, https:\/\/reporterosdelsur.org\/diario\/wp-content\/uploads\/2026\/09\/Luces-7-768x553.jpeg 768w, https:\/\/reporterosdelsur.org\/diario\/wp-content\/uploads\/2026\/09\/Luces-7-465x335.jpeg 465w, https:\/\/reporterosdelsur.org\/diario\/wp-content\/uploads\/2026\/09\/Luces-7-695x500.jpeg 695w, https:\/\/reporterosdelsur.org\/diario\/wp-content\/uploads\/2026\/09\/Luces-7.jpeg 1280w\" sizes=\"auto, (max-width: 1024px) 100vw, 1024px\" \/><\/figure>\n\n\n\n<p class=\"wp-block-paragraph\">\u201cRecordar a nuestros h\u00e9roes y tambi\u00e9n recordar hacia d\u00f3nde vamos, qu\u00e9 estamos construyendo ahora, cu\u00e1les han sido los logros de la transformaci\u00f3n que hemos estado construyendo juntas y juntos, el pueblo de Tabasco y de M\u00e9xico\u201d, expres\u00f3.<\/p>\n\n\n\n<p class=\"wp-block-paragraph\">Con el encendido de las luces en Plaza de Armas, el Gobierno de Tabasco dio paso a las actividades conmemorativas de las Fiestas Patrias, en un ambiente en el que las familias se congregaron para participar en las celebraciones y refrendar el sentido de identidad nacional.<\/p>\n","protected":false},"excerpt":{"rendered":"<p>Desde Plaza de Armas, el gobernador de Tabasco encabez\u00f3 el encendido de luces patrias y convoc\u00f3 a las familias a honrar el legado de los h\u00e9roes de la Independencia y construir un pa\u00eds libre y con mayor bienestar. VILLAHERMOSA, TAB.- El gobernador Javier May Rodr\u00edguez encabez\u00f3 la ceremonia de encendido<span class=\"more-link theme-more-link\"><a href=\"https:\/\/reporterosdelsur.org\/diario\/2026\/09\/javier-may-da-inicio-a-las-fiestas-patrias-con-llamado-a-defender-la-soberania\/\">Leer Nota Complete<\/a><\/span><\/p>\n","protected":false},"author":1,"featured_media":58796,"comment_status":"open","ping_status":"open","sticky":false,"template":"","format":"standard","meta":{"footnotes":"","jetpack_publicize_message":"","jetpack_publicize_feature_enabled":true,"jetpack_social_post_already_shared":true,"jetpack_social_options":{"image_generator_settings":{"template":"highway","default_image_id":0,"font":"","enabled":false},"version":2}},"categories":[6,2],"tags":[736,2388,418,177,38,640,333],"class_list":["entry","author-admin","post-58792","post","type-post","status-publish","format-standard","has-post-thumbnail","category-destacado","category-tabasco","tag-audiencia-publica","tag-fiestas-patrias","tag-gobierno-de-tabasco","tag-javier-may-rodriguez","tag-noticias","tag-obras-sociales","tag-seguridad"],"jetpack_publicize_connections":[],"featured_image_urls":{"full":["https:\/\/reporterosdelsur.org\/diario\/wp-content\/uploads\/2026\/09\/Luces-1.jpeg",1280,853,false],"thumbnail":["https:\/\/reporterosdelsur.org\/diario\/wp-content\/uploads\/2026\/09\/Luces-1-150x150.jpeg",150,150,true],"medium":["https:\/\/reporterosdelsur.org\/diario\/wp-content\/uploads\/2026\/09\/Luces-1-300x200.jpeg",300,200,true],"medium_large":["https:\/\/reporterosdelsur.org\/diario\/wp-content\/uploads\/2026\/09\/Luces-1-768x512.jpeg",768,512,true],"large":["https:\/\/reporterosdelsur.org\/diario\/wp-content\/uploads\/2026\/09\/Luces-1-1024x682.jpeg",1024,682,true],"1536x1536":["https:\/\/reporterosdelsur.org\/diario\/wp-content\/uploads\/2026\/09\/Luces-1.jpeg",1280,853,false],"2048x2048":["https:\/\/reporterosdelsur.org\/diario\/wp-content\/uploads\/2026\/09\/Luces-1.jpeg",1280,853,false],"ultp_layout_landscape_large":["https:\/\/reporterosdelsur.org\/diario\/wp-content\/uploads\/2026\/09\/Luces-1-1200x800.jpeg",1200,800,true],"ultp_layout_landscape":["https:\/\/reporterosdelsur.org\/diario\/wp-content\/uploads\/2026\/09\/Luces-1-870x570.jpeg",870,570,true],"ultp_layout_portrait":["https:\/\/reporterosdelsur.org\/diario\/wp-content\/uploads\/2026\/09\/Luces-1-600x853.jpeg",600,853,true],"ultp_layout_square":["https:\/\/reporterosdelsur.org\/diario\/wp-content\/uploads\/2026\/09\/Luces-1-600x600.jpeg",600,600,true],"hoot-medium-thumb":["https:\/\/reporterosdelsur.org\/diario\/wp-content\/uploads\/2026\/09\/Luces-1-460x400.jpeg",460,400,true],"hoot-preview":["https:\/\/reporterosdelsur.org\/diario\/wp-content\/uploads\/2026\/09\/Luces-1-465x310.jpeg",465,310,true],"hoot-preview-thumb":["https:\/\/reporterosdelsur.org\/diario\/wp-content\/uploads\/2026\/09\/Luces-1-465x550.jpeg",465,550,true],"hoot-large-thumb":["https:\/\/reporterosdelsur.org\/diario\/wp-content\/uploads\/2026\/09\/Luces-1-690x550.jpeg",690,550,true],"hoot-preview-large":["https:\/\/reporterosdelsur.org\/diario\/wp-content\/uploads\/2026\/09\/Luces-1-695x463.jpeg",695,463,true],"hoot-wide-thumb":["https:\/\/reporterosdelsur.org\/diario\/wp-content\/uploads\/2026\/09\/Luces-1-920x425.jpeg",920,425,true],"hoot-extra-wide-thumb":["https:\/\/reporterosdelsur.org\/diario\/wp-content\/uploads\/2026\/09\/Luces-1-1035x425.jpeg",1035,425,true]},"author_info":{"display_name":"Reporteros del Sur","author_link":"https:\/\/reporterosdelsur.org\/diario\/author\/admin\/"},"category_info":"<a href=\"https:\/\/reporterosdelsur.org\/diario\/category\/destacado\/\" rel=\"category tag\">Destacado<\/a> <a href=\"https:\/\/reporterosdelsur.org\/diario\/category\/tabasco\/\" rel=\"category tag\">Tabasco<\/a>","tag_info":"Tabasco","comment_count":"0","_links":{"self":[{"href":"https:\/\/reporterosdelsur.org\/diario\/wp-json\/wp\/v2\/posts\/58792","targetHints":{"allow":["GET"]}}],"collection":[{"href":"https:\/\/reporterosdelsur.org\/diario\/wp-json\/wp\/v2\/posts"}],"about":[{"href":"https:\/\/reporterosdelsur.org\/diario\/wp-json\/wp\/v2\/types\/post"}],"author":[{"embeddable":true,"href":"https:\/\/reporterosdelsur.org\/diario\/wp-json\/wp\/v2\/users\/1"}],"replies":[{"embeddable":true,"href":"https:\/\/reporterosdelsur.org\/diario\/wp-json\/wp\/v2\/comments?post=58792"}],"version-history":[{"count":2,"href":"https:\/\/reporterosdelsur.org\/diario\/wp-json\/wp\/v2\/posts\/58792\/revisions"}],"predecessor-version":[{"id":58799,"href":"https:\/\/reporterosdelsur.org\/diario\/wp-json\/wp\/v2\/posts\/58792\/revisions\/58799"}],"wp:featuredmedia":[{"embeddable":true,"href":"https:\/\/reporterosdelsur.org\/diario\/wp-json\/wp\/v2\/media\/58796"}],"wp:attachment":[{"href":"https:\/\/reporterosdelsur.org\/diario\/wp-json\/wp\/v2\/media?parent=58792"}],"wp:term":[{"taxonomy":"category","embeddable":true,"href":"https:\/\/reporterosdelsur.org\/diario\/wp-json\/wp\/v2\/categories?post=58792"},{"taxonomy":"post_tag","embeddable":true,"href":"https:\/\/reporterosdelsur.org\/diario\/wp-json\/wp\/v2\/tags?post=58792"}],"curies":[{"name":"wp","href":"https:\/\/api.w.org\/{rel}","templated":true}]}}