{"id":58782,"date":"2026-09-02T05:23:11","date_gmt":"2026-09-02T11:23:11","guid":{"rendered":"https:\/\/reporterosdelsur.org\/diario\/?p=58782"},"modified":"2026-09-02T07:45:01","modified_gmt":"2026-09-02T13:45:01","slug":"banco-del-bienestar-abre-mas-de-10-millones-de-cuentas-y-dispersa-713-mil-mdp","status":"publish","type":"post","link":"https:\/\/reporterosdelsur.org\/diario\/2026\/09\/banco-del-bienestar-abre-mas-de-10-millones-de-cuentas-y-dispersa-713-mil-mdp\/","title":{"rendered":"Banco del Bienestar abre m\u00e1s de 10 millones de cuentas y dispersa 713 mil mdp"},"content":{"rendered":"\n<p class=\"wp-block-paragraph\"><strong>Entre septiembre de 2025 y junio de 2026, la instituci\u00f3n financiera entreg\u00f3 14.5 millones de tarjetas de d\u00e9bito y canaliz\u00f3 recursos de programas sociales a 33.9 millones de beneficiarios.<\/strong><\/p>\n\n\n\n<p class=\"wp-block-paragraph\"><strong>CIUDAD DE M\u00c9XICO.-<\/strong> El Banco del Bienestar abri\u00f3 m\u00e1s de <strong>10 millones de cuentas bancarias<\/strong> entre el 1 de septiembre de 2025 y el 30 de junio de 2026, periodo en el que tambi\u00e9n dispers\u00f3 <strong>713 mil 371 millones de pesos<\/strong> para beneficiar a <strong>33 millones 900 mil personas<\/strong> incorporadas a los programas sociales del Gobierno de M\u00e9xico.<\/p>\n\n\n\n<p class=\"wp-block-paragraph\">De acuerdo con el Segundo Informe de Gobierno de la presidenta Claudia Sheinbaum Pardo, el 99.3 por ciento de los beneficiarios de los programas sociales recibe actualmente sus recursos mediante tarjetas de d\u00e9bito, lo que representa una entrega digital y directa de los apoyos.<\/p>\n\n\n\n<p class=\"wp-block-paragraph\">El documento se\u00f1ala que durante el periodo referido el Banco del Bienestar se consolid\u00f3 como el principal instrumento para la dispersi\u00f3n de recursos de la pol\u00edtica social federal y como una herramienta para acercar los apoyos gubernamentales a sectores de la poblaci\u00f3n en situaci\u00f3n de vulnerabilidad.<\/p>\n\n\n\n<p class=\"wp-block-paragraph\">Como parte de la ampliaci\u00f3n de sus servicios, la instituci\u00f3n entreg\u00f3 <strong>14 millones 500 mil tarjetas de d\u00e9bito<\/strong>, con lo que el n\u00famero acumulado lleg\u00f3 a <strong>57 millones 600 mil tarjetas<\/strong>, fortaleciendo el acceso directo de los beneficiarios a los recursos de los programas sociales.<\/p>\n\n\n\n<p class=\"wp-block-paragraph\">Adem\u00e1s, el banco ampli\u00f3 su oferta mediante la <strong>Tarjeta Bienestar Paisano<\/strong>, dirigida a connacionales repatriados. Este mecanismo permiti\u00f3 atender a <strong>103 mil 591 personas<\/strong>, con una dispersi\u00f3n total de <strong>265 millones 900 mil pesos<\/strong>.<\/p>\n\n\n\n<figure class=\"wp-block-image size-large\"><img loading=\"lazy\" decoding=\"async\" width=\"1024\" height=\"683\" src=\"https:\/\/reporterosdelsur.org\/diario\/wp-content\/uploads\/2026\/09\/MX-1024x683.jpg\" alt=\"\" class=\"wp-image-58783\" srcset=\"https:\/\/reporterosdelsur.org\/diario\/wp-content\/uploads\/2026\/09\/MX-1024x683.jpg 1024w, https:\/\/reporterosdelsur.org\/diario\/wp-content\/uploads\/2026\/09\/MX-300x200.jpg 300w, https:\/\/reporterosdelsur.org\/diario\/wp-content\/uploads\/2026\/09\/MX-768x512.jpg 768w, https:\/\/reporterosdelsur.org\/diario\/wp-content\/uploads\/2026\/09\/MX-1200x800.jpg 1200w, https:\/\/reporterosdelsur.org\/diario\/wp-content\/uploads\/2026\/09\/MX-465x310.jpg 465w, https:\/\/reporterosdelsur.org\/diario\/wp-content\/uploads\/2026\/09\/MX-695x463.jpg 695w, https:\/\/reporterosdelsur.org\/diario\/wp-content\/uploads\/2026\/09\/MX.jpg 1440w\" sizes=\"auto, (max-width: 1024px) 100vw, 1024px\" \/><\/figure>\n\n\n\n<h3 class=\"wp-block-heading\">Finabien impulsa inclusi\u00f3n financiera<\/h3>\n\n\n\n<p class=\"wp-block-paragraph\">El informe tambi\u00e9n destaca las acciones de la <strong>Financiera para el Bienestar (Finabien)<\/strong>, instituci\u00f3n que otorg\u00f3 <strong>82 mil 908 tarjetas<\/strong>, mediante las cuales se realizaron 4 mil 675 operaciones de env\u00edo de remesas de M\u00e9xico hacia Estados Unidos por un monto de <strong>41 millones 500 mil pesos<\/strong>.<\/p>\n\n\n\n<p class=\"wp-block-paragraph\">Finabien enfoc\u00f3 parte de sus servicios en comunidades con infraestructura financiera limitada, particularmente entre los sectores sociales m\u00e1s vulnerables, con el prop\u00f3sito de reducir las brechas financieras y digitales y facilitar la incorporaci\u00f3n de m\u00e1s personas al sistema financiero.<\/p>\n\n\n\n<p class=\"wp-block-paragraph\">El Gobierno federal destac\u00f3 que estas instituciones tambi\u00e9n contribuyeron a fortalecer la actividad econ\u00f3mica local mediante mecanismos de cr\u00e9dito dirigidos a peque\u00f1os negocios y actividades de autoempleo.<\/p>\n\n\n\n<p class=\"wp-block-paragraph\">En este rubro, Finabien otorg\u00f3 <strong>70 mil 207 apoyos por mil 17 millones de pesos<\/strong>, destinados principalmente a programas como <strong>Cr\u00e9dito Solidario, ApoyArte y Cr\u00e9dito a la Palabra de Autoempleo para Mujeres<\/strong>.<\/p>\n\n\n\n<p class=\"wp-block-paragraph\">El informe sostiene que la ampliaci\u00f3n de la infraestructura bancaria y la diversificaci\u00f3n de productos y servicios permitieron generar nuevas oportunidades de cr\u00e9dito y ahorro, con mecanismos orientados a las necesidades de la poblaci\u00f3n y bajo una perspectiva de mayor inclusi\u00f3n financiera, considerando la diversidad \u00e9tnica, ling\u00fc\u00edstica y cultural del pa\u00eds.<\/p>\n","protected":false},"excerpt":{"rendered":"<p>Entre septiembre de 2025 y junio de 2026, la instituci\u00f3n financiera entreg\u00f3 14.5 millones de tarjetas de d\u00e9bito y canaliz\u00f3 recursos de programas sociales a 33.9 millones de beneficiarios. CIUDAD DE M\u00c9XICO.- El Banco del Bienestar abri\u00f3 m\u00e1s de 10 millones de cuentas bancarias entre el 1 de septiembre de<span class=\"more-link theme-more-link\"><a href=\"https:\/\/reporterosdelsur.org\/diario\/2026\/09\/banco-del-bienestar-abre-mas-de-10-millones-de-cuentas-y-dispersa-713-mil-mdp\/\">Leer Nota Complete<\/a><\/span><\/p>\n","protected":false},"author":1,"featured_media":58783,"comment_status":"open","ping_status":"open","sticky":false,"template":"","format":"standard","meta":{"footnotes":"","jetpack_publicize_message":"","jetpack_publicize_feature_enabled":true,"jetpack_social_post_already_shared":true,"jetpack_social_options":{"image_generator_settings":{"template":"highway","default_image_id":0,"font":"","enabled":false},"version":2}},"categories":[6,3],"tags":[1381,480,481,2175,1156,1210,38,564,333,470,446],"class_list":["entry","author-admin","post-58782","post","type-post","status-publish","format-standard","has-post-thumbnail","category-destacado","category-mexico","tag-claudia-sheinbaum-pardo","tag-economia","tag-finanzas","tag-gobierno-de-mexico","tag-internacionales","tag-nacionales","tag-noticias","tag-programas-sociales","tag-seguridad","tag-turismo","tag-viviendas"],"jetpack_publicize_connections":[],"featured_image_urls":{"full":["https:\/\/reporterosdelsur.org\/diario\/wp-content\/uploads\/2026\/09\/MX.jpg",1440,960,false],"thumbnail":["https:\/\/reporterosdelsur.org\/diario\/wp-content\/uploads\/2026\/09\/MX-150x150.jpg",150,150,true],"medium":["https:\/\/reporterosdelsur.org\/diario\/wp-content\/uploads\/2026\/09\/MX-300x200.jpg",300,200,true],"medium_large":["https:\/\/reporterosdelsur.org\/diario\/wp-content\/uploads\/2026\/09\/MX-768x512.jpg",768,512,true],"large":["https:\/\/reporterosdelsur.org\/diario\/wp-content\/uploads\/2026\/09\/MX-1024x683.jpg",1024,683,true],"1536x1536":["https:\/\/reporterosdelsur.org\/diario\/wp-content\/uploads\/2026\/09\/MX.jpg",1440,960,false],"2048x2048":["https:\/\/reporterosdelsur.org\/diario\/wp-content\/uploads\/2026\/09\/MX.jpg",1440,960,false],"ultp_layout_landscape_large":["https:\/\/reporterosdelsur.org\/diario\/wp-content\/uploads\/2026\/09\/MX-1200x800.jpg",1200,800,true],"ultp_layout_landscape":["https:\/\/reporterosdelsur.org\/diario\/wp-content\/uploads\/2026\/09\/MX-870x570.jpg",870,570,true],"ultp_layout_portrait":["https:\/\/reporterosdelsur.org\/diario\/wp-content\/uploads\/2026\/09\/MX-600x900.jpg",600,900,true],"ultp_layout_square":["https:\/\/reporterosdelsur.org\/diario\/wp-content\/uploads\/2026\/09\/MX-600x600.jpg",600,600,true],"hoot-medium-thumb":["https:\/\/reporterosdelsur.org\/diario\/wp-content\/uploads\/2026\/09\/MX-460x400.jpg",460,400,true],"hoot-preview":["https:\/\/reporterosdelsur.org\/diario\/wp-content\/uploads\/2026\/09\/MX-465x310.jpg",465,310,true],"hoot-preview-thumb":["https:\/\/reporterosdelsur.org\/diario\/wp-content\/uploads\/2026\/09\/MX-465x550.jpg",465,550,true],"hoot-large-thumb":["https:\/\/reporterosdelsur.org\/diario\/wp-content\/uploads\/2026\/09\/MX-690x550.jpg",690,550,true],"hoot-preview-large":["https:\/\/reporterosdelsur.org\/diario\/wp-content\/uploads\/2026\/09\/MX-695x463.jpg",695,463,true],"hoot-wide-thumb":["https:\/\/reporterosdelsur.org\/diario\/wp-content\/uploads\/2026\/09\/MX-920x425.jpg",920,425,true],"hoot-extra-wide-thumb":["https:\/\/reporterosdelsur.org\/diario\/wp-content\/uploads\/2026\/09\/MX-1035x425.jpg",1035,425,true]},"author_info":{"display_name":"Reporteros del Sur","author_link":"https:\/\/reporterosdelsur.org\/diario\/author\/admin\/"},"category_info":"<a href=\"https:\/\/reporterosdelsur.org\/diario\/category\/destacado\/\" rel=\"category tag\">Destacado<\/a> <a href=\"https:\/\/reporterosdelsur.org\/diario\/category\/mexico\/\" rel=\"category tag\">M\u00e9xico<\/a>","tag_info":"M\u00e9xico","comment_count":"0","_links":{"self":[{"href":"https:\/\/reporterosdelsur.org\/diario\/wp-json\/wp\/v2\/posts\/58782","targetHints":{"allow":["GET"]}}],"collection":[{"href":"https:\/\/reporterosdelsur.org\/diario\/wp-json\/wp\/v2\/posts"}],"about":[{"href":"https:\/\/reporterosdelsur.org\/diario\/wp-json\/wp\/v2\/types\/post"}],"author":[{"embeddable":true,"href":"https:\/\/reporterosdelsur.org\/diario\/wp-json\/wp\/v2\/users\/1"}],"replies":[{"embeddable":true,"href":"https:\/\/reporterosdelsur.org\/diario\/wp-json\/wp\/v2\/comments?post=58782"}],"version-history":[{"count":1,"href":"https:\/\/reporterosdelsur.org\/diario\/wp-json\/wp\/v2\/posts\/58782\/revisions"}],"predecessor-version":[{"id":58784,"href":"https:\/\/reporterosdelsur.org\/diario\/wp-json\/wp\/v2\/posts\/58782\/revisions\/58784"}],"wp:featuredmedia":[{"embeddable":true,"href":"https:\/\/reporterosdelsur.org\/diario\/wp-json\/wp\/v2\/media\/58783"}],"wp:attachment":[{"href":"https:\/\/reporterosdelsur.org\/diario\/wp-json\/wp\/v2\/media?parent=58782"}],"wp:term":[{"taxonomy":"category","embeddable":true,"href":"https:\/\/reporterosdelsur.org\/diario\/wp-json\/wp\/v2\/categories?post=58782"},{"taxonomy":"post_tag","embeddable":true,"href":"https:\/\/reporterosdelsur.org\/diario\/wp-json\/wp\/v2\/tags?post=58782"}],"curies":[{"name":"wp","href":"https:\/\/api.w.org\/{rel}","templated":true}]}}