{"id":58774,"date":"2026-09-02T05:10:44","date_gmt":"2026-09-02T11:10:44","guid":{"rendered":"https:\/\/reporterosdelsur.org\/diario\/?p=58774"},"modified":"2026-09-02T05:10:47","modified_gmt":"2026-09-02T11:10:47","slug":"excomisionado-del-inm-falta-a-audiencia-por-incendio-en-estancia-migratoria-de-ciudad-juarez","status":"publish","type":"post","link":"https:\/\/reporterosdelsur.org\/diario\/2026\/09\/excomisionado-del-inm-falta-a-audiencia-por-incendio-en-estancia-migratoria-de-ciudad-juarez\/","title":{"rendered":"Excomisionado del INM falta a audiencia por incendio en estancia migratoria de Ciudad Ju\u00e1rez"},"content":{"rendered":"\n<p class=\"wp-block-paragraph\"><strong>Francisco Gardu\u00f1o Y\u00e1\u00f1ez deb\u00eda comparecer ante un juez federal para abordar las medidas de reparaci\u00f3n para las v\u00edctimas del incendio que dej\u00f3 40 migrantes muertos y 27 lesionados en marzo de 2023.<\/strong><\/p>\n\n\n\n<p class=\"wp-block-paragraph\"><strong><strong>CIUDAD JU\u00c1REZ.-<\/strong><\/strong> El excomisionado del Instituto Nacional de Migraci\u00f3n (INM), Francisco Gardu\u00f1o Y\u00e1\u00f1ez, no se present\u00f3 este martes a la audiencia en la que deb\u00eda responder sobre las medidas de reparaci\u00f3n para las v\u00edctimas del incendio ocurrido en una estancia migratoria de Ciudad Ju\u00e1rez, Chihuahua, el 27 de marzo de 2023.<\/p>\n\n\n\n<p class=\"wp-block-paragraph\">La audiencia estaba programada para las 9:15 horas en el Centro de Justicia Penal Federal, ubicado sobre la avenida Tecnol\u00f3gico, donde Gardu\u00f1o deb\u00eda comparecer ante el juez federal V\u00edctor Manlio Hern\u00e1ndez Calder\u00f3n.<\/p>\n\n\n\n<p class=\"wp-block-paragraph\">Sin embargo, de \u00faltimo momento, el exfuncionario solicit\u00f3 participar mediante una videollamada, petici\u00f3n que fue rechazada por el juzgador debido a la gravedad del caso.<\/p>\n\n\n\n<figure class=\"wp-block-image size-large\"><img loading=\"lazy\" decoding=\"async\" width=\"1024\" height=\"768\" src=\"https:\/\/reporterosdelsur.org\/diario\/wp-content\/uploads\/2026\/09\/Justicia-2-1024x768.jpg\" alt=\"\" class=\"wp-image-58776\" srcset=\"https:\/\/reporterosdelsur.org\/diario\/wp-content\/uploads\/2026\/09\/Justicia-2-1024x768.jpg 1024w, https:\/\/reporterosdelsur.org\/diario\/wp-content\/uploads\/2026\/09\/Justicia-2-300x225.jpg 300w, https:\/\/reporterosdelsur.org\/diario\/wp-content\/uploads\/2026\/09\/Justicia-2-768x576.jpg 768w, https:\/\/reporterosdelsur.org\/diario\/wp-content\/uploads\/2026\/09\/Justicia-2-465x349.jpg 465w, https:\/\/reporterosdelsur.org\/diario\/wp-content\/uploads\/2026\/09\/Justicia-2-667x500.jpg 667w, https:\/\/reporterosdelsur.org\/diario\/wp-content\/uploads\/2026\/09\/Justicia-2.jpg 1280w\" sizes=\"auto, (max-width: 1024px) 100vw, 1024px\" \/><\/figure>\n\n\n\n<p class=\"wp-block-paragraph\">El juez inform\u00f3 que neg\u00f3 la posibilidad de que Gardu\u00f1o atendiera la diligencia de manera remota, por lo que la audiencia fue diferida y deber\u00e1 celebrarse en una nueva fecha.<\/p>\n\n\n\n<p class=\"wp-block-paragraph\">Gardu\u00f1o enfrenta la causa penal 237\/2023 por el delito de ejercicio il\u00edcito del servicio p\u00fablico. El a\u00f1o pasado obtuvo la suspensi\u00f3n provisional del proceso, condicionada al cumplimiento de diversas medidas de reparaci\u00f3n.<\/p>\n\n\n\n<p class=\"wp-block-paragraph\">Entre las obligaciones establecidas se encuentran el pago de indemnizaciones a las v\u00edctimas, la emisi\u00f3n de una disculpa p\u00fablica y la realizaci\u00f3n de capacitaciones en materia de derechos humanos y protecci\u00f3n civil.<\/p>\n\n\n\n<figure class=\"wp-block-image size-full\"><img loading=\"lazy\" decoding=\"async\" width=\"600\" height=\"378\" src=\"https:\/\/reporterosdelsur.org\/diario\/wp-content\/uploads\/2026\/09\/Justicia-3.jpg\" alt=\"\" class=\"wp-image-58777\" srcset=\"https:\/\/reporterosdelsur.org\/diario\/wp-content\/uploads\/2026\/09\/Justicia-3.jpg 600w, https:\/\/reporterosdelsur.org\/diario\/wp-content\/uploads\/2026\/09\/Justicia-3-300x189.jpg 300w, https:\/\/reporterosdelsur.org\/diario\/wp-content\/uploads\/2026\/09\/Justicia-3-465x293.jpg 465w\" sizes=\"auto, (max-width: 600px) 100vw, 600px\" \/><\/figure>\n\n\n\n<h3 class=\"wp-block-heading\">Incendio dej\u00f3 40 migrantes muertos<\/h3>\n\n\n\n<p class=\"wp-block-paragraph\">El incendio ocurri\u00f3 durante la noche del 27 de marzo de 2023 en la estancia migratoria ubicada cerca del puente internacional Lerdo, en Ciudad Ju\u00e1rez.<\/p>\n\n\n\n<p class=\"wp-block-paragraph\">El siniestro provoc\u00f3 la muerte de <strong>40 migrantes<\/strong>, mientras que otros <strong>27 resultaron lesionados<\/strong>, convirti\u00e9ndose en uno de los episodios m\u00e1s graves registrados en instalaciones del Instituto Nacional de Migraci\u00f3n.<\/p>\n\n\n\n<p class=\"wp-block-paragraph\">La nueva audiencia deber\u00e1 definir el cumplimiento de las medidas de reparaci\u00f3n establecidas dentro del proceso penal que enfrenta el excomisionado.<\/p>\n","protected":false},"excerpt":{"rendered":"<p>Francisco Gardu\u00f1o Y\u00e1\u00f1ez deb\u00eda comparecer ante un juez federal para abordar las medidas de reparaci\u00f3n para las v\u00edctimas del incendio que dej\u00f3 40 migrantes muertos y 27 lesionados en marzo de 2023. CIUDAD JU\u00c1REZ.- El excomisionado del Instituto Nacional de Migraci\u00f3n (INM), Francisco Gardu\u00f1o Y\u00e1\u00f1ez, no se present\u00f3 este martes<span class=\"more-link theme-more-link\"><a href=\"https:\/\/reporterosdelsur.org\/diario\/2026\/09\/excomisionado-del-inm-falta-a-audiencia-por-incendio-en-estancia-migratoria-de-ciudad-juarez\/\">Leer Nota Complete<\/a><\/span><\/p>\n","protected":false},"author":1,"featured_media":58775,"comment_status":"open","ping_status":"open","sticky":false,"template":"","format":"standard","meta":{"footnotes":"","jetpack_publicize_message":"","jetpack_publicize_feature_enabled":true,"jetpack_social_post_already_shared":true,"jetpack_social_options":{"image_generator_settings":{"template":"highway","default_image_id":0,"font":"","enabled":false},"version":2}},"categories":[3],"tags":[553,416,588,1619,298,723,491,1210,1379,38,555,372,390,459,333],"class_list":["entry","author-admin","post-58774","post","type-post","status-publish","format-standard","has-post-thumbnail","category-mexico","tag-cni","tag-corrupcion-2","tag-drogas","tag-fgr-mexico","tag-guardia-nacional","tag-inm","tag-marina","tag-nacionales","tag-narcotrafico-2","tag-noticias","tag-omar-garcia-harfuch","tag-operativos","tag-policias","tag-sedena","tag-seguridad"],"jetpack_publicize_connections":[],"featured_image_urls":{"full":["https:\/\/reporterosdelsur.org\/diario\/wp-content\/uploads\/2026\/09\/Justicia.jpg",2048,1536,false],"thumbnail":["https:\/\/reporterosdelsur.org\/diario\/wp-content\/uploads\/2026\/09\/Justicia-150x150.jpg",150,150,true],"medium":["https:\/\/reporterosdelsur.org\/diario\/wp-content\/uploads\/2026\/09\/Justicia-300x225.jpg",300,225,true],"medium_large":["https:\/\/reporterosdelsur.org\/diario\/wp-content\/uploads\/2026\/09\/Justicia-768x576.jpg",768,576,true],"large":["https:\/\/reporterosdelsur.org\/diario\/wp-content\/uploads\/2026\/09\/Justicia-1024x768.jpg",1024,768,true],"1536x1536":["https:\/\/reporterosdelsur.org\/diario\/wp-content\/uploads\/2026\/09\/Justicia-1536x1152.jpg",1536,1152,true],"2048x2048":["https:\/\/reporterosdelsur.org\/diario\/wp-content\/uploads\/2026\/09\/Justicia.jpg",2048,1536,false],"ultp_layout_landscape_large":["https:\/\/reporterosdelsur.org\/diario\/wp-content\/uploads\/2026\/09\/Justicia-1200x800.jpg",1200,800,true],"ultp_layout_landscape":["https:\/\/reporterosdelsur.org\/diario\/wp-content\/uploads\/2026\/09\/Justicia-870x570.jpg",870,570,true],"ultp_layout_portrait":["https:\/\/reporterosdelsur.org\/diario\/wp-content\/uploads\/2026\/09\/Justicia-600x900.jpg",600,900,true],"ultp_layout_square":["https:\/\/reporterosdelsur.org\/diario\/wp-content\/uploads\/2026\/09\/Justicia-600x600.jpg",600,600,true],"hoot-medium-thumb":["https:\/\/reporterosdelsur.org\/diario\/wp-content\/uploads\/2026\/09\/Justicia-460x400.jpg",460,400,true],"hoot-preview":["https:\/\/reporterosdelsur.org\/diario\/wp-content\/uploads\/2026\/09\/Justicia-465x349.jpg",465,349,true],"hoot-preview-thumb":["https:\/\/reporterosdelsur.org\/diario\/wp-content\/uploads\/2026\/09\/Justicia-465x550.jpg",465,550,true],"hoot-large-thumb":["https:\/\/reporterosdelsur.org\/diario\/wp-content\/uploads\/2026\/09\/Justicia-690x550.jpg",690,550,true],"hoot-preview-large":["https:\/\/reporterosdelsur.org\/diario\/wp-content\/uploads\/2026\/09\/Justicia-667x500.jpg",667,500,true],"hoot-wide-thumb":["https:\/\/reporterosdelsur.org\/diario\/wp-content\/uploads\/2026\/09\/Justicia-920x425.jpg",920,425,true],"hoot-extra-wide-thumb":["https:\/\/reporterosdelsur.org\/diario\/wp-content\/uploads\/2026\/09\/Justicia-1035x425.jpg",1035,425,true]},"author_info":{"display_name":"Reporteros del Sur","author_link":"https:\/\/reporterosdelsur.org\/diario\/author\/admin\/"},"category_info":"<a href=\"https:\/\/reporterosdelsur.org\/diario\/category\/mexico\/\" rel=\"category tag\">M\u00e9xico<\/a>","tag_info":"M\u00e9xico","comment_count":"0","_links":{"self":[{"href":"https:\/\/reporterosdelsur.org\/diario\/wp-json\/wp\/v2\/posts\/58774","targetHints":{"allow":["GET"]}}],"collection":[{"href":"https:\/\/reporterosdelsur.org\/diario\/wp-json\/wp\/v2\/posts"}],"about":[{"href":"https:\/\/reporterosdelsur.org\/diario\/wp-json\/wp\/v2\/types\/post"}],"author":[{"embeddable":true,"href":"https:\/\/reporterosdelsur.org\/diario\/wp-json\/wp\/v2\/users\/1"}],"replies":[{"embeddable":true,"href":"https:\/\/reporterosdelsur.org\/diario\/wp-json\/wp\/v2\/comments?post=58774"}],"version-history":[{"count":1,"href":"https:\/\/reporterosdelsur.org\/diario\/wp-json\/wp\/v2\/posts\/58774\/revisions"}],"predecessor-version":[{"id":58778,"href":"https:\/\/reporterosdelsur.org\/diario\/wp-json\/wp\/v2\/posts\/58774\/revisions\/58778"}],"wp:featuredmedia":[{"embeddable":true,"href":"https:\/\/reporterosdelsur.org\/diario\/wp-json\/wp\/v2\/media\/58775"}],"wp:attachment":[{"href":"https:\/\/reporterosdelsur.org\/diario\/wp-json\/wp\/v2\/media?parent=58774"}],"wp:term":[{"taxonomy":"category","embeddable":true,"href":"https:\/\/reporterosdelsur.org\/diario\/wp-json\/wp\/v2\/categories?post=58774"},{"taxonomy":"post_tag","embeddable":true,"href":"https:\/\/reporterosdelsur.org\/diario\/wp-json\/wp\/v2\/tags?post=58774"}],"curies":[{"name":"wp","href":"https:\/\/api.w.org\/{rel}","templated":true}]}}