{"id":58770,"date":"2026-09-02T05:05:02","date_gmt":"2026-09-02T11:05:02","guid":{"rendered":"https:\/\/reporterosdelsur.org\/diario\/?p=58770"},"modified":"2026-09-02T05:05:07","modified_gmt":"2026-09-02T11:05:07","slug":"iran-responde-con-ataques-a-posiciones-militares-de-eu-en-medio-oriente","status":"publish","type":"post","link":"https:\/\/reporterosdelsur.org\/diario\/2026\/09\/iran-responde-con-ataques-a-posiciones-militares-de-eu-en-medio-oriente\/","title":{"rendered":"Ir\u00e1n responde con ataques a posiciones militares de EU en Medio Oriente"},"content":{"rendered":"\n<p class=\"wp-block-paragraph\"><strong>El CGRI asegur\u00f3 que la ofensiva, con misiles y drones, alcanz\u00f3 instalaciones estadounidenses en Jordania, Bar\u00e9in, Irak, Kuwait y Emiratos \u00c1rabes Unidos, en represalia por un bombardeo contra una vivienda donde se celebraba una boda en el sur de Ir\u00e1n.<\/strong><\/p>\n\n\n\n<p class=\"wp-block-paragraph\">IR\u00c1N.- Las Fuerzas Terrestres de la Guardia Revolucionaria Isl\u00e1mica de Ir\u00e1n (CGRI) realizaron este mi\u00e9rcoles una serie de ataques simult\u00e1neos contra posiciones militares estadounidenses en distintos puntos de Medio Oriente, en respuesta a un bombardeo de Washington contra un barrio residencial del sur de Ir\u00e1n, donde se celebraba una boda y que dej\u00f3 al menos cuatro personas fallecidas y 68 heridas.<\/p>\n\n\n\n<p class=\"wp-block-paragraph\">De acuerdo con un comunicado difundido por el CGRI, la ofensiva alcanz\u00f3 destacamentos militares estadounidenses en Jordania, Bar\u00e9in y Erbil, Irak, adem\u00e1s de la base a\u00e9rea Ali Al Salem, en Kuwait, donde se habr\u00eda efectuado un ataque combinado con misiles y drones contra el puesto de mando y las instalaciones de alojamiento del comando estadounidense.<\/p>\n\n\n\n<figure class=\"wp-block-embed is-type-rich is-provider-x wp-block-embed-x\"><div class=\"wp-block-embed__wrapper\">\n<blockquote class=\"twitter-tweet\" data-width=\"550\" data-dnt=\"true\"><p lang=\"fa\" dir=\"rtl\">\u0633\u0646\u062f\u06cc \u0627\u0632 \u062c\u0646\u0627\u06cc\u062a \u0622\u0645\u0631\u06cc\u06a9\u0627 \u062f\u0631 \u062d\u0645\u0644\u0647 \u0628\u0647 \u0645\u0646\u0627\u0637\u0642 \u0645\u0633\u06a9\u0648\u0646\u06cc \/ \u0648\u0633\u0639\u062a \u062d\u0645\u0644\u0647 \u0627\u0631\u062a\u0634 \u0622\u0645\u0631\u06cc\u06a9\u0627 \u0628\u0647 \u0645\u0631\u0627\u0633\u0645 \u0639\u0631\u0648\u0633\u06cc \u062f\u0631 \u0633\u06cc\u0631\u06cc\u06a9 <br><br>\u0637\u0628\u0642 \u06af\u0632\u0627\u0631\u0634 \u062c\u0645\u0639\u06cc\u062a \u0647\u0644\u0627\u0644 \u0627\u062d\u0645\u0631 \u0627\u0633\u062a\u0627\u0646 \u0647\u0631\u0645\u0632\u06af\u0627\u0646 \u0628\u06cc\u0634\u062a\u0631 \u0645\u062c\u0631\u0648\u062d\u0627\u0646 \u0632\u0646\u0627\u0646 \u0648 \u06a9\u0648\u062f\u06a9\u0627\u0646 \u0628\u0648\u062f\u0646\u062f. <a href=\"https:\/\/t.co\/Sgam0BQwMU\">https:\/\/t.co\/Sgam0BQwMU<\/a> <a href=\"https:\/\/t.co\/HEtA3y5IFb\">pic.twitter.com\/HEtA3y5IFb<\/a><\/p>&mdash; \u062c\u0645\u0639\u06cc\u062a \u0647\u0644\u0627\u0644\u200c\u0627\u062d\u0645\u0631 \u0627\u06cc\u0631\u0627\u0646 (@Iranian_RCS) <a href=\"https:\/\/x.com\/Iranian_RCS\/status\/2095023986325201336?ref_src=twsrc%5Etfw\">September 2, 2026<\/a><\/blockquote><script async src=\"https:\/\/platform.x.com\/widgets.js\" charset=\"utf-8\"><\/script>\n<\/div><\/figure>\n\n\n\n<p class=\"wp-block-paragraph\">Las fuerzas iran\u00edes afirmaron que la operaci\u00f3n provoc\u00f3 la muerte de &#8220;varios militares enemigos&#8221;, aunque no proporcionaron cifras precisas ni informaci\u00f3n independiente que confirme el saldo de bajas.<\/p>\n\n\n\n<p class=\"wp-block-paragraph\">El CGRI tambi\u00e9n asegur\u00f3 que durante los ataques fue incendiado un hangar y la rampa utilizada para el despliegue de drones que, seg\u00fan Teher\u00e1n, habr\u00edan sido empleados en ataques contra poblaci\u00f3n civil. Asimismo, afirm\u00f3 que algunos de esos aparatos fueron destruidos.<\/p>\n\n\n\n<h3 class=\"wp-block-heading\">Ataques con drones contra Emiratos y Bar\u00e9in<\/h3>\n\n\n\n<p class=\"wp-block-paragraph\">En una acci\u00f3n paralela, las fuerzas iran\u00edes informaron de ataques contra bases militares estadounidenses en Bar\u00e9in y Emiratos \u00c1rabes Unidos, tambi\u00e9n como represalia por los bombardeos contra civiles en territorio iran\u00ed.<\/p>\n\n\n\n<figure class=\"wp-block-embed is-type-rich is-provider-x wp-block-embed-x\"><div class=\"wp-block-embed__wrapper\">\n<blockquote class=\"twitter-tweet\" data-width=\"550\" data-dnt=\"true\"><p lang=\"en\" dir=\"ltr\">Footage shows the aftermath of the US strikes on a wedding ceremony in Kuhestak, southern Hormozgan Province, Iran.<br><br>Follow: <a href=\"https:\/\/t.co\/RuQCIFWYoj\">https:\/\/t.co\/RuQCIFWYoj<\/a> <a href=\"https:\/\/t.co\/6e05MuFz5L\">pic.twitter.com\/6e05MuFz5L<\/a><\/p>&mdash; PressTV Extra (@PresstvExtra) <a href=\"https:\/\/x.com\/PresstvExtra\/status\/2095016801998348578?ref_src=twsrc%5Etfw\">September 2, 2026<\/a><\/blockquote><script async src=\"https:\/\/platform.x.com\/widgets.js\" charset=\"utf-8\"><\/script>\n<\/div><\/figure>\n\n\n\n<p class=\"wp-block-paragraph\">Seg\u00fan medios estatales iran\u00edes, decenas de drones tipo Arash fueron utilizados contra sistemas de radar y posiciones militares en las bases de Al Dhafra y Al Minhad, en Emiratos \u00c1rabes Unidos, as\u00ed como en Sheikh Isa, en Bar\u00e9in.<\/p>\n\n\n\n<p class=\"wp-block-paragraph\">Medios iran\u00edes difundieron im\u00e1genes del lanzamiento de los drones como parte de la cobertura de la operaci\u00f3n.<\/p>\n\n\n\n<h3 class=\"wp-block-heading\">Ir\u00e1n denuncia ataque contra una boda<\/h3>\n\n\n\n<p class=\"wp-block-paragraph\">El CGRI calific\u00f3 el bombardeo estadounidense contra la localidad de Kohstak, en el distrito de Sirik, provincia de Hormozg\u00e1n, como una &#8220;flagrante violaci\u00f3n de los derechos humanos&#8221;.<\/p>\n\n\n\n<p class=\"wp-block-paragraph\">Las autoridades iran\u00edes se\u00f1alaron que el ataque impact\u00f3 una vivienda donde se desarrollaba una celebraci\u00f3n nupcial, convirtiendo el festejo en una tragedia.<\/p>\n\n\n\n<figure class=\"wp-block-image size-large\"><img loading=\"lazy\" decoding=\"async\" width=\"1024\" height=\"577\" src=\"https:\/\/reporterosdelsur.org\/diario\/wp-content\/uploads\/2026\/09\/Iran-2-1-1024x577.jpg\" alt=\"\" class=\"wp-image-58772\" srcset=\"https:\/\/reporterosdelsur.org\/diario\/wp-content\/uploads\/2026\/09\/Iran-2-1-1024x577.jpg 1024w, https:\/\/reporterosdelsur.org\/diario\/wp-content\/uploads\/2026\/09\/Iran-2-1-300x169.jpg 300w, https:\/\/reporterosdelsur.org\/diario\/wp-content\/uploads\/2026\/09\/Iran-2-1-768x433.jpg 768w, https:\/\/reporterosdelsur.org\/diario\/wp-content\/uploads\/2026\/09\/Iran-2-1-465x262.jpg 465w, https:\/\/reporterosdelsur.org\/diario\/wp-content\/uploads\/2026\/09\/Iran-2-1-695x392.jpg 695w, https:\/\/reporterosdelsur.org\/diario\/wp-content\/uploads\/2026\/09\/Iran-2-1.jpg 1104w\" sizes=\"auto, (max-width: 1024px) 100vw, 1024px\" \/><\/figure>\n\n\n\n<p class=\"wp-block-paragraph\">&#8220;El Ej\u00e9rcito estadounidense convirti\u00f3 una celebraci\u00f3n nupcial en Sirik en una tragedia al bombardear y destruir una vivienda&#8221;, sostuvo el CGRI.<\/p>\n\n\n\n<p class=\"wp-block-paragraph\">Los hechos elevan nuevamente la tensi\u00f3n entre Ir\u00e1n y Estados Unidos, mientras las fuerzas iran\u00edes advierten que continuar\u00e1n respondiendo a las operaciones militares estadounidenses contra su territorio.<\/p>\n","protected":false},"excerpt":{"rendered":"<p>El CGRI asegur\u00f3 que la ofensiva, con misiles y drones, alcanz\u00f3 instalaciones estadounidenses en Jordania, Bar\u00e9in, Irak, Kuwait y Emiratos \u00c1rabes Unidos, en represalia por un bombardeo contra una vivienda donde se celebraba una boda en el sur de Ir\u00e1n. IR\u00c1N.- Las Fuerzas Terrestres de la Guardia Revolucionaria Isl\u00e1mica de<span class=\"more-link theme-more-link\"><a href=\"https:\/\/reporterosdelsur.org\/diario\/2026\/09\/iran-responde-con-ataques-a-posiciones-militares-de-eu-en-medio-oriente\/\">Leer Nota Complete<\/a><\/span><\/p>\n","protected":false},"author":1,"featured_media":58771,"comment_status":"open","ping_status":"open","sticky":false,"template":"","format":"standard","meta":{"footnotes":"","jetpack_publicize_message":"","jetpack_publicize_feature_enabled":true,"jetpack_social_post_already_shared":true,"jetpack_social_options":{"image_generator_settings":{"template":"highway","default_image_id":0,"font":"","enabled":false},"version":2}},"categories":[4],"tags":[480,1346,146,481,101,1077,1114,1156,1358,1143,1213,1378,1402,71,38,32,666,333],"class_list":["entry","author-admin","post-58770","post","type-post","status-publish","format-standard","has-post-thumbnail","category-mundo","tag-economia","tag-energeticos","tag-eu","tag-finanzas","tag-gas","tag-gobiernos","tag-guerras","tag-internacionales","tag-irak","tag-iran","tag-israel","tag-libano","tag-medio-oriente","tag-mundo","tag-noticias","tag-petroleo","tag-politica-2","tag-seguridad"],"jetpack_publicize_connections":[],"featured_image_urls":{"full":["https:\/\/reporterosdelsur.org\/diario\/wp-content\/uploads\/2026\/09\/Iran-1.jpg",1104,622,false],"thumbnail":["https:\/\/reporterosdelsur.org\/diario\/wp-content\/uploads\/2026\/09\/Iran-1-150x150.jpg",150,150,true],"medium":["https:\/\/reporterosdelsur.org\/diario\/wp-content\/uploads\/2026\/09\/Iran-1-300x169.jpg",300,169,true],"medium_large":["https:\/\/reporterosdelsur.org\/diario\/wp-content\/uploads\/2026\/09\/Iran-1-768x433.jpg",768,433,true],"large":["https:\/\/reporterosdelsur.org\/diario\/wp-content\/uploads\/2026\/09\/Iran-1-1024x577.jpg",1024,577,true],"1536x1536":["https:\/\/reporterosdelsur.org\/diario\/wp-content\/uploads\/2026\/09\/Iran-1.jpg",1104,622,false],"2048x2048":["https:\/\/reporterosdelsur.org\/diario\/wp-content\/uploads\/2026\/09\/Iran-1.jpg",1104,622,false],"ultp_layout_landscape_large":["https:\/\/reporterosdelsur.org\/diario\/wp-content\/uploads\/2026\/09\/Iran-1.jpg",1104,622,false],"ultp_layout_landscape":["https:\/\/reporterosdelsur.org\/diario\/wp-content\/uploads\/2026\/09\/Iran-1-870x570.jpg",870,570,true],"ultp_layout_portrait":["https:\/\/reporterosdelsur.org\/diario\/wp-content\/uploads\/2026\/09\/Iran-1-600x622.jpg",600,622,true],"ultp_layout_square":["https:\/\/reporterosdelsur.org\/diario\/wp-content\/uploads\/2026\/09\/Iran-1-600x600.jpg",600,600,true],"hoot-medium-thumb":["https:\/\/reporterosdelsur.org\/diario\/wp-content\/uploads\/2026\/09\/Iran-1-460x400.jpg",460,400,true],"hoot-preview":["https:\/\/reporterosdelsur.org\/diario\/wp-content\/uploads\/2026\/09\/Iran-1-465x262.jpg",465,262,true],"hoot-preview-thumb":["https:\/\/reporterosdelsur.org\/diario\/wp-content\/uploads\/2026\/09\/Iran-1-465x550.jpg",465,550,true],"hoot-large-thumb":["https:\/\/reporterosdelsur.org\/diario\/wp-content\/uploads\/2026\/09\/Iran-1-690x550.jpg",690,550,true],"hoot-preview-large":["https:\/\/reporterosdelsur.org\/diario\/wp-content\/uploads\/2026\/09\/Iran-1-695x392.jpg",695,392,true],"hoot-wide-thumb":["https:\/\/reporterosdelsur.org\/diario\/wp-content\/uploads\/2026\/09\/Iran-1-920x425.jpg",920,425,true],"hoot-extra-wide-thumb":["https:\/\/reporterosdelsur.org\/diario\/wp-content\/uploads\/2026\/09\/Iran-1-1035x425.jpg",1035,425,true]},"author_info":{"display_name":"Reporteros del Sur","author_link":"https:\/\/reporterosdelsur.org\/diario\/author\/admin\/"},"category_info":"<a href=\"https:\/\/reporterosdelsur.org\/diario\/category\/mundo\/\" rel=\"category tag\">Mundo<\/a>","tag_info":"Mundo","comment_count":"0","_links":{"self":[{"href":"https:\/\/reporterosdelsur.org\/diario\/wp-json\/wp\/v2\/posts\/58770","targetHints":{"allow":["GET"]}}],"collection":[{"href":"https:\/\/reporterosdelsur.org\/diario\/wp-json\/wp\/v2\/posts"}],"about":[{"href":"https:\/\/reporterosdelsur.org\/diario\/wp-json\/wp\/v2\/types\/post"}],"author":[{"embeddable":true,"href":"https:\/\/reporterosdelsur.org\/diario\/wp-json\/wp\/v2\/users\/1"}],"replies":[{"embeddable":true,"href":"https:\/\/reporterosdelsur.org\/diario\/wp-json\/wp\/v2\/comments?post=58770"}],"version-history":[{"count":1,"href":"https:\/\/reporterosdelsur.org\/diario\/wp-json\/wp\/v2\/posts\/58770\/revisions"}],"predecessor-version":[{"id":58773,"href":"https:\/\/reporterosdelsur.org\/diario\/wp-json\/wp\/v2\/posts\/58770\/revisions\/58773"}],"wp:featuredmedia":[{"embeddable":true,"href":"https:\/\/reporterosdelsur.org\/diario\/wp-json\/wp\/v2\/media\/58771"}],"wp:attachment":[{"href":"https:\/\/reporterosdelsur.org\/diario\/wp-json\/wp\/v2\/media?parent=58770"}],"wp:term":[{"taxonomy":"category","embeddable":true,"href":"https:\/\/reporterosdelsur.org\/diario\/wp-json\/wp\/v2\/categories?post=58770"},{"taxonomy":"post_tag","embeddable":true,"href":"https:\/\/reporterosdelsur.org\/diario\/wp-json\/wp\/v2\/tags?post=58770"}],"curies":[{"name":"wp","href":"https:\/\/api.w.org\/{rel}","templated":true}]}}