{"id":58762,"date":"2026-09-01T18:02:41","date_gmt":"2026-09-02T00:02:41","guid":{"rendered":"https:\/\/reporterosdelsur.org\/diario\/?p=58762"},"modified":"2026-09-01T19:11:34","modified_gmt":"2026-09-02T01:11:34","slug":"sheinbaum-reafirma-defensa-de-la-soberania-de-mexico-ante-el-mundo","status":"publish","type":"post","link":"https:\/\/reporterosdelsur.org\/diario\/2026\/09\/sheinbaum-reafirma-defensa-de-la-soberania-de-mexico-ante-el-mundo\/","title":{"rendered":"Sheinbaum reafirma defensa de la soberan\u00eda de M\u00e9xico ante el mundo"},"content":{"rendered":"\n<p class=\"wp-block-paragraph\"><strong>Durante su Segundo Informe de Gobierno, la presidenta Claudia Sheinbaum sostuvo que M\u00e9xico mantendr\u00e1 una pol\u00edtica de di\u00e1logo y cooperaci\u00f3n, pero sin subordinaci\u00f3n, y destac\u00f3 la atenci\u00f3n brindada a 281 mil connacionales deportados de Estados Unidos.<\/strong><\/p>\n\n\n\n<p class=\"wp-block-paragraph\"><strong>CIUDAD DE M\u00c9XICO.- <\/strong>Al rendir su <strong>Segundo Informe de Gobierno<\/strong>, la presidenta <strong>Claudia Sheinbaum Pardo<\/strong> afirm\u00f3 que M\u00e9xico est\u00e1 dispuesto a mantener el di\u00e1logo y la cooperaci\u00f3n con otros pa\u00edses, pero dej\u00f3 claro que cualquier relaci\u00f3n internacional debe partir del respeto a la soberan\u00eda, la dignidad y la independencia nacional.<\/p>\n\n\n\n<p class=\"wp-block-paragraph\">En el cap\u00edtulo dedicado a la pol\u00edtica exterior, la mandataria subray\u00f3 que la colaboraci\u00f3n internacional no implica sometimiento y sostuvo que, mientras tenga el honor de encabezar el Gobierno de M\u00e9xico, defender\u00e1 con firmeza los principios que rigen al pa\u00eds.<\/p>\n\n\n\n<p class=\"wp-block-paragraph\">Sheinbaum se\u00f1al\u00f3 que <strong>amistad y cooperaci\u00f3n no significan renunciar a los principios nacionales<\/strong>, por lo que su administraci\u00f3n mantendr\u00e1 una postura basada en el respeto y la defensa de los intereses de M\u00e9xico.<\/p>\n\n\n\n<figure class=\"wp-block-image size-full\"><img loading=\"lazy\" decoding=\"async\" width=\"1018\" height=\"669\" src=\"https:\/\/reporterosdelsur.org\/diario\/wp-content\/uploads\/2026\/09\/Claudia.jpg\" alt=\"\" class=\"wp-image-58764\" srcset=\"https:\/\/reporterosdelsur.org\/diario\/wp-content\/uploads\/2026\/09\/Claudia.jpg 1018w, https:\/\/reporterosdelsur.org\/diario\/wp-content\/uploads\/2026\/09\/Claudia-300x197.jpg 300w, https:\/\/reporterosdelsur.org\/diario\/wp-content\/uploads\/2026\/09\/Claudia-768x505.jpg 768w, https:\/\/reporterosdelsur.org\/diario\/wp-content\/uploads\/2026\/09\/Claudia-465x306.jpg 465w, https:\/\/reporterosdelsur.org\/diario\/wp-content\/uploads\/2026\/09\/Claudia-695x457.jpg 695w\" sizes=\"auto, (max-width: 1018px) 100vw, 1018px\" \/><\/figure>\n\n\n\n<h3 class=\"wp-block-heading\">Cuatro principios para la cooperaci\u00f3n<\/h3>\n\n\n\n<p class=\"wp-block-paragraph\">La Presidenta explic\u00f3 que la colaboraci\u00f3n de M\u00e9xico con otras naciones se desarrolla bajo cuatro principios fundamentales: <strong>respeto a la soberan\u00eda y al territorio; confianza y respeto mutuo; colaboraci\u00f3n sin subordinaci\u00f3n, y responsabilidad compartida<\/strong>.<\/p>\n\n\n\n<p class=\"wp-block-paragraph\">Estos criterios, afirm\u00f3, constituyen la base de la pol\u00edtica exterior mexicana y buscan establecer relaciones internacionales en condiciones de respeto entre las naciones.<\/p>\n\n\n\n<p class=\"wp-block-paragraph\">En este contexto, Sheinbaum inform\u00f3 que contin\u00faan las negociaciones con Estados Unidos para alcanzar un <strong>nuevo acuerdo comercial<\/strong>, el cual, dijo, se espera concretar pr\u00f3ximamente.<\/p>\n\n\n\n<h3 class=\"wp-block-heading\">Defensa de los mexicanos en Estados Unidos<\/h3>\n\n\n\n<p class=\"wp-block-paragraph\">Uno de los temas centrales de su mensaje fue la protecci\u00f3n de los connacionales que viven o se encuentran en Estados Unidos.<\/p>\n\n\n\n<p class=\"wp-block-paragraph\">La presidenta record\u00f3 que el Gobierno de M\u00e9xico ha presentado denuncias en <strong>todos los casos en los que han fallecido mexicanos<\/strong>, adem\u00e1s de se\u00f1alar que se dar\u00e1 seguimiento a cada situaci\u00f3n para defender los derechos de los connacionales.<\/p>\n\n\n\n<p class=\"wp-block-paragraph\">Tambi\u00e9n destac\u00f3 que se instruy\u00f3 a los consulados mexicanos en Estados Unidos a fortalecer su presencia y mantener una mayor cercan\u00eda con las comunidades mexicanas.<\/p>\n\n\n\n<figure class=\"wp-block-image size-full\"><img loading=\"lazy\" decoding=\"async\" width=\"942\" height=\"532\" src=\"https:\/\/reporterosdelsur.org\/diario\/wp-content\/uploads\/2026\/09\/Claudia2.jpg\" alt=\"\" class=\"wp-image-58765\" srcset=\"https:\/\/reporterosdelsur.org\/diario\/wp-content\/uploads\/2026\/09\/Claudia2.jpg 942w, https:\/\/reporterosdelsur.org\/diario\/wp-content\/uploads\/2026\/09\/Claudia2-300x169.jpg 300w, https:\/\/reporterosdelsur.org\/diario\/wp-content\/uploads\/2026\/09\/Claudia2-768x434.jpg 768w, https:\/\/reporterosdelsur.org\/diario\/wp-content\/uploads\/2026\/09\/Claudia2-465x263.jpg 465w, https:\/\/reporterosdelsur.org\/diario\/wp-content\/uploads\/2026\/09\/Claudia2-695x393.jpg 695w\" sizes=\"auto, (max-width: 942px) 100vw, 942px\" \/><\/figure>\n\n\n\n<p class=\"wp-block-paragraph\">Los consulados, explic\u00f3, deben convertirse en espacios de entendimiento que escuchen y atiendan las necesidades y demandas de los mexicanos que residen en el exterior.<\/p>\n\n\n\n<h3 class=\"wp-block-heading\">\u201cM\u00e9xico te abraza\u201d atiende a deportados<\/h3>\n\n\n\n<p class=\"wp-block-paragraph\">Sheinbaum tambi\u00e9n destac\u00f3 los resultados del programa <strong>\u201cM\u00e9xico te abraza\u201d<\/strong>, mediante el cual se ha brindado atenci\u00f3n a <strong>281 mil mexicanos deportados de Estados Unidos<\/strong>.<\/p>\n\n\n\n<p class=\"wp-block-paragraph\">Los connacionales recibieron apoyo con alimentos, atenci\u00f3n m\u00e9dica y psicol\u00f3gica, adem\u00e1s de asistencia para facilitar su retorno a sus comunidades de origen.<\/p>\n\n\n\n<p class=\"wp-block-paragraph\">La estrategia busca enfrentar el impacto social de las deportaciones y brindar acompa\u00f1amiento a las familias y personas que regresan al pa\u00eds en circunstancias que, en muchos casos, implican una ruptura repentina de sus condiciones de vida.<\/p>\n\n\n\n<p class=\"wp-block-paragraph\">La Presidenta sostuvo que M\u00e9xico continuar\u00e1 defendiendo los derechos de sus ciudadanos dentro y fuera del territorio nacional, al tiempo que mantendr\u00e1 abiertos los canales de di\u00e1logo con otros gobiernos.<\/p>\n\n\n\n<p class=\"wp-block-paragraph\">Con esta postura, el Gobierno Federal plantea una pol\u00edtica exterior sustentada en la cooperaci\u00f3n, pero con l\u00edmites claros: <strong>M\u00e9xico busca acuerdos y entendimientos sin comprometer su soberan\u00eda ni aceptar relaciones basadas en la subordinaci\u00f3n<\/strong>.<\/p>\n","protected":false},"excerpt":{"rendered":"<p>Durante su Segundo Informe de Gobierno, la presidenta Claudia Sheinbaum sostuvo que M\u00e9xico mantendr\u00e1 una pol\u00edtica de di\u00e1logo y cooperaci\u00f3n, pero sin subordinaci\u00f3n, y destac\u00f3 la atenci\u00f3n brindada a 281 mil connacionales deportados de Estados Unidos. CIUDAD DE M\u00c9XICO.- Al rendir su Segundo Informe de Gobierno, la presidenta Claudia Sheinbaum<span class=\"more-link theme-more-link\"><a href=\"https:\/\/reporterosdelsur.org\/diario\/2026\/09\/sheinbaum-reafirma-defensa-de-la-soberania-de-mexico-ante-el-mundo\/\">Leer Nota Complete<\/a><\/span><\/p>\n","protected":false},"author":1,"featured_media":58763,"comment_status":"open","ping_status":"open","sticky":false,"template":"","format":"standard","meta":{"footnotes":"","jetpack_publicize_message":"","jetpack_publicize_feature_enabled":true,"jetpack_social_post_already_shared":true,"jetpack_social_options":{"image_generator_settings":{"template":"highway","default_image_id":0,"font":"","enabled":false},"version":2}},"categories":[6,3],"tags":[1381,480,481,2175,1156,1210,38,564,333,470,446],"class_list":["entry","author-admin","post-58762","post","type-post","status-publish","format-standard","has-post-thumbnail","category-destacado","category-mexico","tag-claudia-sheinbaum-pardo","tag-economia","tag-finanzas","tag-gobierno-de-mexico","tag-internacionales","tag-nacionales","tag-noticias","tag-programas-sociales","tag-seguridad","tag-turismo","tag-viviendas"],"jetpack_publicize_connections":[],"featured_image_urls":{"full":["https:\/\/reporterosdelsur.org\/diario\/wp-content\/uploads\/2026\/09\/Claudia3.jpg",2048,1336,false],"thumbnail":["https:\/\/reporterosdelsur.org\/diario\/wp-content\/uploads\/2026\/09\/Claudia3-150x150.jpg",150,150,true],"medium":["https:\/\/reporterosdelsur.org\/diario\/wp-content\/uploads\/2026\/09\/Claudia3-300x196.jpg",300,196,true],"medium_large":["https:\/\/reporterosdelsur.org\/diario\/wp-content\/uploads\/2026\/09\/Claudia3-768x501.jpg",768,501,true],"large":["https:\/\/reporterosdelsur.org\/diario\/wp-content\/uploads\/2026\/09\/Claudia3-1024x668.jpg",1024,668,true],"1536x1536":["https:\/\/reporterosdelsur.org\/diario\/wp-content\/uploads\/2026\/09\/Claudia3-1536x1002.jpg",1536,1002,true],"2048x2048":["https:\/\/reporterosdelsur.org\/diario\/wp-content\/uploads\/2026\/09\/Claudia3.jpg",2048,1336,false],"ultp_layout_landscape_large":["https:\/\/reporterosdelsur.org\/diario\/wp-content\/uploads\/2026\/09\/Claudia3-1200x800.jpg",1200,800,true],"ultp_layout_landscape":["https:\/\/reporterosdelsur.org\/diario\/wp-content\/uploads\/2026\/09\/Claudia3-870x570.jpg",870,570,true],"ultp_layout_portrait":["https:\/\/reporterosdelsur.org\/diario\/wp-content\/uploads\/2026\/09\/Claudia3-600x900.jpg",600,900,true],"ultp_layout_square":["https:\/\/reporterosdelsur.org\/diario\/wp-content\/uploads\/2026\/09\/Claudia3-600x600.jpg",600,600,true],"hoot-medium-thumb":["https:\/\/reporterosdelsur.org\/diario\/wp-content\/uploads\/2026\/09\/Claudia3-460x400.jpg",460,400,true],"hoot-preview":["https:\/\/reporterosdelsur.org\/diario\/wp-content\/uploads\/2026\/09\/Claudia3-465x303.jpg",465,303,true],"hoot-preview-thumb":["https:\/\/reporterosdelsur.org\/diario\/wp-content\/uploads\/2026\/09\/Claudia3-465x550.jpg",465,550,true],"hoot-large-thumb":["https:\/\/reporterosdelsur.org\/diario\/wp-content\/uploads\/2026\/09\/Claudia3-690x550.jpg",690,550,true],"hoot-preview-large":["https:\/\/reporterosdelsur.org\/diario\/wp-content\/uploads\/2026\/09\/Claudia3-695x453.jpg",695,453,true],"hoot-wide-thumb":["https:\/\/reporterosdelsur.org\/diario\/wp-content\/uploads\/2026\/09\/Claudia3-920x425.jpg",920,425,true],"hoot-extra-wide-thumb":["https:\/\/reporterosdelsur.org\/diario\/wp-content\/uploads\/2026\/09\/Claudia3-1035x425.jpg",1035,425,true]},"author_info":{"display_name":"Reporteros del Sur","author_link":"https:\/\/reporterosdelsur.org\/diario\/author\/admin\/"},"category_info":"<a href=\"https:\/\/reporterosdelsur.org\/diario\/category\/destacado\/\" rel=\"category tag\">Destacado<\/a> <a href=\"https:\/\/reporterosdelsur.org\/diario\/category\/mexico\/\" rel=\"category tag\">M\u00e9xico<\/a>","tag_info":"M\u00e9xico","comment_count":"0","_links":{"self":[{"href":"https:\/\/reporterosdelsur.org\/diario\/wp-json\/wp\/v2\/posts\/58762","targetHints":{"allow":["GET"]}}],"collection":[{"href":"https:\/\/reporterosdelsur.org\/diario\/wp-json\/wp\/v2\/posts"}],"about":[{"href":"https:\/\/reporterosdelsur.org\/diario\/wp-json\/wp\/v2\/types\/post"}],"author":[{"embeddable":true,"href":"https:\/\/reporterosdelsur.org\/diario\/wp-json\/wp\/v2\/users\/1"}],"replies":[{"embeddable":true,"href":"https:\/\/reporterosdelsur.org\/diario\/wp-json\/wp\/v2\/comments?post=58762"}],"version-history":[{"count":1,"href":"https:\/\/reporterosdelsur.org\/diario\/wp-json\/wp\/v2\/posts\/58762\/revisions"}],"predecessor-version":[{"id":58766,"href":"https:\/\/reporterosdelsur.org\/diario\/wp-json\/wp\/v2\/posts\/58762\/revisions\/58766"}],"wp:featuredmedia":[{"embeddable":true,"href":"https:\/\/reporterosdelsur.org\/diario\/wp-json\/wp\/v2\/media\/58763"}],"wp:attachment":[{"href":"https:\/\/reporterosdelsur.org\/diario\/wp-json\/wp\/v2\/media?parent=58762"}],"wp:term":[{"taxonomy":"category","embeddable":true,"href":"https:\/\/reporterosdelsur.org\/diario\/wp-json\/wp\/v2\/categories?post=58762"},{"taxonomy":"post_tag","embeddable":true,"href":"https:\/\/reporterosdelsur.org\/diario\/wp-json\/wp\/v2\/tags?post=58762"}],"curies":[{"name":"wp","href":"https:\/\/api.w.org\/{rel}","templated":true}]}}