{"id":58758,"date":"2026-09-01T17:55:23","date_gmt":"2026-09-01T23:55:23","guid":{"rendered":"https:\/\/reporterosdelsur.org\/diario\/?p=58758"},"modified":"2026-09-01T19:11:53","modified_gmt":"2026-09-02T01:11:53","slug":"congreso-de-tabasco-aprueba-nuevas-reglas-para-revocacion-de-mandato-y-eleccion-judicial-de-2028","status":"publish","type":"post","link":"https:\/\/reporterosdelsur.org\/diario\/2026\/09\/congreso-de-tabasco-aprueba-nuevas-reglas-para-revocacion-de-mandato-y-eleccion-judicial-de-2028\/","title":{"rendered":"Congreso de Tabasco aprueba nuevas reglas para revocaci\u00f3n de mandato y elecci\u00f3n judicial de 2028"},"content":{"rendered":"\n<p class=\"wp-block-paragraph\"><strong>Con 26 votos a favor y ocho en contra, el Congreso estatal aval\u00f3 reformas a las leyes de Revocaci\u00f3n de Mandato y Electoral para armonizarlas con la Constituci\u00f3n local y establecer nuevas reglas para los procesos electorales de 2028.<\/strong><\/p>\n\n\n\n<p class=\"wp-block-paragraph\"><strong>TABASCO.-<\/strong> Con <strong>26 votos a favor y ocho en contra<\/strong>, el Congreso del Estado aprob\u00f3 un dictamen que reforma y adiciona diversas disposiciones de la <strong>Ley de Revocaci\u00f3n de Mandato del Estado de Tabasco<\/strong> y de la <strong>Ley Electoral y de Partidos Pol\u00edticos del Estado de Tabasco<\/strong>, con el prop\u00f3sito de armonizarlas con las recientes modificaciones a la Constituci\u00f3n Pol\u00edtica estatal.<\/p>\n\n\n\n<p class=\"wp-block-paragraph\">Las reformas buscan actualizar el marco jur\u00eddico que regir\u00e1 los procesos electorales, particularmente de cara a la <strong>elecci\u00f3n judicial prevista para 2028<\/strong>, adem\u00e1s de establecer reglas espec\u00edficas para la eventual revocaci\u00f3n de mandato de quien ocupe la gubernatura del estado.<\/p>\n\n\n\n<p class=\"wp-block-paragraph\">Uno de los cambios de mayor relevancia para la ciudadan\u00eda establece que la <strong>revocaci\u00f3n de mandato del gobernador o gobernadora se realizar\u00e1 una sola ocasi\u00f3n<\/strong>, el primer domingo de junio del cuarto a\u00f1o del periodo constitucional y de manera coincidente con las jornadas electorales federales o locales.<\/p>\n\n\n\n<p class=\"wp-block-paragraph\">Para ello, el Congreso del Estado deber\u00e1 emitir previamente la convocatoria correspondiente, a m\u00e1s tardar el <strong>30 de abril del a\u00f1o anterior a la elecci\u00f3n<\/strong>, con lo que se fija un plazo espec\u00edfico para dar inicio formal al procedimiento.<\/p>\n\n\n\n<figure class=\"wp-block-image size-large\"><img loading=\"lazy\" decoding=\"async\" width=\"1024\" height=\"683\" src=\"https:\/\/reporterosdelsur.org\/diario\/wp-content\/uploads\/2026\/09\/Congreso-1024x683.jpg\" alt=\"\" class=\"wp-image-58759\" srcset=\"https:\/\/reporterosdelsur.org\/diario\/wp-content\/uploads\/2026\/09\/Congreso-1024x683.jpg 1024w, https:\/\/reporterosdelsur.org\/diario\/wp-content\/uploads\/2026\/09\/Congreso-300x200.jpg 300w, https:\/\/reporterosdelsur.org\/diario\/wp-content\/uploads\/2026\/09\/Congreso-768x512.jpg 768w, https:\/\/reporterosdelsur.org\/diario\/wp-content\/uploads\/2026\/09\/Congreso-1536x1024.jpg 1536w, https:\/\/reporterosdelsur.org\/diario\/wp-content\/uploads\/2026\/09\/Congreso-1200x800.jpg 1200w, https:\/\/reporterosdelsur.org\/diario\/wp-content\/uploads\/2026\/09\/Congreso-465x310.jpg 465w, https:\/\/reporterosdelsur.org\/diario\/wp-content\/uploads\/2026\/09\/Congreso-695x463.jpg 695w, https:\/\/reporterosdelsur.org\/diario\/wp-content\/uploads\/2026\/09\/Congreso.jpg 2048w\" sizes=\"auto, (max-width: 1024px) 100vw, 1024px\" \/><\/figure>\n\n\n\n<h3 class=\"wp-block-heading\">Nuevas reglas para personas juzgadoras<\/h3>\n\n\n\n<p class=\"wp-block-paragraph\">El dictamen tambi\u00e9n establece disposiciones para las personas juzgadoras que pretendan competir por un cargo de elecci\u00f3n popular distinto al que actualmente ocupan.<\/p>\n\n\n\n<p class=\"wp-block-paragraph\">De acuerdo con las nuevas reglas, quienes aspiren a otro cargo deber\u00e1n <strong>separarse mediante renuncia expresa e irrevocable antes de su registro<\/strong> en el proceso electoral correspondiente y comunicar dicha decisi\u00f3n al \u00d3rgano de Administraci\u00f3n Judicial.<\/p>\n\n\n\n<p class=\"wp-block-paragraph\">La medida busca establecer condiciones claras respecto a la participaci\u00f3n de integrantes del Poder Judicial en otros procesos de elecci\u00f3n y evitar incertidumbre sobre su situaci\u00f3n laboral y jur\u00eddica durante la contienda.<\/p>\n\n\n\n<p class=\"wp-block-paragraph\">Otro de los puntos contemplados es la creaci\u00f3n de <strong>Comit\u00e9s de Evaluaci\u00f3n en cada uno de los Poderes<\/strong>, los cuales tendr\u00e1n entre sus responsabilidades analizar los perfiles de las personas aspirantes y determinar qui\u00e9nes cuentan con las condiciones de idoneidad para desempe\u00f1ar los cargos a los que pretendan acceder.<\/p>\n\n\n\n<figure class=\"wp-block-image size-large\"><img loading=\"lazy\" decoding=\"async\" width=\"1024\" height=\"683\" src=\"https:\/\/reporterosdelsur.org\/diario\/wp-content\/uploads\/2026\/09\/Congreso-2-1024x683.jpg\" alt=\"\" class=\"wp-image-58760\" srcset=\"https:\/\/reporterosdelsur.org\/diario\/wp-content\/uploads\/2026\/09\/Congreso-2-1024x683.jpg 1024w, https:\/\/reporterosdelsur.org\/diario\/wp-content\/uploads\/2026\/09\/Congreso-2-300x200.jpg 300w, https:\/\/reporterosdelsur.org\/diario\/wp-content\/uploads\/2026\/09\/Congreso-2-768x512.jpg 768w, https:\/\/reporterosdelsur.org\/diario\/wp-content\/uploads\/2026\/09\/Congreso-2-1536x1024.jpg 1536w, https:\/\/reporterosdelsur.org\/diario\/wp-content\/uploads\/2026\/09\/Congreso-2-1200x800.jpg 1200w, https:\/\/reporterosdelsur.org\/diario\/wp-content\/uploads\/2026\/09\/Congreso-2-465x310.jpg 465w, https:\/\/reporterosdelsur.org\/diario\/wp-content\/uploads\/2026\/09\/Congreso-2-695x463.jpg 695w, https:\/\/reporterosdelsur.org\/diario\/wp-content\/uploads\/2026\/09\/Congreso-2.jpg 2048w\" sizes=\"auto, (max-width: 1024px) 100vw, 1024px\" \/><\/figure>\n\n\n\n<h3 class=\"wp-block-heading\">Debate entre legisladores<\/h3>\n\n\n\n<p class=\"wp-block-paragraph\">Durante la discusi\u00f3n en el Pleno tambi\u00e9n se registraron posiciones encontradas entre las fuerzas pol\u00edticas.<\/p>\n\n\n\n<p class=\"wp-block-paragraph\">La legisladora del <strong>PRD Tabasco, Orqu\u00eddea L\u00f3pez Yzquierdo<\/strong>, present\u00f3 una moci\u00f3n suspensiva con la intenci\u00f3n de detener temporalmente la discusi\u00f3n del dictamen. Sin embargo, la propuesta fue rechazada por la mayor\u00eda de los legisladores.<\/p>\n\n\n\n<p class=\"wp-block-paragraph\">En defensa del dictamen, el diputado de Morena, <strong>Manuel Gurr\u00eda Res\u00e9ndez<\/strong>, sostuvo que las modificaciones aprobadas permitir\u00e1n brindar mayor certeza al procedimiento, al establecer reglas claras para su aplicaci\u00f3n.<\/p>\n\n\n\n<p class=\"wp-block-paragraph\">\u201cCon lo que se aprob\u00f3 se da certeza a este procedimiento con reglas claras\u201d, se\u00f1al\u00f3 el legislador durante la discusi\u00f3n.<\/p>\n\n\n\n<h3 class=\"wp-block-heading\">Impacto en la participaci\u00f3n ciudadana<\/h3>\n\n\n\n<p class=\"wp-block-paragraph\">Las modificaciones aprobadas tendr\u00e1n efectos en la manera en que se desarrollar\u00e1n futuros procesos democr\u00e1ticos en Tabasco, al definir desde ahora aspectos relacionados con la revocaci\u00f3n de mandato y la selecci\u00f3n de candidaturas para la renovaci\u00f3n de cargos judiciales.<\/p>\n\n\n\n<p class=\"wp-block-paragraph\">Para la ciudadan\u00eda, uno de los principales cambios ser\u00e1 contar con un calendario y reglas previamente establecidos para la eventual consulta de revocaci\u00f3n de mandato de la gubernatura, mientras que para quienes aspiren a cargos judiciales o busquen competir por otros puestos de elecci\u00f3n se fijan nuevos requisitos y mecanismos de evaluaci\u00f3n.<\/p>\n\n\n\n<p class=\"wp-block-paragraph\">El dictamen representa as\u00ed un nuevo ajuste al marco electoral de Tabasco, en preparaci\u00f3n para un escenario pol\u00edtico que tendr\u00e1 como uno de sus principales momentos la <strong>elecci\u00f3n judicial de 2028<\/strong>, proceso en el que los mecanismos de evaluaci\u00f3n y selecci\u00f3n de candidaturas tendr\u00e1n un papel central. <\/p>\n\n\n\n<p class=\"wp-block-paragraph\">Por otro parte, rindi\u00f3 protesta la Diputada Claudia Marcela V\u00e9lez Lanzcomo presidenta electa de la Mesa Directiva, junto con las y los dem\u00e1s integrantes que conformar\u00e1n este \u00f3rgano legislativo.<\/p>\n","protected":false},"excerpt":{"rendered":"<p>Con 26 votos a favor y ocho en contra, el Congreso estatal aval\u00f3 reformas a las leyes de Revocaci\u00f3n de Mandato y Electoral para armonizarlas con la Constituci\u00f3n local y establecer nuevas reglas para los procesos electorales de 2028. TABASCO.- Con 26 votos a favor y ocho en contra, el<span class=\"more-link theme-more-link\"><a href=\"https:\/\/reporterosdelsur.org\/diario\/2026\/09\/congreso-de-tabasco-aprueba-nuevas-reglas-para-revocacion-de-mandato-y-eleccion-judicial-de-2028\/\">Leer Nota Complete<\/a><\/span><\/p>\n","protected":false},"author":1,"featured_media":58759,"comment_status":"open","ping_status":"open","sticky":false,"template":"","format":"standard","meta":{"footnotes":"","jetpack_publicize_message":"","jetpack_publicize_feature_enabled":true,"jetpack_social_post_already_shared":true,"jetpack_social_options":{"image_generator_settings":{"template":"highway","default_image_id":0,"font":"","enabled":false},"version":2}},"categories":[6,2],"tags":[667,242,38,333,35],"class_list":["entry","author-admin","post-58758","post","type-post","status-publish","format-standard","has-post-thumbnail","category-destacado","category-tabasco","tag-congreso-local","tag-diputados","tag-noticias","tag-seguridad","tag-tabasco"],"jetpack_publicize_connections":[],"featured_image_urls":{"full":["https:\/\/reporterosdelsur.org\/diario\/wp-content\/uploads\/2026\/09\/Congreso.jpg",2048,1365,false],"thumbnail":["https:\/\/reporterosdelsur.org\/diario\/wp-content\/uploads\/2026\/09\/Congreso-150x150.jpg",150,150,true],"medium":["https:\/\/reporterosdelsur.org\/diario\/wp-content\/uploads\/2026\/09\/Congreso-300x200.jpg",300,200,true],"medium_large":["https:\/\/reporterosdelsur.org\/diario\/wp-content\/uploads\/2026\/09\/Congreso-768x512.jpg",768,512,true],"large":["https:\/\/reporterosdelsur.org\/diario\/wp-content\/uploads\/2026\/09\/Congreso-1024x683.jpg",1024,683,true],"1536x1536":["https:\/\/reporterosdelsur.org\/diario\/wp-content\/uploads\/2026\/09\/Congreso-1536x1024.jpg",1536,1024,true],"2048x2048":["https:\/\/reporterosdelsur.org\/diario\/wp-content\/uploads\/2026\/09\/Congreso.jpg",2048,1365,false],"ultp_layout_landscape_large":["https:\/\/reporterosdelsur.org\/diario\/wp-content\/uploads\/2026\/09\/Congreso-1200x800.jpg",1200,800,true],"ultp_layout_landscape":["https:\/\/reporterosdelsur.org\/diario\/wp-content\/uploads\/2026\/09\/Congreso-870x570.jpg",870,570,true],"ultp_layout_portrait":["https:\/\/reporterosdelsur.org\/diario\/wp-content\/uploads\/2026\/09\/Congreso-600x900.jpg",600,900,true],"ultp_layout_square":["https:\/\/reporterosdelsur.org\/diario\/wp-content\/uploads\/2026\/09\/Congreso-600x600.jpg",600,600,true],"hoot-medium-thumb":["https:\/\/reporterosdelsur.org\/diario\/wp-content\/uploads\/2026\/09\/Congreso-460x400.jpg",460,400,true],"hoot-preview":["https:\/\/reporterosdelsur.org\/diario\/wp-content\/uploads\/2026\/09\/Congreso-465x310.jpg",465,310,true],"hoot-preview-thumb":["https:\/\/reporterosdelsur.org\/diario\/wp-content\/uploads\/2026\/09\/Congreso-465x550.jpg",465,550,true],"hoot-large-thumb":["https:\/\/reporterosdelsur.org\/diario\/wp-content\/uploads\/2026\/09\/Congreso-690x550.jpg",690,550,true],"hoot-preview-large":["https:\/\/reporterosdelsur.org\/diario\/wp-content\/uploads\/2026\/09\/Congreso-695x463.jpg",695,463,true],"hoot-wide-thumb":["https:\/\/reporterosdelsur.org\/diario\/wp-content\/uploads\/2026\/09\/Congreso-920x425.jpg",920,425,true],"hoot-extra-wide-thumb":["https:\/\/reporterosdelsur.org\/diario\/wp-content\/uploads\/2026\/09\/Congreso-1035x425.jpg",1035,425,true]},"author_info":{"display_name":"Reporteros del Sur","author_link":"https:\/\/reporterosdelsur.org\/diario\/author\/admin\/"},"category_info":"<a href=\"https:\/\/reporterosdelsur.org\/diario\/category\/destacado\/\" rel=\"category tag\">Destacado<\/a> <a href=\"https:\/\/reporterosdelsur.org\/diario\/category\/tabasco\/\" rel=\"category tag\">Tabasco<\/a>","tag_info":"Tabasco","comment_count":"0","_links":{"self":[{"href":"https:\/\/reporterosdelsur.org\/diario\/wp-json\/wp\/v2\/posts\/58758","targetHints":{"allow":["GET"]}}],"collection":[{"href":"https:\/\/reporterosdelsur.org\/diario\/wp-json\/wp\/v2\/posts"}],"about":[{"href":"https:\/\/reporterosdelsur.org\/diario\/wp-json\/wp\/v2\/types\/post"}],"author":[{"embeddable":true,"href":"https:\/\/reporterosdelsur.org\/diario\/wp-json\/wp\/v2\/users\/1"}],"replies":[{"embeddable":true,"href":"https:\/\/reporterosdelsur.org\/diario\/wp-json\/wp\/v2\/comments?post=58758"}],"version-history":[{"count":1,"href":"https:\/\/reporterosdelsur.org\/diario\/wp-json\/wp\/v2\/posts\/58758\/revisions"}],"predecessor-version":[{"id":58761,"href":"https:\/\/reporterosdelsur.org\/diario\/wp-json\/wp\/v2\/posts\/58758\/revisions\/58761"}],"wp:featuredmedia":[{"embeddable":true,"href":"https:\/\/reporterosdelsur.org\/diario\/wp-json\/wp\/v2\/media\/58759"}],"wp:attachment":[{"href":"https:\/\/reporterosdelsur.org\/diario\/wp-json\/wp\/v2\/media?parent=58758"}],"wp:term":[{"taxonomy":"category","embeddable":true,"href":"https:\/\/reporterosdelsur.org\/diario\/wp-json\/wp\/v2\/categories?post=58758"},{"taxonomy":"post_tag","embeddable":true,"href":"https:\/\/reporterosdelsur.org\/diario\/wp-json\/wp\/v2\/tags?post=58758"}],"curies":[{"name":"wp","href":"https:\/\/api.w.org\/{rel}","templated":true}]}}