{"id":58752,"date":"2026-09-01T17:45:08","date_gmt":"2026-09-01T23:45:08","guid":{"rendered":"https:\/\/reporterosdelsur.org\/diario\/?p=58752"},"modified":"2026-09-01T19:12:13","modified_gmt":"2026-09-02T01:12:13","slug":"entregan-titulos-de-propiedad-a-familias-de-los-rios-y-fortalecen-certeza-juridica-sobre-su-patrimonio","status":"publish","type":"post","link":"https:\/\/reporterosdelsur.org\/diario\/2026\/09\/entregan-titulos-de-propiedad-a-familias-de-los-rios-y-fortalecen-certeza-juridica-sobre-su-patrimonio\/","title":{"rendered":"Entregan t\u00edtulos de propiedad a familias de Los R\u00edos y fortalecen certeza jur\u00eddica sobre su patrimonio"},"content":{"rendered":"\n<p class=\"wp-block-paragraph\"><strong>El Gobierno del Pueblo, a trav\u00e9s de la CERTT, entreg\u00f3 nueve t\u00edtulos de propiedad a familias de las colonias Constituci\u00f3n y La Esperanza, como parte de las acciones para regularizar la tenencia de la tierra en Tabasco.<\/strong><\/p>\n\n\n\n<p class=\"wp-block-paragraph\"><strong>TABASCO.- <\/strong>En un paso importante para brindar seguridad patrimonial a familias de la regi\u00f3n de Los R\u00edos, el Gobierno del Pueblo, a trav\u00e9s de la Coordinaci\u00f3n Estatal para la Regularizaci\u00f3n de la Tenencia de la Tierra (CERTT), entreg\u00f3 nueve t\u00edtulos de propiedad a habitantes del municipio.<\/p>\n\n\n\n<p class=\"wp-block-paragraph\">Los documentos oficiales representan para las familias beneficiadas la certeza jur\u00eddica sobre los predios donde se encuentran sus viviendas, adem\u00e1s de constituir una protecci\u00f3n para su patrimonio y el futuro de sus hijas e hijos.<\/p>\n\n\n\n<figure class=\"wp-block-image size-large\"><img loading=\"lazy\" decoding=\"async\" width=\"1024\" height=\"683\" src=\"https:\/\/reporterosdelsur.org\/diario\/wp-content\/uploads\/2026\/09\/Tenosique-3-1024x683.jpeg\" alt=\"\" class=\"wp-image-58754\" srcset=\"https:\/\/reporterosdelsur.org\/diario\/wp-content\/uploads\/2026\/09\/Tenosique-3-1024x683.jpeg 1024w, https:\/\/reporterosdelsur.org\/diario\/wp-content\/uploads\/2026\/09\/Tenosique-3-300x200.jpeg 300w, https:\/\/reporterosdelsur.org\/diario\/wp-content\/uploads\/2026\/09\/Tenosique-3-768x512.jpeg 768w, https:\/\/reporterosdelsur.org\/diario\/wp-content\/uploads\/2026\/09\/Tenosique-3-1200x800.jpeg 1200w, https:\/\/reporterosdelsur.org\/diario\/wp-content\/uploads\/2026\/09\/Tenosique-3-465x310.jpeg 465w, https:\/\/reporterosdelsur.org\/diario\/wp-content\/uploads\/2026\/09\/Tenosique-3-695x464.jpeg 695w, https:\/\/reporterosdelsur.org\/diario\/wp-content\/uploads\/2026\/09\/Tenosique-3.jpeg 1280w\" sizes=\"auto, (max-width: 1024px) 100vw, 1024px\" \/><\/figure>\n\n\n\n<p class=\"wp-block-paragraph\">La acci\u00f3n forma parte de las estrategias impulsadas por la administraci\u00f3n estatal encabezada por el gobernador Javier May Rodr\u00edguez para atender una problem\u00e1tica que durante a\u00f1os mantuvo a numerosas familias a la espera de la regularizaci\u00f3n definitiva de sus terrenos.<\/p>\n\n\n\n<p class=\"wp-block-paragraph\">Los t\u00edtulos fueron entregados a habitantes de las colonias <strong>Constituci\u00f3n<\/strong> y <strong>La Esperanza<\/strong>, quienes ahora cuentan con documentos que los acreditan legalmente como propietarios de sus respectivos predios.<\/p>\n\n\n\n<p class=\"wp-block-paragraph\">La ceremonia fue encabezada por <strong>Ismael Cerecedo V\u00e1zquez<\/strong>, titular de la CERTT, y la presidenta municipal <strong>Sandra Beatriz Hern\u00e1ndez Jim\u00e9nez<\/strong>, quienes destacaron la importancia de acercar los servicios gubernamentales directamente a las comunidades.<\/p>\n\n\n\n<figure class=\"wp-block-image size-large\"><img loading=\"lazy\" decoding=\"async\" width=\"1024\" height=\"683\" src=\"https:\/\/reporterosdelsur.org\/diario\/wp-content\/uploads\/2026\/09\/Tenosique-5-1024x683.jpeg\" alt=\"\" class=\"wp-image-58755\" srcset=\"https:\/\/reporterosdelsur.org\/diario\/wp-content\/uploads\/2026\/09\/Tenosique-5-1024x683.jpeg 1024w, https:\/\/reporterosdelsur.org\/diario\/wp-content\/uploads\/2026\/09\/Tenosique-5-300x200.jpeg 300w, https:\/\/reporterosdelsur.org\/diario\/wp-content\/uploads\/2026\/09\/Tenosique-5-768x512.jpeg 768w, https:\/\/reporterosdelsur.org\/diario\/wp-content\/uploads\/2026\/09\/Tenosique-5-1200x800.jpeg 1200w, https:\/\/reporterosdelsur.org\/diario\/wp-content\/uploads\/2026\/09\/Tenosique-5-465x310.jpeg 465w, https:\/\/reporterosdelsur.org\/diario\/wp-content\/uploads\/2026\/09\/Tenosique-5-695x464.jpeg 695w, https:\/\/reporterosdelsur.org\/diario\/wp-content\/uploads\/2026\/09\/Tenosique-5.jpeg 1280w\" sizes=\"auto, (max-width: 1024px) 100vw, 1024px\" \/><\/figure>\n\n\n\n<p class=\"wp-block-paragraph\">Durante el acto se resalt\u00f3 que facilitar estos tr\u00e1mites en los municipios permite reducir gastos y evitar que las familias tengan que trasladarse hasta Villahermosa para realizar gestiones relacionadas con la regularizaci\u00f3n de sus propiedades.<\/p>\n\n\n\n<h3 class=\"wp-block-heading\">Seguridad patrimonial para las familias<\/h3>\n\n\n\n<p class=\"wp-block-paragraph\">La regularizaci\u00f3n de la tenencia de la tierra no solo representa la obtenci\u00f3n de un documento, sino tambi\u00e9n una herramienta para brindar mayor estabilidad a las familias, al permitirles contar con certeza sobre la propiedad que habitan y fortalecer las condiciones para preservar su patrimonio.<\/p>\n\n\n\n<p class=\"wp-block-paragraph\">En este sentido, la entrega de los nueve t\u00edtulos constituye un avance para personas que durante a\u00f1os enfrentaron la incertidumbre jur\u00eddica respecto de sus terrenos.<\/p>\n\n\n\n<figure class=\"wp-block-image size-large\"><img loading=\"lazy\" decoding=\"async\" width=\"1024\" height=\"683\" src=\"https:\/\/reporterosdelsur.org\/diario\/wp-content\/uploads\/2026\/09\/Tenosique-2-1024x683.jpeg\" alt=\"\" class=\"wp-image-58756\" srcset=\"https:\/\/reporterosdelsur.org\/diario\/wp-content\/uploads\/2026\/09\/Tenosique-2-1024x683.jpeg 1024w, https:\/\/reporterosdelsur.org\/diario\/wp-content\/uploads\/2026\/09\/Tenosique-2-300x200.jpeg 300w, https:\/\/reporterosdelsur.org\/diario\/wp-content\/uploads\/2026\/09\/Tenosique-2-768x512.jpeg 768w, https:\/\/reporterosdelsur.org\/diario\/wp-content\/uploads\/2026\/09\/Tenosique-2-1200x800.jpeg 1200w, https:\/\/reporterosdelsur.org\/diario\/wp-content\/uploads\/2026\/09\/Tenosique-2-465x310.jpeg 465w, https:\/\/reporterosdelsur.org\/diario\/wp-content\/uploads\/2026\/09\/Tenosique-2-695x464.jpeg 695w, https:\/\/reporterosdelsur.org\/diario\/wp-content\/uploads\/2026\/09\/Tenosique-2.jpeg 1280w\" sizes=\"auto, (max-width: 1024px) 100vw, 1024px\" \/><\/figure>\n\n\n\n<p class=\"wp-block-paragraph\">La CERTT y el Ayuntamiento refrendaron su disposici\u00f3n para mantener el trabajo coordinado y atender directamente las necesidades de la poblaci\u00f3n, particularmente de quienes habitan en comunidades y sectores que hist\u00f3ricamente han enfrentado mayores dificultades para acceder a este tipo de tr\u00e1mites.<\/p>\n\n\n\n<h3 class=\"wp-block-heading\">Coordinaci\u00f3n institucional<\/h3>\n\n\n\n<p class=\"wp-block-paragraph\">El Gobierno del Estado y la administraci\u00f3n municipal destacaron que la coordinaci\u00f3n entre ambas instancias permite avanzar en la atenci\u00f3n de demandas sociales y llevar los servicios p\u00fablicos a las comunidades, bajo una estrategia de trabajo cercano a la poblaci\u00f3n.<\/p>\n\n\n\n<p class=\"wp-block-paragraph\">Con acciones de regularizaci\u00f3n como \u00e9sta, la administraci\u00f3n estatal busca contribuir a la estabilidad social y al fortalecimiento del patrimonio familiar en la regi\u00f3n de Los R\u00edos, al tiempo que se avanza en la soluci\u00f3n de rezagos relacionados con la tenencia de la tierra.<\/p>\n\n\n\n<p class=\"wp-block-paragraph\">Para las familias beneficiadas, la entrega de sus t\u00edtulos representa la culminaci\u00f3n de un proceso que les permite mirar hacia el futuro con mayor tranquilidad, al contar finalmente con respaldo legal sobre el lugar que consideran su hogar y parte fundamental de su patrimonio.<\/p>\n","protected":false},"excerpt":{"rendered":"<p>El Gobierno del Pueblo, a trav\u00e9s de la CERTT, entreg\u00f3 nueve t\u00edtulos de propiedad a familias de las colonias Constituci\u00f3n y La Esperanza, como parte de las acciones para regularizar la tenencia de la tierra en Tabasco. TABASCO.- En un paso importante para brindar seguridad patrimonial a familias de la<span class=\"more-link theme-more-link\"><a href=\"https:\/\/reporterosdelsur.org\/diario\/2026\/09\/entregan-titulos-de-propiedad-a-familias-de-los-rios-y-fortalecen-certeza-juridica-sobre-su-patrimonio\/\">Leer Nota Complete<\/a><\/span><\/p>\n","protected":false},"author":1,"featured_media":58753,"comment_status":"open","ping_status":"open","sticky":false,"template":"","format":"standard","meta":{"footnotes":"","jetpack_publicize_message":"","jetpack_publicize_feature_enabled":true,"jetpack_social_post_already_shared":true,"jetpack_social_options":{"image_generator_settings":{"template":"highway","default_image_id":0,"font":"","enabled":false},"version":2}},"categories":[6,2],"tags":[736,418,177,38,348,640,333],"class_list":["entry","author-admin","post-58752","post","type-post","status-publish","format-standard","has-post-thumbnail","category-destacado","category-tabasco","tag-audiencia-publica","tag-gobierno-de-tabasco","tag-javier-may-rodriguez","tag-noticias","tag-obras-publicas","tag-obras-sociales","tag-seguridad"],"jetpack_publicize_connections":[],"featured_image_urls":{"full":["https:\/\/reporterosdelsur.org\/diario\/wp-content\/uploads\/2026\/09\/Tenosique-6.jpeg",1280,854,false],"thumbnail":["https:\/\/reporterosdelsur.org\/diario\/wp-content\/uploads\/2026\/09\/Tenosique-6-150x150.jpeg",150,150,true],"medium":["https:\/\/reporterosdelsur.org\/diario\/wp-content\/uploads\/2026\/09\/Tenosique-6-300x200.jpeg",300,200,true],"medium_large":["https:\/\/reporterosdelsur.org\/diario\/wp-content\/uploads\/2026\/09\/Tenosique-6-768x512.jpeg",768,512,true],"large":["https:\/\/reporterosdelsur.org\/diario\/wp-content\/uploads\/2026\/09\/Tenosique-6-1024x683.jpeg",1024,683,true],"1536x1536":["https:\/\/reporterosdelsur.org\/diario\/wp-content\/uploads\/2026\/09\/Tenosique-6.jpeg",1280,854,false],"2048x2048":["https:\/\/reporterosdelsur.org\/diario\/wp-content\/uploads\/2026\/09\/Tenosique-6.jpeg",1280,854,false],"ultp_layout_landscape_large":["https:\/\/reporterosdelsur.org\/diario\/wp-content\/uploads\/2026\/09\/Tenosique-6-1200x800.jpeg",1200,800,true],"ultp_layout_landscape":["https:\/\/reporterosdelsur.org\/diario\/wp-content\/uploads\/2026\/09\/Tenosique-6-870x570.jpeg",870,570,true],"ultp_layout_portrait":["https:\/\/reporterosdelsur.org\/diario\/wp-content\/uploads\/2026\/09\/Tenosique-6-600x854.jpeg",600,854,true],"ultp_layout_square":["https:\/\/reporterosdelsur.org\/diario\/wp-content\/uploads\/2026\/09\/Tenosique-6-600x600.jpeg",600,600,true],"hoot-medium-thumb":["https:\/\/reporterosdelsur.org\/diario\/wp-content\/uploads\/2026\/09\/Tenosique-6-460x400.jpeg",460,400,true],"hoot-preview":["https:\/\/reporterosdelsur.org\/diario\/wp-content\/uploads\/2026\/09\/Tenosique-6-465x310.jpeg",465,310,true],"hoot-preview-thumb":["https:\/\/reporterosdelsur.org\/diario\/wp-content\/uploads\/2026\/09\/Tenosique-6-465x550.jpeg",465,550,true],"hoot-large-thumb":["https:\/\/reporterosdelsur.org\/diario\/wp-content\/uploads\/2026\/09\/Tenosique-6-690x550.jpeg",690,550,true],"hoot-preview-large":["https:\/\/reporterosdelsur.org\/diario\/wp-content\/uploads\/2026\/09\/Tenosique-6-695x464.jpeg",695,464,true],"hoot-wide-thumb":["https:\/\/reporterosdelsur.org\/diario\/wp-content\/uploads\/2026\/09\/Tenosique-6-920x425.jpeg",920,425,true],"hoot-extra-wide-thumb":["https:\/\/reporterosdelsur.org\/diario\/wp-content\/uploads\/2026\/09\/Tenosique-6-1035x425.jpeg",1035,425,true]},"author_info":{"display_name":"Reporteros del Sur","author_link":"https:\/\/reporterosdelsur.org\/diario\/author\/admin\/"},"category_info":"<a href=\"https:\/\/reporterosdelsur.org\/diario\/category\/destacado\/\" rel=\"category tag\">Destacado<\/a> <a href=\"https:\/\/reporterosdelsur.org\/diario\/category\/tabasco\/\" rel=\"category tag\">Tabasco<\/a>","tag_info":"Tabasco","comment_count":"0","_links":{"self":[{"href":"https:\/\/reporterosdelsur.org\/diario\/wp-json\/wp\/v2\/posts\/58752","targetHints":{"allow":["GET"]}}],"collection":[{"href":"https:\/\/reporterosdelsur.org\/diario\/wp-json\/wp\/v2\/posts"}],"about":[{"href":"https:\/\/reporterosdelsur.org\/diario\/wp-json\/wp\/v2\/types\/post"}],"author":[{"embeddable":true,"href":"https:\/\/reporterosdelsur.org\/diario\/wp-json\/wp\/v2\/users\/1"}],"replies":[{"embeddable":true,"href":"https:\/\/reporterosdelsur.org\/diario\/wp-json\/wp\/v2\/comments?post=58752"}],"version-history":[{"count":1,"href":"https:\/\/reporterosdelsur.org\/diario\/wp-json\/wp\/v2\/posts\/58752\/revisions"}],"predecessor-version":[{"id":58757,"href":"https:\/\/reporterosdelsur.org\/diario\/wp-json\/wp\/v2\/posts\/58752\/revisions\/58757"}],"wp:featuredmedia":[{"embeddable":true,"href":"https:\/\/reporterosdelsur.org\/diario\/wp-json\/wp\/v2\/media\/58753"}],"wp:attachment":[{"href":"https:\/\/reporterosdelsur.org\/diario\/wp-json\/wp\/v2\/media?parent=58752"}],"wp:term":[{"taxonomy":"category","embeddable":true,"href":"https:\/\/reporterosdelsur.org\/diario\/wp-json\/wp\/v2\/categories?post=58752"},{"taxonomy":"post_tag","embeddable":true,"href":"https:\/\/reporterosdelsur.org\/diario\/wp-json\/wp\/v2\/tags?post=58752"}],"curies":[{"name":"wp","href":"https:\/\/api.w.org\/{rel}","templated":true}]}}