{"id":58741,"date":"2026-09-01T16:59:21","date_gmt":"2026-09-01T22:59:21","guid":{"rendered":"https:\/\/reporterosdelsur.org\/diario\/?p=58741"},"modified":"2026-09-01T16:59:24","modified_gmt":"2026-09-01T22:59:24","slug":"dictan-hasta-15-anos-de-prision-por-homicidios-en-tenosique-y-macuspana","status":"publish","type":"post","link":"https:\/\/reporterosdelsur.org\/diario\/2026\/09\/dictan-hasta-15-anos-de-prision-por-homicidios-en-tenosique-y-macuspana\/","title":{"rendered":"Dictan hasta 15 a\u00f1os de prisi\u00f3n por homicidios en Tenosique y Macuspana"},"content":{"rendered":"\n<p class=\"wp-block-paragraph\"><strong>La Fiscal\u00eda General del Estado de Tabasco obtuvo tres sentencias condenatorias por delitos de homicidio, con penas que van de 5 a\u00f1os 4 meses a 15 a\u00f1os de prisi\u00f3n, adem\u00e1s de la reparaci\u00f3n del da\u00f1o.<\/strong><\/p>\n\n\n\n<p class=\"wp-block-paragraph\"><strong>TABASCO.\u2014<\/strong> La Fiscal\u00eda General del Estado de Tabasco (FGET) inform\u00f3 la obtenci\u00f3n de tres sentencias condenatorias contra cinco personas por su probable responsabilidad en distintos casos de homicidio registrados en los municipios de Tenosique y Macuspana.<\/p>\n\n\n\n<p class=\"wp-block-paragraph\">La autoridad ministerial se\u00f1al\u00f3 que estos resultados forman parte de su compromiso de llevar ante la justicia a quienes sean considerados probables responsables de hechos delictivos, particularmente aquellos relacionados con ataques contra la vida de las personas.<\/p>\n\n\n\n<figure class=\"wp-block-image size-large\"><img loading=\"lazy\" decoding=\"async\" width=\"1024\" height=\"1024\" src=\"https:\/\/reporterosdelsur.org\/diario\/wp-content\/uploads\/2026\/09\/FGE-3-1024x1024.jpeg\" alt=\"\" class=\"wp-image-58743\" srcset=\"https:\/\/reporterosdelsur.org\/diario\/wp-content\/uploads\/2026\/09\/FGE-3-1024x1024.jpeg 1024w, https:\/\/reporterosdelsur.org\/diario\/wp-content\/uploads\/2026\/09\/FGE-3-300x300.jpeg 300w, https:\/\/reporterosdelsur.org\/diario\/wp-content\/uploads\/2026\/09\/FGE-3-150x150.jpeg 150w, https:\/\/reporterosdelsur.org\/diario\/wp-content\/uploads\/2026\/09\/FGE-3-768x768.jpeg 768w, https:\/\/reporterosdelsur.org\/diario\/wp-content\/uploads\/2026\/09\/FGE-3-1536x1536.jpeg 1536w, https:\/\/reporterosdelsur.org\/diario\/wp-content\/uploads\/2026\/09\/FGE-3-600x600.jpeg 600w, https:\/\/reporterosdelsur.org\/diario\/wp-content\/uploads\/2026\/09\/FGE-3-465x465.jpeg 465w, https:\/\/reporterosdelsur.org\/diario\/wp-content\/uploads\/2026\/09\/FGE-3-500x500.jpeg 500w, https:\/\/reporterosdelsur.org\/diario\/wp-content\/uploads\/2026\/09\/FGE-3.jpeg 1600w\" sizes=\"auto, (max-width: 1024px) 100vw, 1024px\" \/><\/figure>\n\n\n\n<p class=\"wp-block-paragraph\">En el primer caso, mediante un procedimiento abreviado, un Juez de Control dict\u00f3 sentencia condenatoria contra Rodrigo \u201cN\u201d, imponi\u00e9ndole una pena de <strong>15 a\u00f1os de prisi\u00f3n<\/strong>, adem\u00e1s del pago por concepto de reparaci\u00f3n del da\u00f1o.<\/p>\n\n\n\n<p class=\"wp-block-paragraph\">La sentencia corresponde al delito de <strong>homicidio calificado<\/strong>, ocurrido en junio de 2025 en el municipio de Tenosique.<\/p>\n\n\n\n<p class=\"wp-block-paragraph\">En otro caso, relacionado tambi\u00e9n con un homicidio calificado, pero cometido bajo la figura de <strong>autor\u00eda indeterminada<\/strong>, la autoridad jurisdiccional dict\u00f3 sentencia condenatoria contra \u00c1ngel Gabriel \u201cN\u201d y\/o Gabriel \u201cN\u201d.<\/p>\n\n\n\n<p class=\"wp-block-paragraph\">De acuerdo con la FGET, el fallo establece una pena de <strong>13 a\u00f1os y cuatro meses de prisi\u00f3n<\/strong>, adem\u00e1s de la reparaci\u00f3n del da\u00f1o.<\/p>\n\n\n\n<figure class=\"wp-block-image size-large\"><img loading=\"lazy\" decoding=\"async\" width=\"1024\" height=\"1024\" src=\"https:\/\/reporterosdelsur.org\/diario\/wp-content\/uploads\/2026\/09\/FGE-1-1024x1024.jpeg\" alt=\"\" class=\"wp-image-58744\" srcset=\"https:\/\/reporterosdelsur.org\/diario\/wp-content\/uploads\/2026\/09\/FGE-1-1024x1024.jpeg 1024w, https:\/\/reporterosdelsur.org\/diario\/wp-content\/uploads\/2026\/09\/FGE-1-300x300.jpeg 300w, https:\/\/reporterosdelsur.org\/diario\/wp-content\/uploads\/2026\/09\/FGE-1-150x150.jpeg 150w, https:\/\/reporterosdelsur.org\/diario\/wp-content\/uploads\/2026\/09\/FGE-1-768x768.jpeg 768w, https:\/\/reporterosdelsur.org\/diario\/wp-content\/uploads\/2026\/09\/FGE-1-1536x1536.jpeg 1536w, https:\/\/reporterosdelsur.org\/diario\/wp-content\/uploads\/2026\/09\/FGE-1-600x600.jpeg 600w, https:\/\/reporterosdelsur.org\/diario\/wp-content\/uploads\/2026\/09\/FGE-1-465x465.jpeg 465w, https:\/\/reporterosdelsur.org\/diario\/wp-content\/uploads\/2026\/09\/FGE-1-500x500.jpeg 500w, https:\/\/reporterosdelsur.org\/diario\/wp-content\/uploads\/2026\/09\/FGE-1.jpeg 1600w\" sizes=\"auto, (max-width: 1024px) 100vw, 1024px\" \/><\/figure>\n\n\n\n<h3 class=\"wp-block-heading\">Sentencian a tres por homicidio en Macuspana<\/h3>\n\n\n\n<p class=\"wp-block-paragraph\">Por otro hecho, registrado en mayo de 2024 en el municipio de Macuspana, un Juez dict\u00f3 fallo condenatorio contra Anselmo \u201cN\u201d, Jos\u00e9 \u201cN\u201d y Emilio \u201cN\u201d.<\/p>\n\n\n\n<p class=\"wp-block-paragraph\">Los tres fueron sentenciados por el delito de <strong>homicidio simple cometido en autor\u00eda indeterminada<\/strong>.<\/p>\n\n\n\n<p class=\"wp-block-paragraph\">La pena impuesta fue de <strong>5 a\u00f1os y cuatro meses de prisi\u00f3n<\/strong>, adem\u00e1s del pago de la reparaci\u00f3n del da\u00f1o, amonestaci\u00f3n y suspensi\u00f3n de sus derechos pol\u00edticos.<\/p>\n\n\n\n<p class=\"wp-block-paragraph\">La Fiscal\u00eda estatal destac\u00f3 que las sentencias fueron obtenidas mediante los procedimientos judiciales correspondientes y reiter\u00f3 que continuar\u00e1 con las acciones de investigaci\u00f3n y judicializaci\u00f3n de los casos en los que existan elementos para determinar la probable responsabilidad de personas involucradas en hechos delictivos.<\/p>\n\n\n\n<p class=\"wp-block-paragraph\">Con estos fallos, la FGET se\u00f1al\u00f3 que se avanza en el esclarecimiento de hechos que afectaron la vida de personas en distintos municipios del estado y en la aplicaci\u00f3n de las sanciones establecidas por la legislaci\u00f3n.<\/p>\n","protected":false},"excerpt":{"rendered":"<p>La Fiscal\u00eda General del Estado de Tabasco obtuvo tres sentencias condenatorias por delitos de homicidio, con penas que van de 5 a\u00f1os 4 meses a 15 a\u00f1os de prisi\u00f3n, adem\u00e1s de la reparaci\u00f3n del da\u00f1o. TABASCO.\u2014 La Fiscal\u00eda General del Estado de Tabasco (FGET) inform\u00f3 la obtenci\u00f3n de tres sentencias<span class=\"more-link theme-more-link\"><a href=\"https:\/\/reporterosdelsur.org\/diario\/2026\/09\/dictan-hasta-15-anos-de-prision-por-homicidios-en-tenosique-y-macuspana\/\">Leer Nota Complete<\/a><\/span><\/p>\n","protected":false},"author":1,"featured_media":58742,"comment_status":"open","ping_status":"open","sticky":false,"template":"","format":"standard","meta":{"footnotes":"","jetpack_publicize_message":"","jetpack_publicize_feature_enabled":true,"jetpack_social_post_already_shared":true,"jetpack_social_options":{"image_generator_settings":{"template":"highway","default_image_id":0,"font":"","enabled":false},"version":2}},"categories":[2],"tags":[694,321,558,371,507,1355,491,38,372,132,459,333,34],"class_list":["entry","author-admin","post-58741","post","type-post","status-publish","format-standard","has-post-thumbnail","category-tabasco","tag-extorsion","tag-feminicidio","tag-fge-tabasco","tag-gn","tag-justicia","tag-llamadas-telefonicas","tag-marina","tag-noticias","tag-operativos","tag-secuestro","tag-sedena","tag-seguridad","tag-villahermosa"],"jetpack_publicize_connections":[],"featured_image_urls":{"full":["https:\/\/reporterosdelsur.org\/diario\/wp-content\/uploads\/2026\/09\/FGE-2.jpeg",1600,1600,false],"thumbnail":["https:\/\/reporterosdelsur.org\/diario\/wp-content\/uploads\/2026\/09\/FGE-2-150x150.jpeg",150,150,true],"medium":["https:\/\/reporterosdelsur.org\/diario\/wp-content\/uploads\/2026\/09\/FGE-2-300x300.jpeg",300,300,true],"medium_large":["https:\/\/reporterosdelsur.org\/diario\/wp-content\/uploads\/2026\/09\/FGE-2-768x768.jpeg",768,768,true],"large":["https:\/\/reporterosdelsur.org\/diario\/wp-content\/uploads\/2026\/09\/FGE-2-1024x1024.jpeg",1024,1024,true],"1536x1536":["https:\/\/reporterosdelsur.org\/diario\/wp-content\/uploads\/2026\/09\/FGE-2-1536x1536.jpeg",1536,1536,true],"2048x2048":["https:\/\/reporterosdelsur.org\/diario\/wp-content\/uploads\/2026\/09\/FGE-2.jpeg",1600,1600,false],"ultp_layout_landscape_large":["https:\/\/reporterosdelsur.org\/diario\/wp-content\/uploads\/2026\/09\/FGE-2-1200x800.jpeg",1200,800,true],"ultp_layout_landscape":["https:\/\/reporterosdelsur.org\/diario\/wp-content\/uploads\/2026\/09\/FGE-2-870x570.jpeg",870,570,true],"ultp_layout_portrait":["https:\/\/reporterosdelsur.org\/diario\/wp-content\/uploads\/2026\/09\/FGE-2-600x900.jpeg",600,900,true],"ultp_layout_square":["https:\/\/reporterosdelsur.org\/diario\/wp-content\/uploads\/2026\/09\/FGE-2-600x600.jpeg",600,600,true],"hoot-medium-thumb":["https:\/\/reporterosdelsur.org\/diario\/wp-content\/uploads\/2026\/09\/FGE-2-460x400.jpeg",460,400,true],"hoot-preview":["https:\/\/reporterosdelsur.org\/diario\/wp-content\/uploads\/2026\/09\/FGE-2-465x465.jpeg",465,465,true],"hoot-preview-thumb":["https:\/\/reporterosdelsur.org\/diario\/wp-content\/uploads\/2026\/09\/FGE-2-465x550.jpeg",465,550,true],"hoot-large-thumb":["https:\/\/reporterosdelsur.org\/diario\/wp-content\/uploads\/2026\/09\/FGE-2-690x550.jpeg",690,550,true],"hoot-preview-large":["https:\/\/reporterosdelsur.org\/diario\/wp-content\/uploads\/2026\/09\/FGE-2-500x500.jpeg",500,500,true],"hoot-wide-thumb":["https:\/\/reporterosdelsur.org\/diario\/wp-content\/uploads\/2026\/09\/FGE-2-920x425.jpeg",920,425,true],"hoot-extra-wide-thumb":["https:\/\/reporterosdelsur.org\/diario\/wp-content\/uploads\/2026\/09\/FGE-2-1035x425.jpeg",1035,425,true]},"author_info":{"display_name":"Reporteros del Sur","author_link":"https:\/\/reporterosdelsur.org\/diario\/author\/admin\/"},"category_info":"<a href=\"https:\/\/reporterosdelsur.org\/diario\/category\/tabasco\/\" rel=\"category tag\">Tabasco<\/a>","tag_info":"Tabasco","comment_count":"0","_links":{"self":[{"href":"https:\/\/reporterosdelsur.org\/diario\/wp-json\/wp\/v2\/posts\/58741","targetHints":{"allow":["GET"]}}],"collection":[{"href":"https:\/\/reporterosdelsur.org\/diario\/wp-json\/wp\/v2\/posts"}],"about":[{"href":"https:\/\/reporterosdelsur.org\/diario\/wp-json\/wp\/v2\/types\/post"}],"author":[{"embeddable":true,"href":"https:\/\/reporterosdelsur.org\/diario\/wp-json\/wp\/v2\/users\/1"}],"replies":[{"embeddable":true,"href":"https:\/\/reporterosdelsur.org\/diario\/wp-json\/wp\/v2\/comments?post=58741"}],"version-history":[{"count":1,"href":"https:\/\/reporterosdelsur.org\/diario\/wp-json\/wp\/v2\/posts\/58741\/revisions"}],"predecessor-version":[{"id":58745,"href":"https:\/\/reporterosdelsur.org\/diario\/wp-json\/wp\/v2\/posts\/58741\/revisions\/58745"}],"wp:featuredmedia":[{"embeddable":true,"href":"https:\/\/reporterosdelsur.org\/diario\/wp-json\/wp\/v2\/media\/58742"}],"wp:attachment":[{"href":"https:\/\/reporterosdelsur.org\/diario\/wp-json\/wp\/v2\/media?parent=58741"}],"wp:term":[{"taxonomy":"category","embeddable":true,"href":"https:\/\/reporterosdelsur.org\/diario\/wp-json\/wp\/v2\/categories?post=58741"},{"taxonomy":"post_tag","embeddable":true,"href":"https:\/\/reporterosdelsur.org\/diario\/wp-json\/wp\/v2\/tags?post=58741"}],"curies":[{"name":"wp","href":"https:\/\/api.w.org\/{rel}","templated":true}]}}