{"id":58736,"date":"2026-09-01T16:53:19","date_gmt":"2026-09-01T22:53:19","guid":{"rendered":"https:\/\/reporterosdelsur.org\/diario\/?p=58736"},"modified":"2026-09-01T19:12:45","modified_gmt":"2026-09-02T01:12:45","slug":"edison-garcia-renuncia-a-obras-publicas-de-paraiso-tras-detencion-y-cateo","status":"publish","type":"post","link":"https:\/\/reporterosdelsur.org\/diario\/2026\/09\/edison-garcia-renuncia-a-obras-publicas-de-paraiso-tras-detencion-y-cateo\/","title":{"rendered":"Edison Garc\u00eda renuncia a Obras P\u00fablicas de Para\u00edso tras detenci\u00f3n y cateo"},"content":{"rendered":"\n<p class=\"wp-block-paragraph\"><strong>El funcionario anunci\u00f3 su salida del Ayuntamiento para no interferir en las investigaciones que enfrenta; relat\u00f3 que permaneci\u00f3 cuatro d\u00edas detenido y que su abogado sostiene que durante el procedimiento se habr\u00edan vulnerado sus derechos humanos.<\/strong><\/p>\n\n\n\n<p class=\"wp-block-paragraph\"><strong>PARA\u00cdSO, TAB.\u2014<\/strong> Edison Garc\u00eda anunci\u00f3 su renuncia a la Direcci\u00f3n de Obras P\u00fablicas del Ayuntamiento de Para\u00edso, luego de relatar que permaneci\u00f3 cuatro d\u00edas detenido tras un cateo realizado en su domicilio y que, de acuerdo con su abogado, durante el procedimiento se habr\u00edan cometido violaciones a sus derechos humanos.<\/p>\n\n\n\n<p class=\"wp-block-paragraph\">Durante una entrevista con Telereportaje, Garc\u00eda explic\u00f3 que decidi\u00f3 separarse del cargo para evitar que su funci\u00f3n p\u00fablica interfiera con las investigaciones relacionadas con el procedimiento que enfrent\u00f3 y, al mismo tiempo, demostrar su inocencia.<\/p>\n\n\n\n<p class=\"wp-block-paragraph\">\u201cM\u00e1s que nada es para no entorpecer las investigaciones y demostrar que soy inocente\u201d, declar\u00f3.<\/p>\n\n\n\n<h2 class=\"wp-block-heading\">Relata operativo en su domicilio<\/h2>\n\n\n\n<p class=\"wp-block-paragraph\">El funcionario narr\u00f3 que el pasado 19 de agosto, alrededor de las 3:00 o 4:00 de la madrugada, escuch\u00f3 golpes en el exterior de su vivienda.<\/p>\n\n\n\n<p class=\"wp-block-paragraph\">\u201cYo escuchaba un golpeteo. Me despierto, ellos me dijeron: \u2018Es un cateo\u2019\u201d, relat\u00f3.<\/p>\n\n\n\n<p class=\"wp-block-paragraph\">Seg\u00fan su versi\u00f3n, abri\u00f3 el port\u00f3n y entre 10 y 14 personas ingresaron al inmueble, quienes se identificaron como elementos de la Fiscal\u00eda General de la Rep\u00fablica (FGR).<\/p>\n\n\n\n<p class=\"wp-block-paragraph\">Garc\u00eda afirm\u00f3 que durante el operativo su suegra, su hija y su esposa fueron instruidas para salir de la vivienda alrededor de las 5:00 de la ma\u00f1ana.<\/p>\n\n\n\n<p class=\"wp-block-paragraph\">El funcionario se\u00f1al\u00f3 que los agentes le preguntaron si ten\u00eda armas, a lo que respondi\u00f3 que s\u00ed, pero que contaba con los permisos correspondientes de la Secretar\u00eda de la Defensa Nacional (Sedena).<\/p>\n\n\n\n<figure class=\"wp-block-image size-full\"><img loading=\"lazy\" decoding=\"async\" width=\"518\" height=\"543\" src=\"https:\/\/reporterosdelsur.org\/diario\/wp-content\/uploads\/2026\/09\/Paraiso-1.jpg\" alt=\"\" class=\"wp-image-58738\" srcset=\"https:\/\/reporterosdelsur.org\/diario\/wp-content\/uploads\/2026\/09\/Paraiso-1.jpg 518w, https:\/\/reporterosdelsur.org\/diario\/wp-content\/uploads\/2026\/09\/Paraiso-1-286x300.jpg 286w, https:\/\/reporterosdelsur.org\/diario\/wp-content\/uploads\/2026\/09\/Paraiso-1-465x487.jpg 465w, https:\/\/reporterosdelsur.org\/diario\/wp-content\/uploads\/2026\/09\/Paraiso-1-477x500.jpg 477w\" sizes=\"auto, (max-width: 518px) 100vw, 518px\" \/><\/figure>\n\n\n\n<p class=\"wp-block-paragraph\">Tambi\u00e9n asegur\u00f3 que, al cuestionar el motivo del cateo, uno de los elementos le habr\u00eda respondido que se trataba de \u201cun asunto pol\u00edtico\u201d.<\/p>\n\n\n\n<p class=\"wp-block-paragraph\">Posteriormente, seg\u00fan su relato, la puerta principal de su domicilio qued\u00f3 sellada.<\/p>\n\n\n\n<h2 class=\"wp-block-heading\">Lo acusan de tener nueve cartuchos<\/h2>\n\n\n\n<p class=\"wp-block-paragraph\">Garc\u00eda explic\u00f3 que despu\u00e9s fue trasladado a las instalaciones de la Fiscal\u00eda, donde pregunt\u00f3 el motivo de su detenci\u00f3n.<\/p>\n\n\n\n<p class=\"wp-block-paragraph\">De acuerdo con su versi\u00f3n, una autoridad le inform\u00f3 que supuestamente hab\u00edan sido localizados nueve cartuchos de uso exclusivo del Ej\u00e9rcito.<\/p>\n\n\n\n<p class=\"wp-block-paragraph\">El funcionario neg\u00f3 tener conocimiento de dichos cartuchos y sostuvo que desconoc\u00eda su procedencia.<\/p>\n\n\n\n<p class=\"wp-block-paragraph\">Asimismo, relat\u00f3 que solicit\u00f3 comunicarse con sus hijos para poder contactar a un abogado, pero afirm\u00f3 que no tuvo oportunidad de hacerlo sino hasta aproximadamente las 9:30 de la noche.<\/p>\n\n\n\n<p class=\"wp-block-paragraph\">\u201cYo ped\u00ed hablarle a mis hijos para poder contactar un abogado. No me dieron oportunidad sino hasta las 9:30 de la noche es que llega mi abogado\u201d, declar\u00f3.<\/p>\n\n\n\n<h2 class=\"wp-block-heading\">Abogado denuncia presuntas violaciones<\/h2>\n\n\n\n<p class=\"wp-block-paragraph\">El abogado Adriano Guti\u00e9rrez Mier y Concha sostuvo que, desde su perspectiva, durante el procedimiento se acreditaron violaciones a los derechos humanos y constitucionales de su cliente.<\/p>\n\n\n\n<p class=\"wp-block-paragraph\">\u201cSe acredit\u00f3 que lo que ellos estaban haciendo era violaci\u00f3n a los derechos humanos y constitucionales del ingeniero\u201d, afirm\u00f3 durante la entrevista.<\/p>\n\n\n\n<figure class=\"wp-block-image size-full\"><img loading=\"lazy\" decoding=\"async\" width=\"1024\" height=\"683\" src=\"https:\/\/reporterosdelsur.org\/diario\/wp-content\/uploads\/2026\/09\/Paraiso-2.jpg\" alt=\"\" class=\"wp-image-58739\" srcset=\"https:\/\/reporterosdelsur.org\/diario\/wp-content\/uploads\/2026\/09\/Paraiso-2.jpg 1024w, https:\/\/reporterosdelsur.org\/diario\/wp-content\/uploads\/2026\/09\/Paraiso-2-300x200.jpg 300w, https:\/\/reporterosdelsur.org\/diario\/wp-content\/uploads\/2026\/09\/Paraiso-2-768x512.jpg 768w, https:\/\/reporterosdelsur.org\/diario\/wp-content\/uploads\/2026\/09\/Paraiso-2-465x310.jpg 465w, https:\/\/reporterosdelsur.org\/diario\/wp-content\/uploads\/2026\/09\/Paraiso-2-695x464.jpg 695w\" sizes=\"auto, (max-width: 1024px) 100vw, 1024px\" \/><\/figure>\n\n\n\n<p class=\"wp-block-paragraph\">El litigante se\u00f1al\u00f3 que durante el cateo no se habr\u00eda encontrado aquello que, seg\u00fan explic\u00f3, era el objetivo de la diligencia y que posteriormente las autoridades se\u00f1alaron el supuesto hallazgo de nueve cartuchos de uso exclusivo del Ej\u00e9rcito.<\/p>\n\n\n\n<p class=\"wp-block-paragraph\">Tambi\u00e9n cuestion\u00f3 que el procedimiento se hubiera realizado conforme a los t\u00e9rminos establecidos en la autorizaci\u00f3n judicial.<\/p>\n\n\n\n<p class=\"wp-block-paragraph\">\u201cLo que estaban haciendo no era lo que se le hab\u00eda autorizado por parte del juez en la orden de cateo\u201d, sostuvo.<\/p>\n\n\n\n<p class=\"wp-block-paragraph\">Sobre el hecho de que el domicilio continuara asegurado, el abogado explic\u00f3 que la Fiscal\u00eda tendr\u00eda la posibilidad de recurrir la resoluci\u00f3n judicial ante una segunda instancia, y afirm\u00f3 que eso habr\u00eda ocurrido.<\/p>\n\n\n\n<h2 class=\"wp-block-heading\">Garc\u00eda deja el estado tras ser liberado<\/h2>\n\n\n\n<p class=\"wp-block-paragraph\">El funcionario relat\u00f3 que, despu\u00e9s de recuperar su libertad, decidi\u00f3 abandonar temporalmente Tabasco debido a la afectaci\u00f3n emocional que le provoc\u00f3 lo sucedido.<\/p>\n\n\n\n<p class=\"wp-block-paragraph\">\u201cCuando a m\u00ed me liberan, yo me voy del estado, porque la verdad ando destrozado\u201d, expres\u00f3.<\/p>\n\n\n\n<p class=\"wp-block-paragraph\">Garc\u00eda, de 65 a\u00f1os, tambi\u00e9n habl\u00f3 sobre su trayectoria profesional y asegur\u00f3 que durante sus 33 a\u00f1os de servicio en Petr\u00f3leos Mexicanos (Pemex) no tuvo sanciones laborales.<\/p>\n\n\n\n<p class=\"wp-block-paragraph\">\u201cYo tengo 65 a\u00f1os y mi expediente limpiecito, 33 a\u00f1os en Pemex, ni una falta\u201d, declar\u00f3.<\/p>\n\n\n\n<p class=\"wp-block-paragraph\">Su abogado tambi\u00e9n se refiri\u00f3 al estado de salud del funcionario y se\u00f1al\u00f3 que present\u00f3 problemas relacionados con su presi\u00f3n arterial, por lo que habr\u00eda recibido recomendaciones m\u00e9dicas para mantenerse aislado y recuperarse.<\/p>\n\n\n\n<h2 class=\"wp-block-heading\">Confirma que es suplente de Alfonso Baca<\/h2>\n\n\n\n<p class=\"wp-block-paragraph\">Durante la entrevista, Garc\u00eda confirm\u00f3 que es el suplente del expresidente municipal de Para\u00edso, Alfonso Baca Sevilla, quien actualmente se encuentra separado del cargo.<\/p>\n\n\n\n<p class=\"wp-block-paragraph\">Ante la posibilidad de que la ausencia de Baca se convierta en definitiva, el abogado Guti\u00e9rrez Mier y Concha sostuvo que, bajo su interpretaci\u00f3n de la legislaci\u00f3n aplicable, corresponder\u00eda al suplente asumir la presidencia municipal.<\/p>\n\n\n\n<p class=\"wp-block-paragraph\">\u201cEn ese caso el suplente subir\u00eda\u201d, afirm\u00f3.<\/p>\n\n\n\n<p class=\"wp-block-paragraph\">Sin embargo, Garc\u00eda aclar\u00f3 que todav\u00eda no ha decidido si har\u00e1 valer esa condici\u00f3n.<\/p>\n\n\n\n<p class=\"wp-block-paragraph\">\u201cHasta ahorita todav\u00eda no he aterrizado eso\u201d, respondi\u00f3 al ser cuestionado sobre la posibilidad de asumir la Presidencia Municipal.<\/p>\n\n\n\n<p class=\"wp-block-paragraph\">Tambi\u00e9n dijo desconocer el paradero actual de Baca Sevilla.<\/p>\n\n\n\n<figure class=\"wp-block-image size-full\"><img loading=\"lazy\" decoding=\"async\" width=\"519\" height=\"653\" src=\"https:\/\/reporterosdelsur.org\/diario\/wp-content\/uploads\/2026\/09\/Paraiso3.jpg\" alt=\"\" class=\"wp-image-58737\" srcset=\"https:\/\/reporterosdelsur.org\/diario\/wp-content\/uploads\/2026\/09\/Paraiso3.jpg 519w, https:\/\/reporterosdelsur.org\/diario\/wp-content\/uploads\/2026\/09\/Paraiso3-238x300.jpg 238w, https:\/\/reporterosdelsur.org\/diario\/wp-content\/uploads\/2026\/09\/Paraiso3-437x550.jpg 437w, https:\/\/reporterosdelsur.org\/diario\/wp-content\/uploads\/2026\/09\/Paraiso3-397x500.jpg 397w\" sizes=\"auto, (max-width: 519px) 100vw, 519px\" \/><\/figure>\n\n\n\n<h2 class=\"wp-block-heading\">Sin definici\u00f3n sobre su futuro pol\u00edtico<\/h2>\n\n\n\n<p class=\"wp-block-paragraph\">Respecto a la alcaldesa interina Mar\u00eda Elisa Hern\u00e1ndez, Garc\u00eda record\u00f3 que anteriormente se desempe\u00f1aba como s\u00edndica de Hacienda y que manten\u00eda una relaci\u00f3n cercana con el equipo de Baca.<\/p>\n\n\n\n<p class=\"wp-block-paragraph\">Al ser cuestionado sobre si consideraba que Hern\u00e1ndez hab\u00eda traicionado al grupo pol\u00edtico del exalcalde, respondi\u00f3 que no lo sab\u00eda.<\/p>\n\n\n\n<p class=\"wp-block-paragraph\">Por ahora, la decisi\u00f3n inmediata de Garc\u00eda es separarse de la Direcci\u00f3n de Obras P\u00fablicas para no interferir en las investigaciones relacionadas con el procedimiento que enfrent\u00f3.<\/p>\n\n\n\n<p class=\"wp-block-paragraph\">Su eventual participaci\u00f3n en la sucesi\u00f3n de la Presidencia Municipal de Para\u00edso permanece sin definici\u00f3n, mientras las autoridades competentes deber\u00e1n determinar la situaci\u00f3n jur\u00eddica derivada del cateo, la detenci\u00f3n y los se\u00f1alamientos formulados por el funcionario y su defensa.<\/p>\n\n\n\n<p class=\"wp-block-paragraph\">Las acusaciones sobre presuntas violaciones a derechos humanos, irregularidades en el cateo y la supuesta posesi\u00f3n de cartuchos corresponden a versiones de Garc\u00eda y su abogado; hasta el momento, con la informaci\u00f3n disponible, no constituyen por s\u00ed mismas una determinaci\u00f3n judicial sobre responsabilidades.<\/p>\n","protected":false},"excerpt":{"rendered":"<p>El funcionario anunci\u00f3 su salida del Ayuntamiento para no interferir en las investigaciones que enfrenta; relat\u00f3 que permaneci\u00f3 cuatro d\u00edas detenido y que su abogado sostiene que durante el procedimiento se habr\u00edan vulnerado sus derechos humanos. PARA\u00cdSO, TAB.\u2014 Edison Garc\u00eda anunci\u00f3 su renuncia a la Direcci\u00f3n de Obras P\u00fablicas del<span class=\"more-link theme-more-link\"><a href=\"https:\/\/reporterosdelsur.org\/diario\/2026\/09\/edison-garcia-renuncia-a-obras-publicas-de-paraiso-tras-detencion-y-cateo\/\">Leer Nota Complete<\/a><\/span><\/p>\n","protected":false},"author":1,"featured_media":58737,"comment_status":"open","ping_status":"open","sticky":false,"template":"","format":"standard","meta":{"footnotes":"","jetpack_publicize_message":"","jetpack_publicize_feature_enabled":true,"jetpack_social_post_already_shared":true,"jetpack_social_options":{"image_generator_settings":{"template":"highway","default_image_id":0,"font":"","enabled":false},"version":2}},"categories":[6,2],"tags":[268,173,694,982,371,1355,491,38,372,411,132,459,333,34],"class_list":["entry","author-admin","post-58736","post","type-post","status-publish","format-standard","has-post-thumbnail","category-destacado","category-tabasco","tag-ayuntamiento","tag-corrupcion","tag-extorsion","tag-fgr-tabasco","tag-gn","tag-llamadas-telefonicas","tag-marina","tag-noticias","tag-operativos","tag-paraiso","tag-secuestro","tag-sedena","tag-seguridad","tag-villahermosa"],"jetpack_publicize_connections":[],"featured_image_urls":{"full":["https:\/\/reporterosdelsur.org\/diario\/wp-content\/uploads\/2026\/09\/Paraiso3.jpg",519,653,false],"thumbnail":["https:\/\/reporterosdelsur.org\/diario\/wp-content\/uploads\/2026\/09\/Paraiso3-150x150.jpg",150,150,true],"medium":["https:\/\/reporterosdelsur.org\/diario\/wp-content\/uploads\/2026\/09\/Paraiso3-238x300.jpg",238,300,true],"medium_large":["https:\/\/reporterosdelsur.org\/diario\/wp-content\/uploads\/2026\/09\/Paraiso3.jpg",519,653,false],"large":["https:\/\/reporterosdelsur.org\/diario\/wp-content\/uploads\/2026\/09\/Paraiso3.jpg",519,653,false],"1536x1536":["https:\/\/reporterosdelsur.org\/diario\/wp-content\/uploads\/2026\/09\/Paraiso3.jpg",519,653,false],"2048x2048":["https:\/\/reporterosdelsur.org\/diario\/wp-content\/uploads\/2026\/09\/Paraiso3.jpg",519,653,false],"ultp_layout_landscape_large":["https:\/\/reporterosdelsur.org\/diario\/wp-content\/uploads\/2026\/09\/Paraiso3.jpg",519,653,false],"ultp_layout_landscape":["https:\/\/reporterosdelsur.org\/diario\/wp-content\/uploads\/2026\/09\/Paraiso3-519x570.jpg",519,570,true],"ultp_layout_portrait":["https:\/\/reporterosdelsur.org\/diario\/wp-content\/uploads\/2026\/09\/Paraiso3.jpg",519,653,false],"ultp_layout_square":["https:\/\/reporterosdelsur.org\/diario\/wp-content\/uploads\/2026\/09\/Paraiso3-519x600.jpg",519,600,true],"hoot-medium-thumb":["https:\/\/reporterosdelsur.org\/diario\/wp-content\/uploads\/2026\/09\/Paraiso3-460x400.jpg",460,400,true],"hoot-preview":["https:\/\/reporterosdelsur.org\/diario\/wp-content\/uploads\/2026\/09\/Paraiso3-437x550.jpg",437,550,true],"hoot-preview-thumb":["https:\/\/reporterosdelsur.org\/diario\/wp-content\/uploads\/2026\/09\/Paraiso3-465x550.jpg",465,550,true],"hoot-large-thumb":["https:\/\/reporterosdelsur.org\/diario\/wp-content\/uploads\/2026\/09\/Paraiso3-519x550.jpg",519,550,true],"hoot-preview-large":["https:\/\/reporterosdelsur.org\/diario\/wp-content\/uploads\/2026\/09\/Paraiso3-397x500.jpg",397,500,true],"hoot-wide-thumb":["https:\/\/reporterosdelsur.org\/diario\/wp-content\/uploads\/2026\/09\/Paraiso3-519x425.jpg",519,425,true],"hoot-extra-wide-thumb":["https:\/\/reporterosdelsur.org\/diario\/wp-content\/uploads\/2026\/09\/Paraiso3-519x425.jpg",519,425,true]},"author_info":{"display_name":"Reporteros del Sur","author_link":"https:\/\/reporterosdelsur.org\/diario\/author\/admin\/"},"category_info":"<a href=\"https:\/\/reporterosdelsur.org\/diario\/category\/destacado\/\" rel=\"category tag\">Destacado<\/a> <a href=\"https:\/\/reporterosdelsur.org\/diario\/category\/tabasco\/\" rel=\"category tag\">Tabasco<\/a>","tag_info":"Tabasco","comment_count":"0","_links":{"self":[{"href":"https:\/\/reporterosdelsur.org\/diario\/wp-json\/wp\/v2\/posts\/58736","targetHints":{"allow":["GET"]}}],"collection":[{"href":"https:\/\/reporterosdelsur.org\/diario\/wp-json\/wp\/v2\/posts"}],"about":[{"href":"https:\/\/reporterosdelsur.org\/diario\/wp-json\/wp\/v2\/types\/post"}],"author":[{"embeddable":true,"href":"https:\/\/reporterosdelsur.org\/diario\/wp-json\/wp\/v2\/users\/1"}],"replies":[{"embeddable":true,"href":"https:\/\/reporterosdelsur.org\/diario\/wp-json\/wp\/v2\/comments?post=58736"}],"version-history":[{"count":1,"href":"https:\/\/reporterosdelsur.org\/diario\/wp-json\/wp\/v2\/posts\/58736\/revisions"}],"predecessor-version":[{"id":58740,"href":"https:\/\/reporterosdelsur.org\/diario\/wp-json\/wp\/v2\/posts\/58736\/revisions\/58740"}],"wp:featuredmedia":[{"embeddable":true,"href":"https:\/\/reporterosdelsur.org\/diario\/wp-json\/wp\/v2\/media\/58737"}],"wp:attachment":[{"href":"https:\/\/reporterosdelsur.org\/diario\/wp-json\/wp\/v2\/media?parent=58736"}],"wp:term":[{"taxonomy":"category","embeddable":true,"href":"https:\/\/reporterosdelsur.org\/diario\/wp-json\/wp\/v2\/categories?post=58736"},{"taxonomy":"post_tag","embeddable":true,"href":"https:\/\/reporterosdelsur.org\/diario\/wp-json\/wp\/v2\/tags?post=58736"}],"curies":[{"name":"wp","href":"https:\/\/api.w.org\/{rel}","templated":true}]}}